{"id":14448,"date":"2013-12-26T12:50:53","date_gmt":"2013-12-26T11:50:53","guid":{"rendered":"http:\/\/www.michael-schumacher.es\/noticias-f1\/?p=14448"},"modified":"2013-12-25T23:45:39","modified_gmt":"2013-12-25T22:45:39","slug":"david-coulthard-se-ha-casado","status":"publish","type":"post","link":"http:\/\/www.michael-schumacher.es\/noticias-f1\/2013\/12\/26\/david-coulthard-se-ha-casado\/","title":{"rendered":"David Coulthard se ha casado"},"content":{"rendered":"<p><a href=\"http:\/\/www.michael-schumacher.es\/noticias-f1\/wp-content\/uploads\/2012\/08\/David-Coulthard-Red-Bull-Racing-F1-NJ.jpg\"><img loading=\"lazy\" class=\"alignleft\" alt=\"David-Coulthard-Red-Bull-Racing-F1-NJ\" src=\"http:\/\/www.michael-schumacher.es\/noticias-f1\/wp-content\/uploads\/2012\/08\/David-Coulthard-Red-Bull-Racing-F1-NJ.jpg\" width=\"204\" height=\"137\" \/><\/a>Seg\u00fan dicen las informaciones de una fuente de Twynholm en Escocia, la ciudad natal de David Coulthard, el ex piloto de F1 habr\u00eda contra\u00eddo matrimonio el pasado mes el d\u00eda 13 de noviembre, en M\u00f3naco con su novia desde hace ocho a\u00f1os y con la que tiene un ni\u00f1o de cinco a\u00f1os llamado Dayton, la modelo Karen Minier.<\/p>\n<p><!--more--> <!--noteaser--><\/p>\n<p><a href=\"http:\/\/www.michael-schumacher.es\/noticias-f1\/wp-content\/uploads\/2012\/08\/David-Coulthard-Red-Bull-Racing-F1-NJ.jpg\"><img loading=\"lazy\" class=\"aligncenter size-full wp-image-2888\" alt=\"David-Coulthard-Red-Bull-Racing-F1-NJ\" src=\"http:\/\/www.michael-schumacher.es\/noticias-f1\/wp-content\/uploads\/2012\/08\/David-Coulthard-Red-Bull-Racing-F1-NJ.jpg\" width=\"594\" height=\"400\" srcset=\"http:\/\/www.michael-schumacher.es\/noticias-f1\/wp-content\/uploads\/2012\/08\/David-Coulthard-Red-Bull-Racing-F1-NJ.jpg 594w, http:\/\/www.michael-schumacher.es\/noticias-f1\/wp-content\/uploads\/2012\/08\/David-Coulthard-Red-Bull-Racing-F1-NJ-300x202.jpg 300w\" sizes=\"(max-width: 594px) 100vw, 594px\" \/><\/a><\/p>\n<p>&nbsp;<\/p>\n<p>Seg\u00fan dicen las informaciones de una fuente de Twynholm en Escocia, la ciudad natal de David Coulthard, el ex piloto de F1 habr\u00eda contra\u00eddo matrimonio el pasado mes el d\u00eda 13 de noviembre, en M\u00f3naco con su novia desde hace ocho a\u00f1os y con la que tiene un ni\u00f1o de cinco a\u00f1os llamado Dayton, la modelo Karen Minier.<\/p>\n<p>&nbsp;<\/p>\n<p>Aunque esta es un rumor, ya que la noticia no ha sido confirmada por la pareja, una fuente de la ciudad natal del piloto declara al peri\u00f3dico Daily Record, que Coulthard hab\u00eda organizado una boda privada completamente en secreto incluso para los padres del ex piloto, que acudieron a cuidar de su nieto sin sospechar que iban de boda: <strong>\u00abLo que se dice alrededor de la ciudad es que David hizo volar a sus padres Duncan y Joyce a M\u00f3naco y dijo que los necesitaba para cuidar a los ni\u00f1os. Pero cuando llegaron, David les sorprendi\u00f3 con una boda. Todo era muy reservado.\u201d<\/strong><\/p>\n<div class=\"sharedaddy sd-sharing-enabled\"><div class=\"robots-nocontent sd-block sd-social sd-social-official sd-sharing\"><h3 class=\"sd-title\">Opciones Sociales:<\/h3><div class=\"sd-content\"><ul><li class=\"share-facebook\"><div class=\"fb-share-button\" data-href=\"http:\/\/www.michael-schumacher.es\/noticias-f1\/2013\/12\/26\/david-coulthard-se-ha-casado\/\" data-layout=\"button_count\"><\/div><\/li><li class=\"share-twitter\"><a href=\"https:\/\/twitter.com\/share\" class=\"twitter-share-button\" data-url=\"http:\/\/www.michael-schumacher.es\/noticias-f1\/2013\/12\/26\/david-coulthard-se-ha-casado\/\" data-text=\"David Coulthard se ha casado\"  >Tweet<\/a><\/li><li class=\"share-email\"><a rel=\"nofollow noopener noreferrer\" data-shared=\"\" class=\"share-email sd-button\" href=\"http:\/\/www.michael-schumacher.es\/noticias-f1\/2013\/12\/26\/david-coulthard-se-ha-casado\/?share=email\" target=\"_blank\" title=\"Haz clic para enviar por correo electr\u00f3nico a un amigo\"><span>Correo electr\u00f3nico<\/span><\/a><\/li><li class=\"share-end\"><\/li><\/ul><\/div><\/div><\/div>","protected":false},"excerpt":{"rendered":"<p>Seg\u00fan dicen las informaciones de una fuente de Twynholm en Escocia, la ciudad natal de David Coulthard, el ex piloto de F1 habr\u00eda contra\u00eddo matrimonio el pasado mes el d\u00eda 13 de noviembre, en M\u00f3naco con su novia desde hace ocho a\u00f1os y con la que tiene un ni\u00f1o de cinco a\u00f1os llamado Dayton, la [&hellip;]<\/p>\n<div class=\"sharedaddy sd-sharing-enabled\"><div class=\"robots-nocontent sd-block sd-social sd-social-official sd-sharing\"><h3 class=\"sd-title\">Opciones Sociales:<\/h3><div class=\"sd-content\"><ul><li class=\"share-facebook\"><div class=\"fb-share-button\" data-href=\"http:\/\/www.michael-schumacher.es\/noticias-f1\/2013\/12\/26\/david-coulthard-se-ha-casado\/\" data-layout=\"button_count\"><\/div><\/li><li class=\"share-twitter\"><a href=\"https:\/\/twitter.com\/share\" class=\"twitter-share-button\" data-url=\"http:\/\/www.michael-schumacher.es\/noticias-f1\/2013\/12\/26\/david-coulthard-se-ha-casado\/\" data-text=\"David Coulthard se ha casado\"  >Tweet<\/a><\/li><li class=\"share-email\"><a rel=\"nofollow noopener noreferrer\" data-shared=\"\" class=\"share-email sd-button\" href=\"http:\/\/www.michael-schumacher.es\/noticias-f1\/2013\/12\/26\/david-coulthard-se-ha-casado\/?share=email\" target=\"_blank\" title=\"Haz clic para enviar por correo electr\u00f3nico a un amigo\"><span>Correo electr\u00f3nico<\/span><\/a><\/li><li class=\"share-end\"><\/li><\/ul><\/div><\/div><\/div>","protected":false},"author":3,"featured_media":0,"comment_status":"open","ping_status":"open","sticky":false,"template":"","format":"standard","meta":{"_monsterinsights_skip_tracking":false,"_monsterinsights_sitenote_active":false,"_monsterinsights_sitenote_note":"","_monsterinsights_sitenote_category":0,"spay_email":"","jetpack_publicize_message":"","jetpack_is_tweetstorm":false,"jetpack_publicize_feature_enabled":true},"categories":[3],"tags":[4658,2759,936,935,4660,2798,980,17,15,4662,4661,404,845,354,1597,4659],"jetpack_featured_media_url":"","jetpack_publicize_connections":[],"jetpack_sharing_enabled":true,"jetpack_shortlink":"https:\/\/wp.me\/p27q3P-3L2","_links":{"self":[{"href":"http:\/\/www.michael-schumacher.es\/noticias-f1\/wp-json\/wp\/v2\/posts\/14448"}],"collection":[{"href":"http:\/\/www.michael-schumacher.es\/noticias-f1\/wp-json\/wp\/v2\/posts"}],"about":[{"href":"http:\/\/www.michael-schumacher.es\/noticias-f1\/wp-json\/wp\/v2\/types\/post"}],"author":[{"embeddable":true,"href":"http:\/\/www.michael-schumacher.es\/noticias-f1\/wp-json\/wp\/v2\/users\/3"}],"replies":[{"embeddable":true,"href":"http:\/\/www.michael-schumacher.es\/noticias-f1\/wp-json\/wp\/v2\/comments?post=14448"}],"version-history":[{"count":0,"href":"http:\/\/www.michael-schumacher.es\/noticias-f1\/wp-json\/wp\/v2\/posts\/14448\/revisions"}],"wp:attachment":[{"href":"http:\/\/www.michael-schumacher.es\/noticias-f1\/wp-json\/wp\/v2\/media?parent=14448"}],"wp:term":[{"taxonomy":"category","embeddable":true,"href":"http:\/\/www.michael-schumacher.es\/noticias-f1\/wp-json\/wp\/v2\/categories?post=14448"},{"taxonomy":"post_tag","embeddable":true,"href":"http:\/\/www.michael-schumacher.es\/noticias-f1\/wp-json\/wp\/v2\/tags?post=14448"}],"curies":[{"name":"wp","href":"https:\/\/api.w.org\/{rel}","templated":true}]}}