{"id":14532,"date":"2014-01-08T11:27:35","date_gmt":"2014-01-08T10:27:35","guid":{"rendered":"http:\/\/www.michael-schumacher.es\/noticias-f1\/?p=14532"},"modified":"2014-01-08T00:42:58","modified_gmt":"2014-01-07T23:42:58","slug":"lotus-no-estara-con-el-e22-en-el-test-de-pretemporada-de-jerez","status":"publish","type":"post","link":"http:\/\/www.michael-schumacher.es\/noticias-f1\/2014\/01\/08\/lotus-no-estara-con-el-e22-en-el-test-de-pretemporada-de-jerez\/","title":{"rendered":"Lotus no estar\u00e1 con el E22 en el test de pretemporada de Jerez"},"content":{"rendered":"<p><a href=\"http:\/\/www.michael-schumacher.es\/noticias-f1\/wp-content\/uploads\/2013\/03\/romain-grosjean-test-2-bcn-2013-dia-2.jpg\"><img loading=\"lazy\" class=\"alignleft\" alt=\"romain-grosjean-test-2--bcn-2013-dia-2\" src=\"http:\/\/www.michael-schumacher.es\/noticias-f1\/wp-content\/uploads\/2013\/03\/romain-grosjean-test-2-bcn-2013-dia-2.jpg\" width=\"202\" height=\"124\" \/><\/a>El E22 no estar\u00e1 listo para los test de pretemporada en Jerez, el equipo considera que no es ideal para su buen desarrollo y construcci\u00f3n por lo que seguramente la presentaci\u00f3n de su nuevo monoplaza para 2014, ser\u00e1 antes de asistir a los test de Bahr\u00e9in, seg\u00fan ha declarado Nick Chester Director T\u00e9cnico de Lotus. Adem\u00e1s ha confirmado buenos progresos con los distintos test de homologaci\u00f3n anterior a la Navidad en las pruebas de impacto en el chasis y en el lateral y de choque trasero, por lo que solo les falta el test del morro para terminar la homologaci\u00f3n del coche.<\/p>\n<p><!--more--> <!--noteaser--><\/p>\n<p><a href=\"http:\/\/www.michael-schumacher.es\/noticias-f1\/wp-content\/uploads\/2013\/03\/romain-grosjean-test-2-bcn-2013-dia-2.jpg\"><img loading=\"lazy\" class=\"aligncenter size-full wp-image-8117\" alt=\"romain-grosjean-test-2--bcn-2013-dia-2\" src=\"http:\/\/www.michael-schumacher.es\/noticias-f1\/wp-content\/uploads\/2013\/03\/romain-grosjean-test-2-bcn-2013-dia-2.jpg\" width=\"650\" height=\"400\" srcset=\"http:\/\/www.michael-schumacher.es\/noticias-f1\/wp-content\/uploads\/2013\/03\/romain-grosjean-test-2-bcn-2013-dia-2.jpg 650w, http:\/\/www.michael-schumacher.es\/noticias-f1\/wp-content\/uploads\/2013\/03\/romain-grosjean-test-2-bcn-2013-dia-2-300x184.jpg 300w\" sizes=\"(max-width: 650px) 100vw, 650px\" \/><\/a><\/p>\n<p>&nbsp;<\/p>\n<p>&nbsp;<\/p>\n<p>El E22 no estar\u00e1 listo para los test de pretemporada en Jerez, el equipo considera que no es ideal para su buen desarrollo y construcci\u00f3n por lo que seguramente la presentaci\u00f3n de su nuevo monoplaza para 2014, ser\u00e1 antes de asistir a los test de Bahr\u00e9in, seg\u00fan ha declarado Nick Chester Director T\u00e9cnico de Lotus. Adem\u00e1s ha confirmado buenos progresos con los distintos test de homologaci\u00f3n anterior a la Navidad en las pruebas de impacto en el chasis y en el lateral y de choque trasero, por lo que solo les falta el test del morro para terminar la homologaci\u00f3n del coche.<\/p>\n<p>&nbsp;<\/p>\n<p>Nick Chester confirma que no revelar\u00e1n el coche en Jerez, ya que no asistir\u00e1n con el E22, por lo que lo probaran por primera vez en Bahr\u00e9in: <strong>\u201cTendremos a nuestro coche en secreto algo m\u00e1s de tiempo que algunos de los otros equipos. Hemos decidido que asistir a los test de Jerez no es ideal para nuestro plan de construcci\u00f3n y desarrollo. Probablemente desvelemos nuestro coche antes de asistir a los test de Bahr\u00e9in, y ser\u00e1 en Bahr\u00e9in cuando realmente deber\u00edamos ser capaces de poner el coche en marcha en condiciones representativas.\u201d<\/strong><\/p>\n<p>&nbsp;<\/p>\n<p>Chester tambi\u00e9n afirma que llevan un buen camino con sus progresos en el E22, Grosjean y Maldonado ya han podido probar sus cabinas y solo les quedan las pruebas de morro para la homologaci\u00f3n de la FIA: <strong>\u201cHemos llevado a cabo el ajuste de las cabinas para Romain Grosjean y para Pastor Maldonado. Ciertamente, nuestros socios que han podido ver el coche han demostrado estar muy impresionados con el dise\u00f1o y con diversas soluciones a los desaf\u00edos del nuevo reglamento. Hemos hecho muy buenos progresos con los distintos test de homologaci\u00f3n que se llevaron a cabo antes de Navidad incluyendo pruebas de deformaci\u00f3n por impacto en el chasis y en el lateral adem\u00e1s de la deformaci\u00f3n por choque trasero, lo que significa que nos queda por hacer el test del morro para completar la homologaci\u00f3n del coche\u201d.<\/strong><\/p>\n<p>&nbsp;<\/p>\n<p>Para Nick Chester la evoluci\u00f3n del E22 es positiva, aunque con la reserva de desconocer que hacen los dem\u00e1s equipo:\u00a0<strong> \u201cDesde nuestra perspectiva los n\u00fameros parecen prometedores y el desarrollo ha sido positivo. Dicho esto, estamos trabajando sin apenas saber lo que est\u00e1n haciendo los otros equipos. Este es el primer a\u00f1o con un reglamento radicalmente distinto lo que quiere decir que todos los equipos est\u00e1n desarrollando sus monoplazas a partir de ideas potencialmente bastante distintas. Para nuestros ingenieros resulta fascinante y espero que tambi\u00e9n lo sea para los aficionados. Creemos tener una muy buena soluci\u00f3n al desaf\u00edo y ojal\u00e1 que se pueda ver cuando el E22 ruede furioso.\u201d<\/strong><\/p>\n<div class=\"sharedaddy sd-sharing-enabled\"><div class=\"robots-nocontent sd-block sd-social sd-social-official sd-sharing\"><h3 class=\"sd-title\">Opciones Sociales:<\/h3><div class=\"sd-content\"><ul><li class=\"share-facebook\"><div class=\"fb-share-button\" data-href=\"http:\/\/www.michael-schumacher.es\/noticias-f1\/2014\/01\/08\/lotus-no-estara-con-el-e22-en-el-test-de-pretemporada-de-jerez\/\" data-layout=\"button_count\"><\/div><\/li><li class=\"share-twitter\"><a href=\"https:\/\/twitter.com\/share\" class=\"twitter-share-button\" data-url=\"http:\/\/www.michael-schumacher.es\/noticias-f1\/2014\/01\/08\/lotus-no-estara-con-el-e22-en-el-test-de-pretemporada-de-jerez\/\" data-text=\"Lotus no estar\u00e1 con el E22 en el test de pretemporada de Jerez\"  >Tweet<\/a><\/li><li class=\"share-email\"><a rel=\"nofollow noopener noreferrer\" data-shared=\"\" class=\"share-email sd-button\" href=\"http:\/\/www.michael-schumacher.es\/noticias-f1\/2014\/01\/08\/lotus-no-estara-con-el-e22-en-el-test-de-pretemporada-de-jerez\/?share=email\" target=\"_blank\" title=\"Haz clic para enviar por correo electr\u00f3nico a un amigo\"><span>Correo electr\u00f3nico<\/span><\/a><\/li><li class=\"share-end\"><\/li><\/ul><\/div><\/div><\/div>","protected":false},"excerpt":{"rendered":"<p>El E22 no estar\u00e1 listo para los test de pretemporada en Jerez, el equipo considera que no es ideal para su buen desarrollo y construcci\u00f3n por lo que seguramente la presentaci\u00f3n de su nuevo monoplaza para 2014, ser\u00e1 antes de asistir a los test de Bahr\u00e9in, seg\u00fan ha declarado Nick Chester Director T\u00e9cnico de Lotus. [&hellip;]<\/p>\n<div class=\"sharedaddy sd-sharing-enabled\"><div class=\"robots-nocontent sd-block sd-social sd-social-official sd-sharing\"><h3 class=\"sd-title\">Opciones Sociales:<\/h3><div class=\"sd-content\"><ul><li class=\"share-facebook\"><div class=\"fb-share-button\" data-href=\"http:\/\/www.michael-schumacher.es\/noticias-f1\/2014\/01\/08\/lotus-no-estara-con-el-e22-en-el-test-de-pretemporada-de-jerez\/\" data-layout=\"button_count\"><\/div><\/li><li class=\"share-twitter\"><a href=\"https:\/\/twitter.com\/share\" class=\"twitter-share-button\" data-url=\"http:\/\/www.michael-schumacher.es\/noticias-f1\/2014\/01\/08\/lotus-no-estara-con-el-e22-en-el-test-de-pretemporada-de-jerez\/\" data-text=\"Lotus no estar\u00e1 con el E22 en el test de pretemporada de Jerez\"  >Tweet<\/a><\/li><li class=\"share-email\"><a rel=\"nofollow noopener noreferrer\" data-shared=\"\" class=\"share-email sd-button\" href=\"http:\/\/www.michael-schumacher.es\/noticias-f1\/2014\/01\/08\/lotus-no-estara-con-el-e22-en-el-test-de-pretemporada-de-jerez\/?share=email\" target=\"_blank\" title=\"Haz clic para enviar por correo electr\u00f3nico a un amigo\"><span>Correo electr\u00f3nico<\/span><\/a><\/li><li class=\"share-end\"><\/li><\/ul><\/div><\/div><\/div>","protected":false},"author":3,"featured_media":0,"comment_status":"open","ping_status":"open","sticky":false,"template":"","format":"standard","meta":{"_monsterinsights_skip_tracking":false,"_monsterinsights_sitenote_active":false,"_monsterinsights_sitenote_note":"","_monsterinsights_sitenote_category":0,"spay_email":"","jetpack_publicize_message":"","jetpack_is_tweetstorm":false,"jetpack_publicize_feature_enabled":true},"categories":[3],"tags":[758,295,4692,381,17,15,3310,4695,657,26,4693,4691,2037,4694,645,238,215],"jetpack_featured_media_url":"","jetpack_publicize_connections":[],"jetpack_sharing_enabled":true,"jetpack_shortlink":"https:\/\/wp.me\/p27q3P-3Mo","_links":{"self":[{"href":"http:\/\/www.michael-schumacher.es\/noticias-f1\/wp-json\/wp\/v2\/posts\/14532"}],"collection":[{"href":"http:\/\/www.michael-schumacher.es\/noticias-f1\/wp-json\/wp\/v2\/posts"}],"about":[{"href":"http:\/\/www.michael-schumacher.es\/noticias-f1\/wp-json\/wp\/v2\/types\/post"}],"author":[{"embeddable":true,"href":"http:\/\/www.michael-schumacher.es\/noticias-f1\/wp-json\/wp\/v2\/users\/3"}],"replies":[{"embeddable":true,"href":"http:\/\/www.michael-schumacher.es\/noticias-f1\/wp-json\/wp\/v2\/comments?post=14532"}],"version-history":[{"count":0,"href":"http:\/\/www.michael-schumacher.es\/noticias-f1\/wp-json\/wp\/v2\/posts\/14532\/revisions"}],"wp:attachment":[{"href":"http:\/\/www.michael-schumacher.es\/noticias-f1\/wp-json\/wp\/v2\/media?parent=14532"}],"wp:term":[{"taxonomy":"category","embeddable":true,"href":"http:\/\/www.michael-schumacher.es\/noticias-f1\/wp-json\/wp\/v2\/categories?post=14532"},{"taxonomy":"post_tag","embeddable":true,"href":"http:\/\/www.michael-schumacher.es\/noticias-f1\/wp-json\/wp\/v2\/tags?post=14532"}],"curies":[{"name":"wp","href":"https:\/\/api.w.org\/{rel}","templated":true}]}}