{"id":14537,"date":"2014-01-08T14:02:40","date_gmt":"2014-01-08T13:02:40","guid":{"rendered":"http:\/\/www.michael-schumacher.es\/noticias-f1\/?p=14537"},"modified":"2014-01-08T02:16:08","modified_gmt":"2014-01-08T01:16:08","slug":"mclaren-anuncia-el-dia-de-la-presentacion-del-mp4-29","status":"publish","type":"post","link":"http:\/\/www.michael-schumacher.es\/noticias-f1\/2014\/01\/08\/mclaren-anuncia-el-dia-de-la-presentacion-del-mp4-29\/","title":{"rendered":"McLaren anuncia el d\u00eda de la presentaci\u00f3n del MP4-29"},"content":{"rendered":"<p><a href=\"http:\/\/www.michael-schumacher.es\/noticias-f1\/wp-content\/uploads\/2013\/01\/jenson-button-foto-cump.jpg\"><img loading=\"lazy\" class=\"alignleft\" alt=\"Jenson Button McLaren\" src=\"http:\/\/www.michael-schumacher.es\/noticias-f1\/wp-content\/uploads\/2013\/01\/jenson-button-foto-cump.jpg\" width=\"204\" height=\"113\" \/><\/a>McLaren har\u00e1 en internet una presentaci\u00f3n digital de su nuevo monoplaza a las 12:00, horario de Reino Unido. Las 13:00 horario de Espa\u00f1a. Tanto el coche, como dem\u00e1s material audiovisual, se podr\u00e1n ver en la web oficial del equipo y en sus redes sociales. El d\u00eda elegido para dicha presentaci\u00f3n es el 24 de enero para su MP4-29.<\/p>\n<p><!--more--> <!--noteaser--><\/p>\n<p><a href=\"http:\/\/www.michael-schumacher.es\/noticias-f1\/wp-content\/uploads\/2013\/01\/jenson-button-foto-cump.jpg\"><img loading=\"lazy\" class=\"aligncenter size-full wp-image-7511\" alt=\"Jenson Button McLaren\" src=\"http:\/\/www.michael-schumacher.es\/noticias-f1\/wp-content\/uploads\/2013\/01\/jenson-button-foto-cump.jpg\" width=\"650\" height=\"361\" srcset=\"http:\/\/www.michael-schumacher.es\/noticias-f1\/wp-content\/uploads\/2013\/01\/jenson-button-foto-cump.jpg 650w, http:\/\/www.michael-schumacher.es\/noticias-f1\/wp-content\/uploads\/2013\/01\/jenson-button-foto-cump-300x166.jpg 300w\" sizes=\"(max-width: 650px) 100vw, 650px\" \/><\/a><\/p>\n<p>&nbsp;<\/p>\n<p>McLaren har\u00e1 en internet una presentaci\u00f3n digital de su nuevo monoplaza a las 12:00, horario de Reino Unido. Las 13:00 horario de Espa\u00f1a. Tanto el coche, como dem\u00e1s material audiovisual, se podr\u00e1n ver en la web oficial del equipo y en sus redes sociales. El d\u00eda elegido para dicha presentaci\u00f3n es el 24 de enero para su MP4-29.<\/p>\n<p>&nbsp;<\/p>\n<p>Jenson Button y Kevin Magnussen son los pilotos que luchar\u00e1n por el \u00e9xito este a\u00f1o en McLaren a los mandos del nuevo MP4-29. Adem\u00e1s la temporada 2014 recordemos que ser\u00e1 la\u00a0 \u00faltima temporada que llevar\u00e1n un motor Mercedes, ya que desde el 2015 se pondr\u00e1 en marcha la nueva uni\u00f3n Honda \u2013 McLaren.<\/p>\n<p>&nbsp;<\/p>\n<p>McLaren ha comunicado la fecha y forma de la presentaci\u00f3n de su nuevo MP4-29, en la web oficial del equipo:<strong> \u201cVamos a revelar el MP4-29 durante una presentaci\u00f3n digital a las 12:00 del mediod\u00eda, hora del Reino Unido el viernes 24 de enero. El coche, adem\u00e1s de v\u00eddeos de apoyo y material editorial, estar\u00e1n disponibles para ver aqu\u00ed en el sitio web oficial de McLaren Mercedes, y a trav\u00e9s de todos nuestros canales de redes\u00a0 sociales. Al igual que aqu\u00ed en Facebook y en Twitter\u201d. <\/strong><\/p>\n<div class=\"sharedaddy sd-sharing-enabled\"><div class=\"robots-nocontent sd-block sd-social sd-social-official sd-sharing\"><h3 class=\"sd-title\">Opciones Sociales:<\/h3><div class=\"sd-content\"><ul><li class=\"share-facebook\"><div class=\"fb-share-button\" data-href=\"http:\/\/www.michael-schumacher.es\/noticias-f1\/2014\/01\/08\/mclaren-anuncia-el-dia-de-la-presentacion-del-mp4-29\/\" data-layout=\"button_count\"><\/div><\/li><li class=\"share-twitter\"><a href=\"https:\/\/twitter.com\/share\" class=\"twitter-share-button\" data-url=\"http:\/\/www.michael-schumacher.es\/noticias-f1\/2014\/01\/08\/mclaren-anuncia-el-dia-de-la-presentacion-del-mp4-29\/\" data-text=\"McLaren anuncia el d\u00eda de la presentaci\u00f3n del MP4-29\"  >Tweet<\/a><\/li><li class=\"share-email\"><a rel=\"nofollow noopener noreferrer\" data-shared=\"\" class=\"share-email sd-button\" href=\"http:\/\/www.michael-schumacher.es\/noticias-f1\/2014\/01\/08\/mclaren-anuncia-el-dia-de-la-presentacion-del-mp4-29\/?share=email\" target=\"_blank\" title=\"Haz clic para enviar por correo electr\u00f3nico a un amigo\"><span>Correo electr\u00f3nico<\/span><\/a><\/li><li class=\"share-end\"><\/li><\/ul><\/div><\/div><\/div>","protected":false},"excerpt":{"rendered":"<p>McLaren har\u00e1 en internet una presentaci\u00f3n digital de su nuevo monoplaza a las 12:00, horario de Reino Unido. Las 13:00 horario de Espa\u00f1a. Tanto el coche, como dem\u00e1s material audiovisual, se podr\u00e1n ver en la web oficial del equipo y en sus redes sociales. El d\u00eda elegido para dicha presentaci\u00f3n es el 24 de enero [&hellip;]<\/p>\n<div class=\"sharedaddy sd-sharing-enabled\"><div class=\"robots-nocontent sd-block sd-social sd-social-official sd-sharing\"><h3 class=\"sd-title\">Opciones Sociales:<\/h3><div class=\"sd-content\"><ul><li class=\"share-facebook\"><div class=\"fb-share-button\" data-href=\"http:\/\/www.michael-schumacher.es\/noticias-f1\/2014\/01\/08\/mclaren-anuncia-el-dia-de-la-presentacion-del-mp4-29\/\" data-layout=\"button_count\"><\/div><\/li><li class=\"share-twitter\"><a href=\"https:\/\/twitter.com\/share\" class=\"twitter-share-button\" data-url=\"http:\/\/www.michael-schumacher.es\/noticias-f1\/2014\/01\/08\/mclaren-anuncia-el-dia-de-la-presentacion-del-mp4-29\/\" data-text=\"McLaren anuncia el d\u00eda de la presentaci\u00f3n del MP4-29\"  >Tweet<\/a><\/li><li class=\"share-email\"><a rel=\"nofollow noopener noreferrer\" data-shared=\"\" class=\"share-email sd-button\" href=\"http:\/\/www.michael-schumacher.es\/noticias-f1\/2014\/01\/08\/mclaren-anuncia-el-dia-de-la-presentacion-del-mp4-29\/?share=email\" target=\"_blank\" title=\"Haz clic para enviar por correo electr\u00f3nico a un amigo\"><span>Correo electr\u00f3nico<\/span><\/a><\/li><li class=\"share-end\"><\/li><\/ul><\/div><\/div><\/div>","protected":false},"author":3,"featured_media":0,"comment_status":"open","ping_status":"open","sticky":false,"template":"","format":"standard","meta":{"_monsterinsights_skip_tracking":false,"_monsterinsights_sitenote_active":false,"_monsterinsights_sitenote_note":"","_monsterinsights_sitenote_category":0,"spay_email":"","jetpack_publicize_message":"","jetpack_is_tweetstorm":false,"jetpack_publicize_feature_enabled":true},"categories":[3],"tags":[758,3548,4699,2122,381,17,2669,15,2172,138,551,3684,1342,1616,238,1280,2658],"jetpack_featured_media_url":"","jetpack_publicize_connections":[],"jetpack_sharing_enabled":true,"jetpack_shortlink":"https:\/\/wp.me\/p27q3P-3Mt","_links":{"self":[{"href":"http:\/\/www.michael-schumacher.es\/noticias-f1\/wp-json\/wp\/v2\/posts\/14537"}],"collection":[{"href":"http:\/\/www.michael-schumacher.es\/noticias-f1\/wp-json\/wp\/v2\/posts"}],"about":[{"href":"http:\/\/www.michael-schumacher.es\/noticias-f1\/wp-json\/wp\/v2\/types\/post"}],"author":[{"embeddable":true,"href":"http:\/\/www.michael-schumacher.es\/noticias-f1\/wp-json\/wp\/v2\/users\/3"}],"replies":[{"embeddable":true,"href":"http:\/\/www.michael-schumacher.es\/noticias-f1\/wp-json\/wp\/v2\/comments?post=14537"}],"version-history":[{"count":0,"href":"http:\/\/www.michael-schumacher.es\/noticias-f1\/wp-json\/wp\/v2\/posts\/14537\/revisions"}],"wp:attachment":[{"href":"http:\/\/www.michael-schumacher.es\/noticias-f1\/wp-json\/wp\/v2\/media?parent=14537"}],"wp:term":[{"taxonomy":"category","embeddable":true,"href":"http:\/\/www.michael-schumacher.es\/noticias-f1\/wp-json\/wp\/v2\/categories?post=14537"},{"taxonomy":"post_tag","embeddable":true,"href":"http:\/\/www.michael-schumacher.es\/noticias-f1\/wp-json\/wp\/v2\/tags?post=14537"}],"curies":[{"name":"wp","href":"https:\/\/api.w.org\/{rel}","templated":true}]}}