{"id":14550,"date":"2014-01-09T13:02:58","date_gmt":"2014-01-09T12:02:58","guid":{"rendered":"http:\/\/www.michael-schumacher.es\/noticias-f1\/?p=14550"},"modified":"2014-01-09T02:21:56","modified_gmt":"2014-01-09T01:21:56","slug":"cinco-ex-pilotos-de-formula-1-interesados-en-correr-en-formula-e","status":"publish","type":"post","link":"http:\/\/www.michael-schumacher.es\/noticias-f1\/2014\/01\/09\/cinco-ex-pilotos-de-formula-1-interesados-en-correr-en-formula-e\/","title":{"rendered":"Cinco ex pilotos de F\u00f3rmula 1 interesados en correr en F\u00f3rmula E"},"content":{"rendered":"<p><a href=\"http:\/\/www.michael-schumacher.es\/noticias-f1\/wp-content\/uploads\/2014\/01\/formula_e-presentacion-usa.jpg\"><img loading=\"lazy\" class=\"alignleft\" alt=\"formula_e-presentacion-usa\" src=\"http:\/\/www.michael-schumacher.es\/noticias-f1\/wp-content\/uploads\/2014\/01\/formula_e-presentacion-usa.jpg\" width=\"200\" height=\"133\" \/><\/a>Cinco ex pilotos de F\u00f3rmula 1 est\u00e1n interesados en correr en la F\u00f3rmula E, el nuevo campeonato del sistema de propulsi\u00f3n completamente el\u00e9ctrica que se pone en marcha en septiembre de este a\u00f1o, para lo que tambi\u00e9n han creado el Club de Pilotos, donde ya hay cinco ex pilotos interesados en este nuevo proyecto que pretende tener una gran relevancia y correr por todo el mundo.<\/p>\n<p><!--more--> <!--noteaser--><\/p>\n<p><a href=\"http:\/\/www.michael-schumacher.es\/noticias-f1\/wp-content\/uploads\/2014\/01\/formula_e-presentacion-usa.jpg\"><img loading=\"lazy\" class=\"aligncenter size-full wp-image-14552\" alt=\"formula_e-presentacion-usa\" src=\"http:\/\/www.michael-schumacher.es\/noticias-f1\/wp-content\/uploads\/2014\/01\/formula_e-presentacion-usa.jpg\" width=\"650\" height=\"434\" srcset=\"http:\/\/www.michael-schumacher.es\/noticias-f1\/wp-content\/uploads\/2014\/01\/formula_e-presentacion-usa.jpg 650w, http:\/\/www.michael-schumacher.es\/noticias-f1\/wp-content\/uploads\/2014\/01\/formula_e-presentacion-usa-300x200.jpg 300w\" sizes=\"(max-width: 650px) 100vw, 650px\" \/><\/a><\/p>\n<p>&nbsp;<\/p>\n<p>&nbsp;<\/p>\n<p>Cinco ex pilotos de F\u00f3rmula 1 est\u00e1n interesados en correr en la F\u00f3rmula E, el nuevo campeonato del sistema de propulsi\u00f3n completamente el\u00e9ctrica que se pone en marcha en septiembre de este a\u00f1o, para lo que tambi\u00e9n han creado el Club de Pilotos, donde ya hay cinco ex pilotos interesados en este nuevo proyecto que pretende tener una gran relevancia y correr por todo el mundo.<\/p>\n<p>&nbsp;<\/p>\n<p>Y este club de pilotos de F\u00f3rmula E, cuenta con cinco ex pilotos de F1 que son: S\u00e9bastien Buemi , Karun Chandhok , Vitantonio Liuzzi , Lucas di Grassi y Takuma Sato. Los cinco tienen el deseo de participar en esta nueva categor\u00eda, aunque para ello necesitan ser contratados por alguno de los equipos que van a participar en dicho Campeonato.<\/p>\n<p>&nbsp;<\/p>\n<p>Adem\u00e1s de los cinco ex pilotos de F\u00f3rmula 1, tambi\u00e9n est\u00e1n interesados en el club de pilotos para participar en la nueva Formula E otros pilotos de otras categor\u00edas como Marco Andretti de IndyCar\u00a0 y Adrien Tambay de DTM.<\/p>\n<p>&nbsp;<\/p>\n<p>Alejandro Agag, empresario y presidente de Formula-e Holdings principal promotor del proyecto de Formula E, ha anunciado la creaci\u00f3n del Club de pilotos:<strong> \u201cEstamos encantados de comenzar este nuevo a\u00f1o, que es, obviamente, muy importante para la F\u00f3rmula E, con una nota positiva con el anuncio de la creaci\u00f3n del club de pilotos.\u201d<\/strong><\/p>\n<p>&nbsp;<\/p>\n<p>Agag tambi\u00e9n ha explicado que aunque no pueden confirmar a ning\u00fan piloto ya que son los equipos los que decidir\u00e1n a quien contratan, esperan tener una gama de opciones entre los mejores pilotos: <strong>\u201cDesde el principio, hemos creado el campeonato con el objetivo de ofrecer una gran competici\u00f3n a los aficionados a las carreras de todo el mundo, y para lograr esto se precisan pilotos de alto calibre. Ahora que anunciamos los 10 equipos Todo el mundo est\u00e1 ansioso por saber qui\u00e9nes ser\u00e1n los pilotos. Por supuesto, no podemos confirmar los pilotos por ahora, ya que cada equipo debe hacer su elecci\u00f3n. Sin embargo, esperamos poder ofrecer una gama de opciones entre los mejores pilotos internacionales. Queremos mantener nuestra promesa de ofrecer carreras de cerca en el coraz\u00f3n de los grandes centros urbanos de todo el mundo. Esperamos tambi\u00e9n que este club va a mostrar a los fans, en canales de televisi\u00f3n y a los potenciales patrocinadores que la F\u00f3rmula E atrae, adem\u00e1s del nivel de competitividad y pilotos que se podr\u00e1 ver en septiembre\u201d.<\/strong><\/p>\n<div class=\"sharedaddy sd-sharing-enabled\"><div class=\"robots-nocontent sd-block sd-social sd-social-official sd-sharing\"><h3 class=\"sd-title\">Opciones Sociales:<\/h3><div class=\"sd-content\"><ul><li class=\"share-facebook\"><div class=\"fb-share-button\" data-href=\"http:\/\/www.michael-schumacher.es\/noticias-f1\/2014\/01\/09\/cinco-ex-pilotos-de-formula-1-interesados-en-correr-en-formula-e\/\" data-layout=\"button_count\"><\/div><\/li><li class=\"share-twitter\"><a href=\"https:\/\/twitter.com\/share\" class=\"twitter-share-button\" data-url=\"http:\/\/www.michael-schumacher.es\/noticias-f1\/2014\/01\/09\/cinco-ex-pilotos-de-formula-1-interesados-en-correr-en-formula-e\/\" data-text=\"Cinco ex pilotos de F\u00f3rmula 1 interesados en correr en F\u00f3rmula E \"  >Tweet<\/a><\/li><li class=\"share-email\"><a rel=\"nofollow noopener noreferrer\" data-shared=\"\" class=\"share-email sd-button\" href=\"http:\/\/www.michael-schumacher.es\/noticias-f1\/2014\/01\/09\/cinco-ex-pilotos-de-formula-1-interesados-en-correr-en-formula-e\/?share=email\" target=\"_blank\" title=\"Haz clic para enviar por correo electr\u00f3nico a un amigo\"><span>Correo electr\u00f3nico<\/span><\/a><\/li><li class=\"share-end\"><\/li><\/ul><\/div><\/div><\/div>","protected":false},"excerpt":{"rendered":"<p>Cinco ex pilotos de F\u00f3rmula 1 est\u00e1n interesados en correr en la F\u00f3rmula E, el nuevo campeonato del sistema de propulsi\u00f3n completamente el\u00e9ctrica que se pone en marcha en septiembre de este a\u00f1o, para lo que tambi\u00e9n han creado el Club de Pilotos, donde ya hay cinco ex pilotos interesados en este nuevo proyecto que [&hellip;]<\/p>\n<div class=\"sharedaddy sd-sharing-enabled\"><div class=\"robots-nocontent sd-block sd-social sd-social-official sd-sharing\"><h3 class=\"sd-title\">Opciones Sociales:<\/h3><div class=\"sd-content\"><ul><li class=\"share-facebook\"><div class=\"fb-share-button\" data-href=\"http:\/\/www.michael-schumacher.es\/noticias-f1\/2014\/01\/09\/cinco-ex-pilotos-de-formula-1-interesados-en-correr-en-formula-e\/\" data-layout=\"button_count\"><\/div><\/li><li class=\"share-twitter\"><a href=\"https:\/\/twitter.com\/share\" class=\"twitter-share-button\" data-url=\"http:\/\/www.michael-schumacher.es\/noticias-f1\/2014\/01\/09\/cinco-ex-pilotos-de-formula-1-interesados-en-correr-en-formula-e\/\" data-text=\"Cinco ex pilotos de F\u00f3rmula 1 interesados en correr en F\u00f3rmula E \"  >Tweet<\/a><\/li><li class=\"share-email\"><a rel=\"nofollow noopener noreferrer\" data-shared=\"\" class=\"share-email sd-button\" href=\"http:\/\/www.michael-schumacher.es\/noticias-f1\/2014\/01\/09\/cinco-ex-pilotos-de-formula-1-interesados-en-correr-en-formula-e\/?share=email\" target=\"_blank\" title=\"Haz clic para enviar por correo electr\u00f3nico a un amigo\"><span>Correo electr\u00f3nico<\/span><\/a><\/li><li class=\"share-end\"><\/li><\/ul><\/div><\/div><\/div>","protected":false},"author":3,"featured_media":0,"comment_status":"open","ping_status":"open","sticky":false,"template":"","format":"standard","meta":{"_monsterinsights_skip_tracking":false,"_monsterinsights_sitenote_active":false,"_monsterinsights_sitenote_note":"","_monsterinsights_sitenote_category":0,"spay_email":"","jetpack_publicize_message":"","jetpack_is_tweetstorm":false,"jetpack_publicize_feature_enabled":true},"categories":[3],"tags":[544,4701,4703,4704,1341,256,4702,17,4700,15,1208,4705,1111,216,805,702,3409,4706],"jetpack_featured_media_url":"","jetpack_publicize_connections":[],"jetpack_sharing_enabled":true,"jetpack_shortlink":"https:\/\/wp.me\/p27q3P-3MG","_links":{"self":[{"href":"http:\/\/www.michael-schumacher.es\/noticias-f1\/wp-json\/wp\/v2\/posts\/14550"}],"collection":[{"href":"http:\/\/www.michael-schumacher.es\/noticias-f1\/wp-json\/wp\/v2\/posts"}],"about":[{"href":"http:\/\/www.michael-schumacher.es\/noticias-f1\/wp-json\/wp\/v2\/types\/post"}],"author":[{"embeddable":true,"href":"http:\/\/www.michael-schumacher.es\/noticias-f1\/wp-json\/wp\/v2\/users\/3"}],"replies":[{"embeddable":true,"href":"http:\/\/www.michael-schumacher.es\/noticias-f1\/wp-json\/wp\/v2\/comments?post=14550"}],"version-history":[{"count":0,"href":"http:\/\/www.michael-schumacher.es\/noticias-f1\/wp-json\/wp\/v2\/posts\/14550\/revisions"}],"wp:attachment":[{"href":"http:\/\/www.michael-schumacher.es\/noticias-f1\/wp-json\/wp\/v2\/media?parent=14550"}],"wp:term":[{"taxonomy":"category","embeddable":true,"href":"http:\/\/www.michael-schumacher.es\/noticias-f1\/wp-json\/wp\/v2\/categories?post=14550"},{"taxonomy":"post_tag","embeddable":true,"href":"http:\/\/www.michael-schumacher.es\/noticias-f1\/wp-json\/wp\/v2\/tags?post=14550"}],"curies":[{"name":"wp","href":"https:\/\/api.w.org\/{rel}","templated":true}]}}