{"id":14668,"date":"2014-01-22T12:48:41","date_gmt":"2014-01-22T11:48:41","guid":{"rendered":"http:\/\/www.michael-schumacher.es\/noticias-f1\/?p=14668"},"modified":"2014-01-22T02:10:32","modified_gmt":"2014-01-22T01:10:32","slug":"caterham-anuncia-su-alineacion-de-pilotos-para-2014","status":"publish","type":"post","link":"http:\/\/www.michael-schumacher.es\/noticias-f1\/2014\/01\/22\/caterham-anuncia-su-alineacion-de-pilotos-para-2014\/","title":{"rendered":"Caterham anuncia su alineaci\u00f3n de pilotos para 2014"},"content":{"rendered":"<p><a href=\"http:\/\/www.michael-schumacher.es\/noticias-f1\/wp-content\/uploads\/2013\/01\/caterham-f1-team-logo.jpg\"><img loading=\"lazy\" class=\"alignleft\" alt=\"Caterham Logo\" src=\"http:\/\/www.michael-schumacher.es\/noticias-f1\/wp-content\/uploads\/2013\/01\/caterham-f1-team-logo.jpg\" width=\"203\" height=\"143\" \/><\/a>El equipo Caterham por fin, tras la m\u00e1s larga espera ha anunciado la alineaci\u00f3n de pilotos para la pr\u00f3xima temporada, Kaumi Kobayashi el piloto Japon\u00e9s regresa a la F1 de mano de Caterham y su compa\u00f1ero ser\u00e1 el\u00a0 novato Marcus Ericsson, con ambos pilotos el equipo espera lograr sus objetivos para el 2014.<\/p>\n<p><!--more--> <!--noteaser--><\/p>\n<p><a href=\"http:\/\/www.michael-schumacher.es\/noticias-f1\/wp-content\/uploads\/2013\/01\/caterham-f1-team-logo.jpg\"><img loading=\"lazy\" class=\"aligncenter size-full wp-image-7540\" alt=\"Caterham Logo\" src=\"http:\/\/www.michael-schumacher.es\/noticias-f1\/wp-content\/uploads\/2013\/01\/caterham-f1-team-logo.jpg\" width=\"650\" height=\"459\" srcset=\"http:\/\/www.michael-schumacher.es\/noticias-f1\/wp-content\/uploads\/2013\/01\/caterham-f1-team-logo.jpg 650w, http:\/\/www.michael-schumacher.es\/noticias-f1\/wp-content\/uploads\/2013\/01\/caterham-f1-team-logo-300x211.jpg 300w\" sizes=\"(max-width: 650px) 100vw, 650px\" \/><\/a><\/p>\n<p>&nbsp;<\/p>\n<p>El equipo Caterham por fin, tras la m\u00e1s larga espera ha anunciado la alineaci\u00f3n de pilotos para la pr\u00f3xima temporada, Kaumi Kobayashi el piloto Japon\u00e9s regresa a la F1 de mano de Caterham y su compa\u00f1ero ser\u00e1 el\u00a0 novato Marcus Ericsson, con ambos pilotos el equipo espera lograr sus objetivos para el 2014.<\/p>\n<p>&nbsp;<\/p>\n<p>Con este anuncio el equipo de Tony Fernandes, dice adi\u00f3s a Charles Pic y Van der Garde. Y ponen sus esperanzas y el futuro de la pr\u00f3xima temporada en un d\u00fao formado por un piloto experimentado como Kamui Kobayashi, y un piloto novato Marcus Ericsson, procedente de la GP2.<\/p>\n<p>&nbsp;<\/p>\n<p>Ambos pilotos han expresado su alegr\u00eda por formar parte del equipo Caterham para el 2014, en declaraciones publicadas en la p\u00e1gina web oficial del equipo:<\/p>\n<p>&nbsp;<\/p>\n<p><strong>Kamui Kobayashi:<\/strong> <em>\u201cEs una gran sensaci\u00f3n estar de vuelta como un piloto de carreras de F1 y estoy realmente satisfecho que sea con Caterham F1 Team Hemos estado hablando con Cyril y Tony desde el a\u00f1o pasado acerca de la conducci\u00f3n del equipo para el 2014 y m\u00e1s all\u00e1. A lo largo de todas nuestras discusiones que he estado muy impresionado con el lugar donde quieren llevar el equipo y la cantidad de la inversi\u00f3n se ha hecho ya para ayudar a alcanzar sus metas. Para m\u00ed es un gran honor que el equipo me contrat\u00f3 en funci\u00f3n del valor que traer en t\u00e9rminos de carreras y la experiencia que tengo. Estoy muy feliz de ser capaz de hacer este anuncio hoy. Har\u00e9 mi mejor esfuerzo para llevar al equipo y trabajar tan duro como sea posible para lograr nuestros objetivos.<\/em><\/p>\n<p><em>Tambi\u00e9n quiero dar las gracias especialmente a todos los fans que han hecho donaciones para apoyar KAMUI. Sus donaciones y gestos me dieron la fuerza adicional para volver\u00a0 al combate y estoy muy satisfecho de que el dinero que recaudaron no s\u00f3lo me ayud\u00f3 sino que ahora van para ayudar al progreso de Caterham este a\u00f1o. Todos y cada uno de ustedes que ayudaron con\u00a0<em>APOYO A<\/em> KAMUI competir\u00e1n conmigo en 2014 y eso me hace estar muy orgulloso.<\/em><\/p>\n<p><em>La primera vez que visit\u00e9 la f\u00e1brica en Leafield justo antes de Navidad y est\u00e1 claro cu\u00e1nta hambre\u00a0 tiene todo el equipo de progresar. El a\u00f1o pasado fue una temporada dif\u00edcil, pero las nuevas reglas de este a\u00f1o hacen que todo el mundo en la F1 est\u00e1 empezando de nuevo y, eso significa que todo el mundo tiene una oportunidad para mejorar. Por lo que he visto, Caterham ahora tiene todo en su lugar para el progreso de este a\u00f1o y durante muchas temporadas.<\/em><\/p>\n<p><em>Todos somos realistas acerca de lo que realmente se puede lograr este a\u00f1o y hasta que probemos el coche correctamente en las pruebas todav\u00eda es demasiado pronto para ver d\u00f3nde estamos en comparaci\u00f3n con los otros equipos, pero pase lo que pase, tenemos que avanzar este a\u00f1o. Para m\u00ed, es la oportunidad de comenzar de nuevo con un nuevo equipo, pero uno que es serio acerca del progreso. Para el equipo de 2014 es la primera oportunidad de demostrar lo que pueden hacer con todas las personas y las infraestructuras que han construido en Leafield desde que se mud\u00f3 all\u00ed en 2012.<\/em><\/p>\n<p><em>No puedo esperar para empezar a trabajar de nuevo. Una de las ventajas de hacer este anuncio tan cerca del comienzo de las pruebas significa que s\u00f3lo tengo unos d\u00edas que esperar a volver a la pista! Antes de eso voy a estar tanto como sea posible en la f\u00e1brica, trabajando en el simulador y con todo el mundo all\u00ed para preparar todo lo que podamos las pruebas en Jerez y Bahrein. F\u00edsica y mentalmente estoy totalmente preparado, ahora s\u00f3lo quiero volver al trabajo!\u201d<\/em><\/p>\n<p>&nbsp;<\/p>\n<p><strong>Marcus Ericsson:<\/strong> <em>\u201dEste es un d\u00eda de mucho orgullo para m\u00ed y todos los que han ayudado a hacer mi sue\u00f1o realidad F1 Voy a dar el salto a la F1 con Caterham F1 Team en 2014 y ya estoy emocionado por la pr\u00f3xima temporada. , y la primera carrera en Australia, en particular. Obviamente es genial para Suecia tener un piloto sueco de nuevo en la parrilla en 2014. Esto es lo que he estado trabajando durante desde que empec\u00e9 a competir con karts cuando ten\u00eda nueve a\u00f1os de edad, y ahora s\u00e9 que estoy listo para el salto a la F1.\u00a0 Caterham es un equipo joven y juntos podemos asumir los retos que las nuevas reglas que se presentan en 2014 &#8211; aprender juntos y seguir desarrollando conforme avanza la temporada.<\/em><\/p>\n<p><em>Despu\u00e9s de un buen descanso en casa durante la Navidad, el trabajo duro ya ha comenzado. Mi condici\u00f3n f\u00edsica siempre ha sido buena, pero he estado trabajando incluso m\u00e1s desde que comenzaron las conversaciones con Caterham. Voy a estar en la f\u00e1brica en Leafield tanto como pueda antes y durante las pruebas en Espa\u00f1a y Bahrein para que pueda desempe\u00f1ar un papel activo para ayudar a entender el coche de 2014, y lo que tenemos que hacer para desbloquear su rendimiento. Tenemos una gran tarea frente a nosotros pero es muy emocionante, y tanto el equipo como yo estamos listos\u201d.<\/em><\/p>\n<p>&nbsp;<\/p>\n<p>Como pilotos reserva Caterham ha anunciado a Robin Frijns y Alexander Rossi<\/p>\n<div class=\"sharedaddy sd-sharing-enabled\"><div class=\"robots-nocontent sd-block sd-social sd-social-official sd-sharing\"><h3 class=\"sd-title\">Opciones Sociales:<\/h3><div class=\"sd-content\"><ul><li class=\"share-facebook\"><div class=\"fb-share-button\" data-href=\"http:\/\/www.michael-schumacher.es\/noticias-f1\/2014\/01\/22\/caterham-anuncia-su-alineacion-de-pilotos-para-2014\/\" data-layout=\"button_count\"><\/div><\/li><li class=\"share-twitter\"><a href=\"https:\/\/twitter.com\/share\" class=\"twitter-share-button\" data-url=\"http:\/\/www.michael-schumacher.es\/noticias-f1\/2014\/01\/22\/caterham-anuncia-su-alineacion-de-pilotos-para-2014\/\" data-text=\"Caterham anuncia su alineaci\u00f3n de pilotos para 2014\"  >Tweet<\/a><\/li><li class=\"share-email\"><a rel=\"nofollow noopener noreferrer\" data-shared=\"\" class=\"share-email sd-button\" href=\"http:\/\/www.michael-schumacher.es\/noticias-f1\/2014\/01\/22\/caterham-anuncia-su-alineacion-de-pilotos-para-2014\/?share=email\" target=\"_blank\" title=\"Haz clic para enviar por correo electr\u00f3nico a un amigo\"><span>Correo electr\u00f3nico<\/span><\/a><\/li><li class=\"share-end\"><\/li><\/ul><\/div><\/div><\/div>","protected":false},"excerpt":{"rendered":"<p>El equipo Caterham por fin, tras la m\u00e1s larga espera ha anunciado la alineaci\u00f3n de pilotos para la pr\u00f3xima temporada, Kaumi Kobayashi el piloto Japon\u00e9s regresa a la F1 de mano de Caterham y su compa\u00f1ero ser\u00e1 el\u00a0 novato Marcus Ericsson, con ambos pilotos el equipo espera lograr sus objetivos para el 2014.<\/p>\n<div class=\"sharedaddy sd-sharing-enabled\"><div class=\"robots-nocontent sd-block sd-social sd-social-official sd-sharing\"><h3 class=\"sd-title\">Opciones Sociales:<\/h3><div class=\"sd-content\"><ul><li class=\"share-facebook\"><div class=\"fb-share-button\" data-href=\"http:\/\/www.michael-schumacher.es\/noticias-f1\/2014\/01\/22\/caterham-anuncia-su-alineacion-de-pilotos-para-2014\/\" data-layout=\"button_count\"><\/div><\/li><li class=\"share-twitter\"><a href=\"https:\/\/twitter.com\/share\" class=\"twitter-share-button\" data-url=\"http:\/\/www.michael-schumacher.es\/noticias-f1\/2014\/01\/22\/caterham-anuncia-su-alineacion-de-pilotos-para-2014\/\" data-text=\"Caterham anuncia su alineaci\u00f3n de pilotos para 2014\"  >Tweet<\/a><\/li><li class=\"share-email\"><a rel=\"nofollow noopener noreferrer\" data-shared=\"\" class=\"share-email sd-button\" href=\"http:\/\/www.michael-schumacher.es\/noticias-f1\/2014\/01\/22\/caterham-anuncia-su-alineacion-de-pilotos-para-2014\/?share=email\" target=\"_blank\" title=\"Haz clic para enviar por correo electr\u00f3nico a un amigo\"><span>Correo electr\u00f3nico<\/span><\/a><\/li><li class=\"share-end\"><\/li><\/ul><\/div><\/div><\/div>","protected":false},"author":3,"featured_media":0,"comment_status":"open","ping_status":"open","sticky":false,"template":"","format":"standard","meta":{"_monsterinsights_skip_tracking":false,"_monsterinsights_sitenote_active":false,"_monsterinsights_sitenote_note":"","_monsterinsights_sitenote_category":0,"spay_email":"","jetpack_publicize_message":"","jetpack_is_tweetstorm":false,"jetpack_publicize_feature_enabled":true},"categories":[3],"tags":[758,1872,58,381,4790,17,15,2865,87,88,4789,4717,255,238],"jetpack_featured_media_url":"","jetpack_publicize_connections":[],"jetpack_sharing_enabled":true,"jetpack_shortlink":"https:\/\/wp.me\/p27q3P-3OA","_links":{"self":[{"href":"http:\/\/www.michael-schumacher.es\/noticias-f1\/wp-json\/wp\/v2\/posts\/14668"}],"collection":[{"href":"http:\/\/www.michael-schumacher.es\/noticias-f1\/wp-json\/wp\/v2\/posts"}],"about":[{"href":"http:\/\/www.michael-schumacher.es\/noticias-f1\/wp-json\/wp\/v2\/types\/post"}],"author":[{"embeddable":true,"href":"http:\/\/www.michael-schumacher.es\/noticias-f1\/wp-json\/wp\/v2\/users\/3"}],"replies":[{"embeddable":true,"href":"http:\/\/www.michael-schumacher.es\/noticias-f1\/wp-json\/wp\/v2\/comments?post=14668"}],"version-history":[{"count":0,"href":"http:\/\/www.michael-schumacher.es\/noticias-f1\/wp-json\/wp\/v2\/posts\/14668\/revisions"}],"wp:attachment":[{"href":"http:\/\/www.michael-schumacher.es\/noticias-f1\/wp-json\/wp\/v2\/media?parent=14668"}],"wp:term":[{"taxonomy":"category","embeddable":true,"href":"http:\/\/www.michael-schumacher.es\/noticias-f1\/wp-json\/wp\/v2\/categories?post=14668"},{"taxonomy":"post_tag","embeddable":true,"href":"http:\/\/www.michael-schumacher.es\/noticias-f1\/wp-json\/wp\/v2\/tags?post=14668"}],"curies":[{"name":"wp","href":"https:\/\/api.w.org\/{rel}","templated":true}]}}