{"id":14677,"date":"2014-01-23T12:28:12","date_gmt":"2014-01-23T11:28:12","guid":{"rendered":"http:\/\/www.michael-schumacher.es\/noticias-f1\/?p=14677"},"modified":"2014-01-23T02:04:46","modified_gmt":"2014-01-23T01:04:46","slug":"mallya-tenemos-que-aspirar-a-mas-que-el-ano-pasado","status":"publish","type":"post","link":"http:\/\/www.michael-schumacher.es\/noticias-f1\/2014\/01\/23\/mallya-tenemos-que-aspirar-a-mas-que-el-ano-pasado\/","title":{"rendered":"Mallya: \u00abTenemos que aspirar a m\u00e1s que el a\u00f1o pasado\u00bb"},"content":{"rendered":"<p><a href=\"http:\/\/www.michael-schumacher.es\/noticias-f1\/wp-content\/uploads\/2013\/12\/vijay_mallya-sergio_perez-force_india.jpg\"><img loading=\"lazy\" class=\"alignleft\" alt=\"vijay_mallya-sergio_perez-force_india\" src=\"http:\/\/www.michael-schumacher.es\/noticias-f1\/wp-content\/uploads\/2013\/12\/vijay_mallya-sergio_perez-force_india.jpg\" width=\"202\" height=\"134\" \/><\/a>El equipo Force India afronta con optimismo los retos que suponen el cambio de reglas y Vijay Mallya director del equipo, se siente orgulloso del enfoque que han adoptado, adem\u00e1s esperan mejores resultados que el a\u00f1o pasado y se muestran muy contentos con su alineaci\u00f3n de pilotos y espera que ambos se empujen hasta sacar lo mejor uno del otro.<\/p>\n<p><!--more--> <!--noteaser--><\/p>\n<p><a href=\"http:\/\/www.michael-schumacher.es\/noticias-f1\/wp-content\/uploads\/2013\/12\/vijay_mallya-sergio_perez-force_india.jpg\"><img loading=\"lazy\" class=\"aligncenter size-full wp-image-14287\" alt=\"vijay_mallya-sergio_perez-force_india\" src=\"http:\/\/www.michael-schumacher.es\/noticias-f1\/wp-content\/uploads\/2013\/12\/vijay_mallya-sergio_perez-force_india.jpg\" width=\"650\" height=\"433\" srcset=\"http:\/\/www.michael-schumacher.es\/noticias-f1\/wp-content\/uploads\/2013\/12\/vijay_mallya-sergio_perez-force_india.jpg 650w, http:\/\/www.michael-schumacher.es\/noticias-f1\/wp-content\/uploads\/2013\/12\/vijay_mallya-sergio_perez-force_india-300x199.jpg 300w\" sizes=\"(max-width: 650px) 100vw, 650px\" \/><\/a><\/p>\n<p>&nbsp;<\/p>\n<p>&nbsp;<\/p>\n<p>El equipo Force India afronta con optimismo los retos que suponen el cambio de reglas y Vijay Mallya director del equipo, se siente orgulloso del enfoque que han adoptado, adem\u00e1s esperan mejores resultados que el a\u00f1o pasado y se muestran muy contentos con su alineaci\u00f3n de pilotos y espera que ambos se empujen hasta sacar lo mejor uno del otro.<\/p>\n<p>&nbsp;<\/p>\n<p>Vijay Mallya espera que los cambios de esta temporada adem\u00e1s de un reto haga una temporada muy interesante:<strong> \u201cLos cambios en las reglas nos han presentado un gran reto, pero estoy muy orgulloso del enfoque que hemos adoptado y la direcci\u00f3n del equipo t\u00e9cnico. Es esta incertidumbre que debe hacer para una temporada muy entretenida de las carreras, lo cual es una gran noticia para los fans.\u201d<\/strong><\/p>\n<p>&nbsp;<\/p>\n<p>De la temporada 2014 Vijay Mallya, conf\u00eda en que sea su temporada m\u00e1s fuerte hasta ahora: <strong>\u201cTenemos que aspirar a m\u00e1s que el a\u00f1o pasado. Es un objetivo ambicioso, pero creo que es realista, porque tenemos que mirar hacia adelante y llevar la lucha a los equipos de delante de nosotros. Contamos con los elementos clave en lugar de seguir avanzando, como nuestro acuerdo ampliado con Mercedes-Benz para incluir la fuente completa y la caja de cambios. Como he dicho antes, creo que representan el mejor socio para trabajar en esta nueva era de la F\u00f3rmula Uno. Combinado con nuestra alineaci\u00f3n de pilotos definitivamente el potencial de 2014 es ser nuestra temporada m\u00e1s fuerte hasta ahora\u201d.<\/strong><\/p>\n<p>&nbsp;<\/p>\n<p>Tambi\u00e9n Vijay Mallya se muestra muy satisfecho y confiado en sus dos pilotos oficiales para 2014: <strong>\u201cEstoy muy feliz de tener una pareja tan emocionante como Nico y Checo. Mi filosof\u00eda siempre ha sido la de elegir los conductores en funci\u00f3n de su velocidad y capacidad, y lo hemos hecho de nuevo este a\u00f1o. Nico ha estado con nosotros antes, as\u00ed que le entiendo y se lo r\u00e1pido que es. Es muy bueno tenerlo de vuelta. En cuanto a Sergio, es un conductor con un <\/strong><strong>talento <\/strong><strong>excepcional que he observado cuidadosamente en los \u00faltimos tres a\u00f1os. \u00c9l claramente tiene una velocidad incre\u00edble con s\u00f3lo 23 a\u00f1os tiene un gran potencial. Es una combinaci\u00f3n que pensamos que har\u00e1n una fuerte vinculaci\u00f3n. Nico ser\u00e1 un buen punto de referencia para Sergio, y viceversa, y que se sacar\u00e1n lo mejor de cada uno\u201d.<\/strong><\/p>\n<p>&nbsp;<\/p>\n<p>Sobre la nueva est\u00e9tica y colores del VJM07 tambi\u00e9n est\u00e1 satisfecho:<strong> \u201cSiempre he cre\u00eddo que el naranja, blanco y verde ha hecho que nuestros coches el m\u00e1s llamativo, pero a\u00f1adiendo negro como color principal nos da una nueva mirada feroz. Los colores nacionales de la India siguen siendo una parte integral del auto, pero el tigre se ha convertido en una pantera! Al entrar en nuestra s\u00e9ptima temporada con nuevas asociaciones y nuevos nombres en el coche, nuestra nueva imagen contempor\u00e1nea contribuye la se\u00f1al de nuestra ambici\u00f3n\u201d.<\/strong><\/p>\n<p>&nbsp;<\/p>\n<div class=\"sharedaddy sd-sharing-enabled\"><div class=\"robots-nocontent sd-block sd-social sd-social-official sd-sharing\"><h3 class=\"sd-title\">Opciones Sociales:<\/h3><div class=\"sd-content\"><ul><li class=\"share-facebook\"><div class=\"fb-share-button\" data-href=\"http:\/\/www.michael-schumacher.es\/noticias-f1\/2014\/01\/23\/mallya-tenemos-que-aspirar-a-mas-que-el-ano-pasado\/\" data-layout=\"button_count\"><\/div><\/li><li class=\"share-twitter\"><a href=\"https:\/\/twitter.com\/share\" class=\"twitter-share-button\" data-url=\"http:\/\/www.michael-schumacher.es\/noticias-f1\/2014\/01\/23\/mallya-tenemos-que-aspirar-a-mas-que-el-ano-pasado\/\" data-text=\"Mallya: &quot;Tenemos que aspirar a m\u00e1s que el a\u00f1o pasado&quot;\"  >Tweet<\/a><\/li><li class=\"share-email\"><a rel=\"nofollow noopener noreferrer\" data-shared=\"\" class=\"share-email sd-button\" href=\"http:\/\/www.michael-schumacher.es\/noticias-f1\/2014\/01\/23\/mallya-tenemos-que-aspirar-a-mas-que-el-ano-pasado\/?share=email\" target=\"_blank\" title=\"Haz clic para enviar por correo electr\u00f3nico a un amigo\"><span>Correo electr\u00f3nico<\/span><\/a><\/li><li class=\"share-end\"><\/li><\/ul><\/div><\/div><\/div>","protected":false},"excerpt":{"rendered":"<p>El equipo Force India afronta con optimismo los retos que suponen el cambio de reglas y Vijay Mallya director del equipo, se siente orgulloso del enfoque que han adoptado, adem\u00e1s esperan mejores resultados que el a\u00f1o pasado y se muestran muy contentos con su alineaci\u00f3n de pilotos y espera que ambos se empujen hasta sacar [&hellip;]<\/p>\n<div class=\"sharedaddy sd-sharing-enabled\"><div class=\"robots-nocontent sd-block sd-social sd-social-official sd-sharing\"><h3 class=\"sd-title\">Opciones Sociales:<\/h3><div class=\"sd-content\"><ul><li class=\"share-facebook\"><div class=\"fb-share-button\" data-href=\"http:\/\/www.michael-schumacher.es\/noticias-f1\/2014\/01\/23\/mallya-tenemos-que-aspirar-a-mas-que-el-ano-pasado\/\" data-layout=\"button_count\"><\/div><\/li><li class=\"share-twitter\"><a href=\"https:\/\/twitter.com\/share\" class=\"twitter-share-button\" data-url=\"http:\/\/www.michael-schumacher.es\/noticias-f1\/2014\/01\/23\/mallya-tenemos-que-aspirar-a-mas-que-el-ano-pasado\/\" data-text=\"Mallya: &quot;Tenemos que aspirar a m\u00e1s que el a\u00f1o pasado&quot;\"  >Tweet<\/a><\/li><li class=\"share-email\"><a rel=\"nofollow noopener noreferrer\" data-shared=\"\" class=\"share-email sd-button\" href=\"http:\/\/www.michael-schumacher.es\/noticias-f1\/2014\/01\/23\/mallya-tenemos-que-aspirar-a-mas-que-el-ano-pasado\/?share=email\" target=\"_blank\" title=\"Haz clic para enviar por correo electr\u00f3nico a un amigo\"><span>Correo electr\u00f3nico<\/span><\/a><\/li><li class=\"share-end\"><\/li><\/ul><\/div><\/div><\/div>","protected":false},"author":3,"featured_media":0,"comment_status":"open","ping_status":"open","sticky":false,"template":"","format":"standard","meta":{"_monsterinsights_skip_tracking":false,"_monsterinsights_sitenote_active":false,"_monsterinsights_sitenote_note":"","_monsterinsights_sitenote_category":0,"spay_email":"","jetpack_publicize_message":"","jetpack_is_tweetstorm":false,"jetpack_publicize_feature_enabled":true},"categories":[3],"tags":[758,2857,996,4795,198,618,381,17,126,15,557,1697,4794,592,304,111,1342,4793,402,89,2988,238,113,4792],"jetpack_featured_media_url":"","jetpack_publicize_connections":[],"jetpack_sharing_enabled":true,"jetpack_shortlink":"https:\/\/wp.me\/p27q3P-3OJ","_links":{"self":[{"href":"http:\/\/www.michael-schumacher.es\/noticias-f1\/wp-json\/wp\/v2\/posts\/14677"}],"collection":[{"href":"http:\/\/www.michael-schumacher.es\/noticias-f1\/wp-json\/wp\/v2\/posts"}],"about":[{"href":"http:\/\/www.michael-schumacher.es\/noticias-f1\/wp-json\/wp\/v2\/types\/post"}],"author":[{"embeddable":true,"href":"http:\/\/www.michael-schumacher.es\/noticias-f1\/wp-json\/wp\/v2\/users\/3"}],"replies":[{"embeddable":true,"href":"http:\/\/www.michael-schumacher.es\/noticias-f1\/wp-json\/wp\/v2\/comments?post=14677"}],"version-history":[{"count":0,"href":"http:\/\/www.michael-schumacher.es\/noticias-f1\/wp-json\/wp\/v2\/posts\/14677\/revisions"}],"wp:attachment":[{"href":"http:\/\/www.michael-schumacher.es\/noticias-f1\/wp-json\/wp\/v2\/media?parent=14677"}],"wp:term":[{"taxonomy":"category","embeddable":true,"href":"http:\/\/www.michael-schumacher.es\/noticias-f1\/wp-json\/wp\/v2\/categories?post=14677"},{"taxonomy":"post_tag","embeddable":true,"href":"http:\/\/www.michael-schumacher.es\/noticias-f1\/wp-json\/wp\/v2\/tags?post=14677"}],"curies":[{"name":"wp","href":"https:\/\/api.w.org\/{rel}","templated":true}]}}