{"id":14681,"date":"2014-01-23T13:59:33","date_gmt":"2014-01-23T12:59:33","guid":{"rendered":"http:\/\/www.michael-schumacher.es\/noticias-f1\/?p=14681"},"modified":"2014-01-23T03:06:55","modified_gmt":"2014-01-23T02:06:55","slug":"marussia-ha-anunciado-su-participacion-los-test-de-jerez","status":"publish","type":"post","link":"http:\/\/www.michael-schumacher.es\/noticias-f1\/2014\/01\/23\/marussia-ha-anunciado-su-participacion-los-test-de-jerez\/","title":{"rendered":"Marussia ha anunciado su participaci\u00f3n los Test de Jerez"},"content":{"rendered":"<p><a href=\"http:\/\/www.michael-schumacher.es\/noticias-f1\/wp-content\/uploads\/2013\/03\/marussia-gp-australia-2013.jpg\"><img loading=\"lazy\" class=\"alignleft\" alt=\"Marussia GP Australia 2013\" src=\"http:\/\/www.michael-schumacher.es\/noticias-f1\/wp-content\/uploads\/2013\/03\/marussia-gp-australia-2013.jpg\" width=\"203\" height=\"135\" \/><\/a>Marussia ha confirmado a trav\u00e9s de su cuenta en red social Twitter, su participaci\u00f3n con el MR03, en los primeros test de pretemporada que tendr\u00e1n lugar la semana pr\u00f3xima en el circuito de Jerez. Aunque el equipo no ha confirmado su alineaci\u00f3n para los test es de suponer que se repartir\u00e1n los cuatro d\u00edas entre sus dos pilotos oficiales, Jules Bianchi y Max Chilton.<\/p>\n<p><!--more--> <!--noteaser--><\/p>\n<p><a href=\"http:\/\/www.michael-schumacher.es\/noticias-f1\/wp-content\/uploads\/2013\/03\/marussia-gp-australia-2013.jpg\"><img loading=\"lazy\" class=\"aligncenter size-full wp-image-8356\" alt=\"Marussia GP Australia 2013\" src=\"http:\/\/www.michael-schumacher.es\/noticias-f1\/wp-content\/uploads\/2013\/03\/marussia-gp-australia-2013.jpg\" width=\"650\" height=\"433\" srcset=\"http:\/\/www.michael-schumacher.es\/noticias-f1\/wp-content\/uploads\/2013\/03\/marussia-gp-australia-2013.jpg 650w, http:\/\/www.michael-schumacher.es\/noticias-f1\/wp-content\/uploads\/2013\/03\/marussia-gp-australia-2013-300x199.jpg 300w\" sizes=\"(max-width: 650px) 100vw, 650px\" \/><\/a><\/p>\n<p>&nbsp;<\/p>\n<p>&nbsp;<\/p>\n<p>Marussia ha confirmado a trav\u00e9s de su cuenta en red social Twitter, su participaci\u00f3n con el MR03, en los primeros test de pretemporada que tendr\u00e1n lugar la semana pr\u00f3xima en el circuito de Jerez. Aunque el equipo no ha confirmado su alineaci\u00f3n para los test es de suponer que se repartir\u00e1n los cuatro d\u00edas entre sus dos pilotos oficiales, Jules Bianchi y Max Chilton.<\/p>\n<p>&nbsp;<\/p>\n<p>En su primer tuit el equipo Marussia confirma su participaci\u00f3n en los test de Jerez:<strong> \u201cS\u00ed, para los que preguntan si estaremos en Jerez la semana que viene\u2026 s\u00ed que estaremos. \u00a1No podemos esperar para ver al nuevo MR03 en pista!\u201d. <\/strong><\/p>\n<p>&nbsp;<\/p>\n<div align=\"center\">\n<blockquote class=\"twitter-tweet\" lang=\"es\"><p>Yes, for those of you asking if we&#8217;ll be in Jerez next week&#8230;we will indeed. Can&#8217;t wait to see the new <a href=\"https:\/\/twitter.com\/search?q=%23MR03&amp;src=hash\">#MR03<\/a> out on track! <a href=\"https:\/\/twitter.com\/search?q=%23lookinggood&amp;src=hash\">#lookinggood<\/a><\/p>\n<p>\u2014 Marussia F1 Team (@Marussia_F1Team) <a href=\"https:\/\/twitter.com\/Marussia_F1Team\/statuses\/425965440934764544\">enero 22, 2014<\/a><\/p><\/blockquote>\n<p>&nbsp;<\/p>\n<\/div>\n<p>Pocos minutos despu\u00e9s explicaban que tienen la intenci\u00f3n de probar las nuevas piezas: <strong>\u201cEstamos planeando volver al trabajo de los test, con la intenci\u00f3n de probar todos los nuevos elementos disponibles.\u201d<\/strong><\/p>\n<p>&nbsp;<\/p>\n<div align=\"center\">\n<blockquote class=\"twitter-tweet\" lang=\"es\"><p>Planning to get straight down to the business of testing &amp; looking forward to running all the new elements<\/p>\n<p>\u2014 Marussia F1 Team (@Marussia_F1Team) <a href=\"https:\/\/twitter.com\/Marussia_F1Team\/statuses\/425968627813060608\">enero 22, 2014<\/a><\/p><\/blockquote>\n<p>&nbsp;<\/p>\n<\/div>\n<p>&nbsp;<\/p>\n<p>Por \u00faltimo agradecen a Ferrari el apoyo: <strong>\u201cTodav\u00eda es pronto, pero nos gustar\u00eda agradecer a Ferrari por todo su apoyo con el nuevo sistema de propulsi\u00f3n.\u201d<\/strong><\/p>\n<p>&nbsp;<\/p>\n<div align=\"center\">\n<blockquote class=\"twitter-tweet\" lang=\"es\"><p>Early days of course but at this stage we&#8217;d like to thank <a href=\"https:\/\/twitter.com\/InsideFerrari\">@InsideFerrari<\/a> for all their support with our new powertrain <a href=\"https:\/\/twitter.com\/search?q=%23GreatPartners&amp;src=hash\">#GreatPartners<\/a><\/p>\n<p>\u2014 Marussia F1 Team (@Marussia_F1Team) <a href=\"https:\/\/twitter.com\/Marussia_F1Team\/statuses\/425968952880005121\">enero 22, 2014<\/a><\/p><\/blockquote>\n<p>&nbsp;<\/p>\n<\/div>\n<p>&nbsp;<\/p>\n<p>Graeme Lowdon, director deportivo de Marussia, explica la importancia de participar en las pruebas de pretemporada en declaraciones a SkySports: <strong>\u201cCada equipo trabaja para esta prueba, ya que el tiempo de probar es limitado. Dicho esto, hay miles de peque\u00f1os componentes que le pueden detener a usted o reducir la velocidad. Pero espero que vamos a estar ah\u00ed, es lo que estamos planeando\u201d.<\/strong><\/p>\n<p>&nbsp;<\/p>\n<p>Lotus es el \u00fanico equipo al menos por el momento que no participar\u00e1 en los primeros Test de pretemporada en Jerez<\/p>\n<div class=\"sharedaddy sd-sharing-enabled\"><div class=\"robots-nocontent sd-block sd-social sd-social-official sd-sharing\"><h3 class=\"sd-title\">Opciones Sociales:<\/h3><div class=\"sd-content\"><ul><li class=\"share-facebook\"><div class=\"fb-share-button\" data-href=\"http:\/\/www.michael-schumacher.es\/noticias-f1\/2014\/01\/23\/marussia-ha-anunciado-su-participacion-los-test-de-jerez\/\" data-layout=\"button_count\"><\/div><\/li><li class=\"share-twitter\"><a href=\"https:\/\/twitter.com\/share\" class=\"twitter-share-button\" data-url=\"http:\/\/www.michael-schumacher.es\/noticias-f1\/2014\/01\/23\/marussia-ha-anunciado-su-participacion-los-test-de-jerez\/\" data-text=\"Marussia ha anunciado su participaci\u00f3n los Test de Jerez\"  >Tweet<\/a><\/li><li class=\"share-email\"><a rel=\"nofollow noopener noreferrer\" data-shared=\"\" class=\"share-email sd-button\" href=\"http:\/\/www.michael-schumacher.es\/noticias-f1\/2014\/01\/23\/marussia-ha-anunciado-su-participacion-los-test-de-jerez\/?share=email\" target=\"_blank\" title=\"Haz clic para enviar por correo electr\u00f3nico a un amigo\"><span>Correo electr\u00f3nico<\/span><\/a><\/li><li class=\"share-end\"><\/li><\/ul><\/div><\/div><\/div>","protected":false},"excerpt":{"rendered":"<p>Marussia ha confirmado a trav\u00e9s de su cuenta en red social Twitter, su participaci\u00f3n con el MR03, en los primeros test de pretemporada que tendr\u00e1n lugar la semana pr\u00f3xima en el circuito de Jerez. Aunque el equipo no ha confirmado su alineaci\u00f3n para los test es de suponer que se repartir\u00e1n los cuatro d\u00edas entre [&hellip;]<\/p>\n<div class=\"sharedaddy sd-sharing-enabled\"><div class=\"robots-nocontent sd-block sd-social sd-social-official sd-sharing\"><h3 class=\"sd-title\">Opciones Sociales:<\/h3><div class=\"sd-content\"><ul><li class=\"share-facebook\"><div class=\"fb-share-button\" data-href=\"http:\/\/www.michael-schumacher.es\/noticias-f1\/2014\/01\/23\/marussia-ha-anunciado-su-participacion-los-test-de-jerez\/\" data-layout=\"button_count\"><\/div><\/li><li class=\"share-twitter\"><a href=\"https:\/\/twitter.com\/share\" class=\"twitter-share-button\" data-url=\"http:\/\/www.michael-schumacher.es\/noticias-f1\/2014\/01\/23\/marussia-ha-anunciado-su-participacion-los-test-de-jerez\/\" data-text=\"Marussia ha anunciado su participaci\u00f3n los Test de Jerez\"  >Tweet<\/a><\/li><li class=\"share-email\"><a rel=\"nofollow noopener noreferrer\" data-shared=\"\" class=\"share-email sd-button\" href=\"http:\/\/www.michael-schumacher.es\/noticias-f1\/2014\/01\/23\/marussia-ha-anunciado-su-participacion-los-test-de-jerez\/?share=email\" target=\"_blank\" title=\"Haz clic para enviar por correo electr\u00f3nico a un amigo\"><span>Correo electr\u00f3nico<\/span><\/a><\/li><li class=\"share-end\"><\/li><\/ul><\/div><\/div><\/div>","protected":false},"author":3,"featured_media":0,"comment_status":"open","ping_status":"open","sticky":false,"template":"","format":"standard","meta":{"_monsterinsights_skip_tracking":false,"_monsterinsights_sitenote_active":false,"_monsterinsights_sitenote_note":"","_monsterinsights_sitenote_category":0,"spay_email":"","jetpack_publicize_message":"","jetpack_is_tweetstorm":false,"jetpack_publicize_feature_enabled":true},"categories":[3],"tags":[758,4797,1681,4796,2122,381,17,15,657,139,1580,2037,2662,238,215,1280],"jetpack_featured_media_url":"","jetpack_publicize_connections":[],"jetpack_sharing_enabled":true,"jetpack_shortlink":"https:\/\/wp.me\/p27q3P-3ON","_links":{"self":[{"href":"http:\/\/www.michael-schumacher.es\/noticias-f1\/wp-json\/wp\/v2\/posts\/14681"}],"collection":[{"href":"http:\/\/www.michael-schumacher.es\/noticias-f1\/wp-json\/wp\/v2\/posts"}],"about":[{"href":"http:\/\/www.michael-schumacher.es\/noticias-f1\/wp-json\/wp\/v2\/types\/post"}],"author":[{"embeddable":true,"href":"http:\/\/www.michael-schumacher.es\/noticias-f1\/wp-json\/wp\/v2\/users\/3"}],"replies":[{"embeddable":true,"href":"http:\/\/www.michael-schumacher.es\/noticias-f1\/wp-json\/wp\/v2\/comments?post=14681"}],"version-history":[{"count":0,"href":"http:\/\/www.michael-schumacher.es\/noticias-f1\/wp-json\/wp\/v2\/posts\/14681\/revisions"}],"wp:attachment":[{"href":"http:\/\/www.michael-schumacher.es\/noticias-f1\/wp-json\/wp\/v2\/media?parent=14681"}],"wp:term":[{"taxonomy":"category","embeddable":true,"href":"http:\/\/www.michael-schumacher.es\/noticias-f1\/wp-json\/wp\/v2\/categories?post=14681"},{"taxonomy":"post_tag","embeddable":true,"href":"http:\/\/www.michael-schumacher.es\/noticias-f1\/wp-json\/wp\/v2\/tags?post=14681"}],"curies":[{"name":"wp","href":"https:\/\/api.w.org\/{rel}","templated":true}]}}