{"id":14684,"date":"2014-01-23T18:08:14","date_gmt":"2014-01-23T17:08:14","guid":{"rendered":"http:\/\/www.michael-schumacher.es\/noticias-f1\/?p=14684"},"modified":"2014-01-23T03:40:26","modified_gmt":"2014-01-23T02:40:26","slug":"bahrein-confirma-su-carrera-nocturna","status":"publish","type":"post","link":"http:\/\/www.michael-schumacher.es\/noticias-f1\/2014\/01\/23\/bahrein-confirma-su-carrera-nocturna\/","title":{"rendered":"Bahr\u00e9in confirma su carrera nocturna"},"content":{"rendered":"<p><a href=\"http:\/\/www.michael-schumacher.es\/noticias-f1\/wp-content\/uploads\/2013\/04\/sakhir-bahrein.jpg\"><img loading=\"lazy\" class=\"alignleft\" alt=\"sakhir-bahrein\" src=\"http:\/\/www.michael-schumacher.es\/noticias-f1\/wp-content\/uploads\/2013\/04\/sakhir-bahrein.jpg\" width=\"203\" height=\"135\" \/><\/a>Como ya se hab\u00eda anunciado el Gran Premio de Bahr\u00e9in en celebraci\u00f3n de su 10\u00ba aniversario desarrollar\u00e1n el Gran Premio del 2014 en el circuito de Sakhir en horario nocturno. El inicio de la carrera est\u00e1 previsto el d\u00eda 6 de abril a las 18 h, hora local, 17 h en Espa\u00f1a. Lo que implica que la carrera se desarrollar\u00e1 \u00edntegramente en la noche.<\/p>\n<p><!--more--> <!--noteaser--><\/p>\n<p><a href=\"http:\/\/www.michael-schumacher.es\/noticias-f1\/wp-content\/uploads\/2013\/04\/sakhir-bahrein.jpg\"><img loading=\"lazy\" class=\"aligncenter size-full wp-image-8960\" alt=\"sakhir-bahrein\" src=\"http:\/\/www.michael-schumacher.es\/noticias-f1\/wp-content\/uploads\/2013\/04\/sakhir-bahrein.jpg\" width=\"650\" height=\"433\" srcset=\"http:\/\/www.michael-schumacher.es\/noticias-f1\/wp-content\/uploads\/2013\/04\/sakhir-bahrein.jpg 650w, http:\/\/www.michael-schumacher.es\/noticias-f1\/wp-content\/uploads\/2013\/04\/sakhir-bahrein-300x199.jpg 300w\" sizes=\"(max-width: 650px) 100vw, 650px\" \/><\/a><\/p>\n<p>&nbsp;<\/p>\n<p>Como ya se hab\u00eda anunciado el Gran Premio de Bahr\u00e9in en celebraci\u00f3n de su 10\u00ba aniversario desarrollar\u00e1n el Gran Premio del 2014 en el circuito de Sakhir en horario nocturno. El inicio de la carrera est\u00e1 previsto el d\u00eda 6 de abril a las 18 h, hora local, 17 h en Espa\u00f1a. Lo que implica que la carrera se desarrollar\u00e1 \u00edntegramente en la noche.<\/p>\n<p>&nbsp;<\/p>\n<p>En el Circuito Internacional de Bahr\u00e9in de 5,4 kil\u00f3metros se ha\u00a0 dise\u00f1ado la instalaci\u00f3n de un sistema de iluminaci\u00f3n, con de 495 luces de la calle y m\u00e1s de 500 kil\u00f3metros de cableado. Este sistema de iluminaci\u00f3n ya super\u00f3 la prueba en la ronda final del Campeonato del Mundo de Resistencia, las 6 Horas de Bahr\u00e9in en noviembre de 2013.<\/p>\n<p>&nbsp;<\/p>\n<p><strong>Horarios para el Gran Premio de Bahr\u00e9in<\/strong><\/p>\n<p><strong>Viernes 4 abril<\/strong><\/p>\n<p>FP1 a las 14h (13h en Espa\u00f1a)<\/p>\n<p>FP2 a las 18 h (17h en Espa\u00f1a)<\/p>\n<p><strong>S\u00e1bado 5 abril<\/strong><\/p>\n<p>FP3 a las 15h (14h en Espa\u00f1a)<\/p>\n<p>Calificaci\u00f3n a las 18h (17h en Espa\u00f1a).<\/p>\n<p><strong>Domingo 6 de abril<\/strong><\/p>\n<p>Carrera a las 18h (17h en Espa\u00f1a).<\/p>\n<p>&nbsp;<\/p>\n<p>Salman bin Isa Al-Khalifa el jefe dijo el director general del circuito confirma el gran proyecto llevado a cabo: <strong>\u201cEste es, de lejos, el mayor proyecto de desarrollo llevado a cabo, ya en la construcci\u00f3n del circuito. Yo creo que no hay mejor manera para nosotros para celebrar nuestro 10 aniversario en la F1, que con la demostraci\u00f3n de nuestro compromiso a largo plazo con el deporte a trav\u00e9s de esta importante inversi\u00f3n, lo que refuerza nuestro papel como cuna del automovilismo en el Medio Oriente\u201c.<\/strong><\/p>\n<p>&nbsp;<\/p>\n<p>En el campeonato 2014 habr\u00e1 por tanto,\u00a0 dos carrera nocturnas Bahr\u00e9in y Singapur. As\u00ed como Abu Dhabi en el circuito de Yas Marina, que tambi\u00e9n es nocturno aunque el Gran Premio se inicia antes de la puesta del sol.<\/p>\n<p>&nbsp;<\/p>\n<p>Bahr\u00e9in tambi\u00e9n va a acoger este a\u00f1o dos de las pruebas de pretemporada, los d\u00edas 19 al 22 de febrero, as\u00ed como tambi\u00e9n del 27 febrero al 2 de marzo 2014.<\/p>\n<p>&nbsp;<\/p>\n<p>&nbsp;<\/p>\n<div class=\"sharedaddy sd-sharing-enabled\"><div class=\"robots-nocontent sd-block sd-social sd-social-official sd-sharing\"><h3 class=\"sd-title\">Opciones Sociales:<\/h3><div class=\"sd-content\"><ul><li class=\"share-facebook\"><div class=\"fb-share-button\" data-href=\"http:\/\/www.michael-schumacher.es\/noticias-f1\/2014\/01\/23\/bahrein-confirma-su-carrera-nocturna\/\" data-layout=\"button_count\"><\/div><\/li><li class=\"share-twitter\"><a href=\"https:\/\/twitter.com\/share\" class=\"twitter-share-button\" data-url=\"http:\/\/www.michael-schumacher.es\/noticias-f1\/2014\/01\/23\/bahrein-confirma-su-carrera-nocturna\/\" data-text=\"Bahr\u00e9in confirma su carrera nocturna\"  >Tweet<\/a><\/li><li class=\"share-email\"><a rel=\"nofollow noopener noreferrer\" data-shared=\"\" class=\"share-email sd-button\" href=\"http:\/\/www.michael-schumacher.es\/noticias-f1\/2014\/01\/23\/bahrein-confirma-su-carrera-nocturna\/?share=email\" target=\"_blank\" title=\"Haz clic para enviar por correo electr\u00f3nico a un amigo\"><span>Correo electr\u00f3nico<\/span><\/a><\/li><li class=\"share-end\"><\/li><\/ul><\/div><\/div><\/div>","protected":false},"excerpt":{"rendered":"<p>Como ya se hab\u00eda anunciado el Gran Premio de Bahr\u00e9in en celebraci\u00f3n de su 10\u00ba aniversario desarrollar\u00e1n el Gran Premio del 2014 en el circuito de Sakhir en horario nocturno. El inicio de la carrera est\u00e1 previsto el d\u00eda 6 de abril a las 18 h, hora local, 17 h en Espa\u00f1a. Lo que implica [&hellip;]<\/p>\n<div class=\"sharedaddy sd-sharing-enabled\"><div class=\"robots-nocontent sd-block sd-social sd-social-official sd-sharing\"><h3 class=\"sd-title\">Opciones Sociales:<\/h3><div class=\"sd-content\"><ul><li class=\"share-facebook\"><div class=\"fb-share-button\" data-href=\"http:\/\/www.michael-schumacher.es\/noticias-f1\/2014\/01\/23\/bahrein-confirma-su-carrera-nocturna\/\" data-layout=\"button_count\"><\/div><\/li><li class=\"share-twitter\"><a href=\"https:\/\/twitter.com\/share\" class=\"twitter-share-button\" data-url=\"http:\/\/www.michael-schumacher.es\/noticias-f1\/2014\/01\/23\/bahrein-confirma-su-carrera-nocturna\/\" data-text=\"Bahr\u00e9in confirma su carrera nocturna\"  >Tweet<\/a><\/li><li class=\"share-email\"><a rel=\"nofollow noopener noreferrer\" data-shared=\"\" class=\"share-email sd-button\" href=\"http:\/\/www.michael-schumacher.es\/noticias-f1\/2014\/01\/23\/bahrein-confirma-su-carrera-nocturna\/?share=email\" target=\"_blank\" title=\"Haz clic para enviar por correo electr\u00f3nico a un amigo\"><span>Correo electr\u00f3nico<\/span><\/a><\/li><li class=\"share-end\"><\/li><\/ul><\/div><\/div><\/div>","protected":false},"author":3,"featured_media":0,"comment_status":"open","ping_status":"open","sticky":false,"template":"","format":"standard","meta":{"_monsterinsights_skip_tracking":false,"_monsterinsights_sitenote_active":false,"_monsterinsights_sitenote_note":"","_monsterinsights_sitenote_category":0,"spay_email":"","jetpack_publicize_message":"","jetpack_is_tweetstorm":false,"jetpack_publicize_feature_enabled":true},"categories":[3],"tags":[758,4798,35,521,158,2112,1351,2460,17,15,6,3310,1432,1437,238],"jetpack_featured_media_url":"","jetpack_publicize_connections":[],"jetpack_sharing_enabled":true,"jetpack_shortlink":"https:\/\/wp.me\/p27q3P-3OQ","_links":{"self":[{"href":"http:\/\/www.michael-schumacher.es\/noticias-f1\/wp-json\/wp\/v2\/posts\/14684"}],"collection":[{"href":"http:\/\/www.michael-schumacher.es\/noticias-f1\/wp-json\/wp\/v2\/posts"}],"about":[{"href":"http:\/\/www.michael-schumacher.es\/noticias-f1\/wp-json\/wp\/v2\/types\/post"}],"author":[{"embeddable":true,"href":"http:\/\/www.michael-schumacher.es\/noticias-f1\/wp-json\/wp\/v2\/users\/3"}],"replies":[{"embeddable":true,"href":"http:\/\/www.michael-schumacher.es\/noticias-f1\/wp-json\/wp\/v2\/comments?post=14684"}],"version-history":[{"count":0,"href":"http:\/\/www.michael-schumacher.es\/noticias-f1\/wp-json\/wp\/v2\/posts\/14684\/revisions"}],"wp:attachment":[{"href":"http:\/\/www.michael-schumacher.es\/noticias-f1\/wp-json\/wp\/v2\/media?parent=14684"}],"wp:term":[{"taxonomy":"category","embeddable":true,"href":"http:\/\/www.michael-schumacher.es\/noticias-f1\/wp-json\/wp\/v2\/categories?post=14684"},{"taxonomy":"post_tag","embeddable":true,"href":"http:\/\/www.michael-schumacher.es\/noticias-f1\/wp-json\/wp\/v2\/tags?post=14684"}],"curies":[{"name":"wp","href":"https:\/\/api.w.org\/{rel}","templated":true}]}}