{"id":14695,"date":"2014-01-24T14:48:00","date_gmt":"2014-01-24T13:48:00","guid":{"rendered":"http:\/\/www.michael-schumacher.es\/noticias-f1\/?p=14695"},"modified":"2014-01-24T04:22:40","modified_gmt":"2014-01-24T03:22:40","slug":"hakkinen-piensa-que-raikkonen-batira-a-alonso","status":"publish","type":"post","link":"http:\/\/www.michael-schumacher.es\/noticias-f1\/2014\/01\/24\/hakkinen-piensa-que-raikkonen-batira-a-alonso\/","title":{"rendered":"Hakkinen piensa que Raikkonen batir\u00e1 a Alonso"},"content":{"rendered":"<p><a href=\"http:\/\/www.michael-schumacher.es\/noticias-f1\/wp-content\/uploads\/2013\/02\/mika-hakkinen.jpg\"><img loading=\"lazy\" class=\"alignleft\" alt=\"mika-hakkinen\" src=\"http:\/\/www.michael-schumacher.es\/noticias-f1\/wp-content\/uploads\/2013\/02\/mika-hakkinen.jpg\" width=\"202\" height=\"138\" \/><\/a>Mika Hakkinen el expiloto nacido en Finlandia el 28 de septiembre de 1968, Campe\u00f3n del Mundo de F\u00f3rmula 1 dos veces, en 1998 y 1999 con McLaren. Quien ha logrado en su carrera activa desde 1991 al 2001, 20 victorias y 56 podios 26 poles y 25 vueltas r\u00e1pidas. Considera que su compatriota Kimi Raikkonen va a batir a Fernando Alonso, su nuevo compa\u00f1ero de equipo en su segunda etapa en Ferrari, equipo con el que fue campe\u00f3n del mundo en 2007.<\/p>\n<p><!--more--> <!--noteaser--><\/p>\n<p><a href=\"http:\/\/www.michael-schumacher.es\/noticias-f1\/wp-content\/uploads\/2013\/02\/mika-hakkinen.jpg\"><img loading=\"lazy\" class=\"aligncenter size-full wp-image-7907\" alt=\"mika-hakkinen\" src=\"http:\/\/www.michael-schumacher.es\/noticias-f1\/wp-content\/uploads\/2013\/02\/mika-hakkinen.jpg\" width=\"645\" height=\"441\" srcset=\"http:\/\/www.michael-schumacher.es\/noticias-f1\/wp-content\/uploads\/2013\/02\/mika-hakkinen.jpg 645w, http:\/\/www.michael-schumacher.es\/noticias-f1\/wp-content\/uploads\/2013\/02\/mika-hakkinen-300x205.jpg 300w\" sizes=\"(max-width: 645px) 100vw, 645px\" \/><\/a><\/p>\n<p>&nbsp;<\/p>\n<p>Mika Hakkinen el expiloto nacido en Finlandia el 28 de septiembre de 1968, Campe\u00f3n del Mundo de F\u00f3rmula 1 dos veces, en 1998 y 1999 con McLaren. Quien ha logrado en su carrera activa desde 1991 al 2001, 20 victorias y 56 podios 26 poles y 25 vueltas r\u00e1pidas. Considera que su compatriota Kimi Raikkonen va a batir a Fernando Alonso, su nuevo compa\u00f1ero de equipo en su segunda etapa en Ferrari, equipo con el que fue campe\u00f3n del mundo en 2007.<\/p>\n<p>&nbsp;<\/p>\n<p>Hakkinen piensa que en un principio ser\u00e1 dif\u00edcil para Raikkonen, ya que Fernando Alonso tendr\u00e1 ventaja por llevar cuatro a\u00f1os en el equipo, y conocer a todos all\u00ed,\u00a0 pero considera que el estilo de conducci\u00f3n de Raikkonen es perfecto para los veh\u00edculos con motor turbo y que podr\u00e1 batir a Alonso. Aunque tambi\u00e9n opina que tener a dos grandes pilotos en el equipo va a traer presi\u00f3n al equipo.<\/p>\n<p>&nbsp;<\/p>\n<p>Sin embargo Hakkinen tambi\u00e9n piensa que tener a Kimi Raikkonen de nuevo en Ferrari este a\u00f1o va a ser fant\u00e1stico para el p\u00fablico finland\u00e9s y adem\u00e1s para Raikkonen ser\u00e1 una tranquilidad pilotar para un equipo que no tiene problemas econ\u00f3micos y por lo tanto tampoco del desarrollo.<\/p>\n<p>&nbsp;<\/p>\n<p>Aunque piensa que Alonso parte con ventaja, Hakkinen cree que ser\u00e1 fant\u00e1stico para los finlandeses tener a Kimi en Ferrari y que\u00a0 batir\u00e1 a Alonso, seg\u00fan sus declaraciones al diario finland\u00e9s Ilta Sanomat:<strong> \u201cVer a Kimi Raikkonen de nuevo en Ferrari este a\u00f1o va a ser fant\u00e1stico para el p\u00fablico finland\u00e9s. Cuando yo estaba en McLaren, no hab\u00eda mucho tiempo, tuve una ventaja cuando un nuevo piloto vino, porque conoc\u00eda a todos los mec\u00e1nicos y el coche estaba hecho para m\u00ed. No fue f\u00e1cil para el nuevo. Alonso tendr\u00e1 algo de ventaja al principio porque lleva cuatro a\u00f1os en el equipo, conoce a los mec\u00e1nicos y el coche est\u00e1 hecho a su medida, pero creo que el estilo de conducci\u00f3n de Kimi es perfecto para los motores turbo. Alonso es un piloto que apretar\u00e1 mucho, pero creo que Kimi le batir\u00e1\u201d<\/strong><\/p>\n<p>&nbsp;<\/p>\n<p>Tambi\u00e9n Hakkinen tiene sus dudas de que la uni\u00f3n de dos pilotos fuertes como Raikkonen y Alonso no traiga problemas al equipo, algo en lo que \u00e9l tuvo experiencia: <strong>\u201cCuando se tienen dos buenos pilotos en el mismo equipo, la presi\u00f3n sobre cada uno de ellos es tres veces m\u00e1s grande. Esto es a veces una fuente de distracci\u00f3n para los pilotos, pero todo el mundo se ocupa de esto a su propia manera. Cuando yo era compa\u00f1ero de equipo Nigel Mansell en McLaren en 1995 y Ayrton Senna en 1993, hubo mucha tensi\u00f3n, lo que interrumpi\u00f3 al equipo. Esto no es necesariamente una buena cosa.\u201d<\/strong><\/p>\n<p>&nbsp;<\/p>\n<p>Hakkinen insiste que lo que suceda tanto en la pista como fuera podr\u00eda desestabilizar a Ferrari:<strong> \u201cIncluso si los pilotos no causan ning\u00fan problema con sus acciones, a\u00fan podr\u00eda hacer las cosas dif\u00edciles. No estoy diciendo que no van a hacer un buen trabajo por el hecho de que son dos muy buenos pilotos, pero podr\u00eda desestabilizar el equipo si las cosas no est\u00e1n bien gestionadas. Esto no es s\u00f3lo cuesti\u00f3n de lo que sucede en la pista, sino tambi\u00e9n fuera.\u201d<\/strong><\/p>\n<p>&nbsp;<\/p>\n<p>Adem\u00e1s Mika Hakkinen tambi\u00e9n da importancia a que Kimi no tendr\u00e1 que preocuparse de problemas financieros en el equipo: <strong>\u201cKimi, finalmente, no tendr\u00e1 que preocuparse por los problemas financieros al igual que en Lotus. El Ferrari tiene todos los recursos posibles para desarrollar el coche durante la temporada y, con la nueva normativa, habr\u00e1 una evoluci\u00f3n continua a lo largo de 2014.\u201d<\/strong><\/p>\n<div class=\"sharedaddy sd-sharing-enabled\"><div class=\"robots-nocontent sd-block sd-social sd-social-official sd-sharing\"><h3 class=\"sd-title\">Opciones Sociales:<\/h3><div class=\"sd-content\"><ul><li class=\"share-facebook\"><div class=\"fb-share-button\" data-href=\"http:\/\/www.michael-schumacher.es\/noticias-f1\/2014\/01\/24\/hakkinen-piensa-que-raikkonen-batira-a-alonso\/\" data-layout=\"button_count\"><\/div><\/li><li class=\"share-twitter\"><a href=\"https:\/\/twitter.com\/share\" class=\"twitter-share-button\" data-url=\"http:\/\/www.michael-schumacher.es\/noticias-f1\/2014\/01\/24\/hakkinen-piensa-que-raikkonen-batira-a-alonso\/\" data-text=\"Hakkinen piensa que Raikkonen batir\u00e1 a Alonso\"  >Tweet<\/a><\/li><li class=\"share-email\"><a rel=\"nofollow noopener noreferrer\" data-shared=\"\" class=\"share-email sd-button\" href=\"http:\/\/www.michael-schumacher.es\/noticias-f1\/2014\/01\/24\/hakkinen-piensa-que-raikkonen-batira-a-alonso\/?share=email\" target=\"_blank\" title=\"Haz clic para enviar por correo electr\u00f3nico a un amigo\"><span>Correo electr\u00f3nico<\/span><\/a><\/li><li class=\"share-end\"><\/li><\/ul><\/div><\/div><\/div>","protected":false},"excerpt":{"rendered":"<p>Mika Hakkinen el expiloto nacido en Finlandia el 28 de septiembre de 1968, Campe\u00f3n del Mundo de F\u00f3rmula 1 dos veces, en 1998 y 1999 con McLaren. Quien ha logrado en su carrera activa desde 1991 al 2001, 20 victorias y 56 podios 26 poles y 25 vueltas r\u00e1pidas. Considera que su compatriota Kimi Raikkonen [&hellip;]<\/p>\n<div class=\"sharedaddy sd-sharing-enabled\"><div class=\"robots-nocontent sd-block sd-social sd-social-official sd-sharing\"><h3 class=\"sd-title\">Opciones Sociales:<\/h3><div class=\"sd-content\"><ul><li class=\"share-facebook\"><div class=\"fb-share-button\" data-href=\"http:\/\/www.michael-schumacher.es\/noticias-f1\/2014\/01\/24\/hakkinen-piensa-que-raikkonen-batira-a-alonso\/\" data-layout=\"button_count\"><\/div><\/li><li class=\"share-twitter\"><a href=\"https:\/\/twitter.com\/share\" class=\"twitter-share-button\" data-url=\"http:\/\/www.michael-schumacher.es\/noticias-f1\/2014\/01\/24\/hakkinen-piensa-que-raikkonen-batira-a-alonso\/\" data-text=\"Hakkinen piensa que Raikkonen batir\u00e1 a Alonso\"  >Tweet<\/a><\/li><li class=\"share-email\"><a rel=\"nofollow noopener noreferrer\" data-shared=\"\" class=\"share-email sd-button\" href=\"http:\/\/www.michael-schumacher.es\/noticias-f1\/2014\/01\/24\/hakkinen-piensa-que-raikkonen-batira-a-alonso\/?share=email\" target=\"_blank\" title=\"Haz clic para enviar por correo electr\u00f3nico a un amigo\"><span>Correo electr\u00f3nico<\/span><\/a><\/li><li class=\"share-end\"><\/li><\/ul><\/div><\/div><\/div>","protected":false},"author":3,"featured_media":0,"comment_status":"open","ping_status":"open","sticky":false,"template":"","format":"standard","meta":{"_monsterinsights_skip_tracking":false,"_monsterinsights_sitenote_active":false,"_monsterinsights_sitenote_note":"","_monsterinsights_sitenote_category":0,"spay_email":"","jetpack_publicize_message":"","jetpack_is_tweetstorm":false,"jetpack_publicize_feature_enabled":true},"categories":[3],"tags":[758,226,105,4805,730,1059,17,104,141,15,721,1207,81,722,24,2181,238,867],"jetpack_featured_media_url":"","jetpack_publicize_connections":[],"jetpack_sharing_enabled":true,"jetpack_shortlink":"https:\/\/wp.me\/p27q3P-3P1","_links":{"self":[{"href":"http:\/\/www.michael-schumacher.es\/noticias-f1\/wp-json\/wp\/v2\/posts\/14695"}],"collection":[{"href":"http:\/\/www.michael-schumacher.es\/noticias-f1\/wp-json\/wp\/v2\/posts"}],"about":[{"href":"http:\/\/www.michael-schumacher.es\/noticias-f1\/wp-json\/wp\/v2\/types\/post"}],"author":[{"embeddable":true,"href":"http:\/\/www.michael-schumacher.es\/noticias-f1\/wp-json\/wp\/v2\/users\/3"}],"replies":[{"embeddable":true,"href":"http:\/\/www.michael-schumacher.es\/noticias-f1\/wp-json\/wp\/v2\/comments?post=14695"}],"version-history":[{"count":0,"href":"http:\/\/www.michael-schumacher.es\/noticias-f1\/wp-json\/wp\/v2\/posts\/14695\/revisions"}],"wp:attachment":[{"href":"http:\/\/www.michael-schumacher.es\/noticias-f1\/wp-json\/wp\/v2\/media?parent=14695"}],"wp:term":[{"taxonomy":"category","embeddable":true,"href":"http:\/\/www.michael-schumacher.es\/noticias-f1\/wp-json\/wp\/v2\/categories?post=14695"},{"taxonomy":"post_tag","embeddable":true,"href":"http:\/\/www.michael-schumacher.es\/noticias-f1\/wp-json\/wp\/v2\/tags?post=14695"}],"curies":[{"name":"wp","href":"https:\/\/api.w.org\/{rel}","templated":true}]}}