{"id":14711,"date":"2014-01-25T20:33:17","date_gmt":"2014-01-25T19:33:17","guid":{"rendered":"http:\/\/www.michael-schumacher.es\/noticias-f1\/?p=14711"},"modified":"2014-01-25T03:57:11","modified_gmt":"2014-01-25T02:57:11","slug":"gerard-lopez-asumira-las-funciones-de-jefe-de-equipo-en-lotus","status":"publish","type":"post","link":"http:\/\/www.michael-schumacher.es\/noticias-f1\/2014\/01\/25\/gerard-lopez-asumira-las-funciones-de-jefe-de-equipo-en-lotus\/","title":{"rendered":"Gerard L\u00f3pez asumir\u00e1 las funciones de Jefe de equipo en Lotus"},"content":{"rendered":"<p><a href=\"http:\/\/www.michael-schumacher.es\/noticias-f1\/wp-content\/uploads\/2013\/02\/romain-grosjean-test-1-dia-2.jpg\"><img loading=\"lazy\" class=\"alignleft\" alt=\"romain-grosjean-test-1-dia-2\" src=\"http:\/\/www.michael-schumacher.es\/noticias-f1\/wp-content\/uploads\/2013\/02\/romain-grosjean-test-1-dia-2.jpg\" width=\"202\" height=\"141\" \/><\/a>El equipo Lotus ha anunciado en la p\u00e1gina web oficial del equipo que Gerard L\u00f3pez, el copresidente del equipo combinar\u00e1 de manera inmediata, su posici\u00f3n en la direcci\u00f3n con el papel de jefe de equipo. Por este mismo motivo, las otras responsabilidades de presidencia ser\u00e1n compartidas con el copresidente Andy Ruhan.<\/p>\n<p><!--more--> <!--noteaser--><\/p>\n<p><a href=\"http:\/\/www.michael-schumacher.es\/noticias-f1\/wp-content\/uploads\/2013\/02\/romain-grosjean-test-1-dia-2.jpg\"><img loading=\"lazy\" class=\"aligncenter size-full wp-image-7860\" alt=\"romain-grosjean-test-1-dia-2\" src=\"http:\/\/www.michael-schumacher.es\/noticias-f1\/wp-content\/uploads\/2013\/02\/romain-grosjean-test-1-dia-2.jpg\" width=\"640\" height=\"448\" srcset=\"http:\/\/www.michael-schumacher.es\/noticias-f1\/wp-content\/uploads\/2013\/02\/romain-grosjean-test-1-dia-2.jpg 640w, http:\/\/www.michael-schumacher.es\/noticias-f1\/wp-content\/uploads\/2013\/02\/romain-grosjean-test-1-dia-2-300x210.jpg 300w\" sizes=\"(max-width: 640px) 100vw, 640px\" \/><\/a><\/p>\n<p>&nbsp;<\/p>\n<p>El equipo Lotus ha anunciado en la p\u00e1gina web oficial del equipo que Gerard L\u00f3pez, el copresidente del equipo combinar\u00e1 de manera inmediata, su posici\u00f3n en la direcci\u00f3n con el papel de jefe de equipo. Por este mismo motivo, las otras responsabilidades de presidencia ser\u00e1n compartidas con el copresidente Andy Ruhan.<\/p>\n<p>&nbsp;<\/p>\n<p>Esta es la decisi\u00f3n que Gerard L\u00f3pez y Lotus han tomado y as\u00ed ha sido comunicada, en respuesta inmediata a la marcha del hasta ahora jefe del equipo Eric Boullier, para continuar con el fortalecimiento de su estructura de gesti\u00f3n, para aumentar a\u00fan m\u00e1s el papel de Genii en el equipo y para cerrar la brecha entre sus actividades estrat\u00e9gicas, comerciales y deportivas en Lotus.<\/p>\n<p>&nbsp;<\/p>\n<p>Sin duda ha sido una sorprendente reestructuraci\u00f3n dentro de la ejecutiva del equipo, ya que Gerard L\u00f3pez va a compaginar a un tiempo su papel de copresidente del equipo con las funciones de jefe de equipo, trabajo que desde hace cuatro a\u00f1os realizaba Eric Boullier, quien los rumores apuntan que podr\u00eda terminar en McLaren con las mismas funciones de jefe de equipo. Ahora Gerard L\u00f3pez ha apostado nuevamente por el equipo y doblando sus responsabilidades y con ello fortaleciendo la confianza y esfuerzos que siempre ha depositado en el equipo Lotus.<\/p>\n<p>&nbsp;<\/p>\n<p>Lotus tambi\u00e9n ha comunicado sus nuevos socios YotaPhone, as\u00ed como tambi\u00e9n anunciar\u00e1 la llegada de nuevos socios y su estructura organizativa para el 2014, en la primera prueba de pretemporada de Bahr\u00e9in en febrero, con la voluntad del equipo en seguir trabajando para convertirse en unos de los equipos fuertes de la F1.<\/p>\n<p>&nbsp;<\/p>\n<p>G\u00e9rard L\u00f3pez, co-presidente y director del equipo ha comunicado los cambios en un comunicado en la p\u00e1gina web oficial de Lotus:<\/p>\n<p>&nbsp;<\/p>\n<p><strong>\u201cLotus F1 Team nunca se ha detenido y estamos en lo que promete ser una emocionante temporada 2014 con un coche nuevo e innovador, nuevos socios y una nueva estructura de gesti\u00f3n en Enstone. Grandes cosas se han logrado en los \u00faltimos a\u00f1os y tenemos que seguir este impulso. Con esto en mente, estamos orgullosos de anunciar que hemos llegado a un acuerdo con YotaPhone y sus accionistas. YotaPhone accionistas se convertir\u00e1n en socios importantes para Genii y YotaPhone un patrocinador para el equipo Lotus F1 este a\u00f1o. Agradecemos a Eric para todos su duro trabajo durante los \u00faltimos cuatro a\u00f1os y estamos seguros de que podemos seguir luchando como uno de los mejores equipos de la F\u00f3rmula 1 a trav\u00e9s de las siguientes temporadas\u201d.<\/strong><\/p>\n<p>&nbsp;<\/p>\n<div class=\"sharedaddy sd-sharing-enabled\"><div class=\"robots-nocontent sd-block sd-social sd-social-official sd-sharing\"><h3 class=\"sd-title\">Opciones Sociales:<\/h3><div class=\"sd-content\"><ul><li class=\"share-facebook\"><div class=\"fb-share-button\" data-href=\"http:\/\/www.michael-schumacher.es\/noticias-f1\/2014\/01\/25\/gerard-lopez-asumira-las-funciones-de-jefe-de-equipo-en-lotus\/\" data-layout=\"button_count\"><\/div><\/li><li class=\"share-twitter\"><a href=\"https:\/\/twitter.com\/share\" class=\"twitter-share-button\" data-url=\"http:\/\/www.michael-schumacher.es\/noticias-f1\/2014\/01\/25\/gerard-lopez-asumira-las-funciones-de-jefe-de-equipo-en-lotus\/\" data-text=\"Gerard L\u00f3pez asumir\u00e1 las funciones de Jefe de equipo en Lotus\"  >Tweet<\/a><\/li><li class=\"share-email\"><a rel=\"nofollow noopener noreferrer\" data-shared=\"\" class=\"share-email sd-button\" href=\"http:\/\/www.michael-schumacher.es\/noticias-f1\/2014\/01\/25\/gerard-lopez-asumira-las-funciones-de-jefe-de-equipo-en-lotus\/?share=email\" target=\"_blank\" title=\"Haz clic para enviar por correo electr\u00f3nico a un amigo\"><span>Correo electr\u00f3nico<\/span><\/a><\/li><li class=\"share-end\"><\/li><\/ul><\/div><\/div><\/div>","protected":false},"excerpt":{"rendered":"<p>El equipo Lotus ha anunciado en la p\u00e1gina web oficial del equipo que Gerard L\u00f3pez, el copresidente del equipo combinar\u00e1 de manera inmediata, su posici\u00f3n en la direcci\u00f3n con el papel de jefe de equipo. Por este mismo motivo, las otras responsabilidades de presidencia ser\u00e1n compartidas con el copresidente Andy Ruhan.<\/p>\n<div class=\"sharedaddy sd-sharing-enabled\"><div class=\"robots-nocontent sd-block sd-social sd-social-official sd-sharing\"><h3 class=\"sd-title\">Opciones Sociales:<\/h3><div class=\"sd-content\"><ul><li class=\"share-facebook\"><div class=\"fb-share-button\" data-href=\"http:\/\/www.michael-schumacher.es\/noticias-f1\/2014\/01\/25\/gerard-lopez-asumira-las-funciones-de-jefe-de-equipo-en-lotus\/\" data-layout=\"button_count\"><\/div><\/li><li class=\"share-twitter\"><a href=\"https:\/\/twitter.com\/share\" class=\"twitter-share-button\" data-url=\"http:\/\/www.michael-schumacher.es\/noticias-f1\/2014\/01\/25\/gerard-lopez-asumira-las-funciones-de-jefe-de-equipo-en-lotus\/\" data-text=\"Gerard L\u00f3pez asumir\u00e1 las funciones de Jefe de equipo en Lotus\"  >Tweet<\/a><\/li><li class=\"share-email\"><a rel=\"nofollow noopener noreferrer\" data-shared=\"\" class=\"share-email sd-button\" href=\"http:\/\/www.michael-schumacher.es\/noticias-f1\/2014\/01\/25\/gerard-lopez-asumira-las-funciones-de-jefe-de-equipo-en-lotus\/?share=email\" target=\"_blank\" title=\"Haz clic para enviar por correo electr\u00f3nico a un amigo\"><span>Correo electr\u00f3nico<\/span><\/a><\/li><li class=\"share-end\"><\/li><\/ul><\/div><\/div><\/div>","protected":false},"author":3,"featured_media":0,"comment_status":"open","ping_status":"open","sticky":false,"template":"","format":"standard","meta":{"_monsterinsights_skip_tracking":false,"_monsterinsights_sitenote_active":false,"_monsterinsights_sitenote_note":"","_monsterinsights_sitenote_category":0,"spay_email":"","jetpack_publicize_message":"","jetpack_is_tweetstorm":false,"jetpack_publicize_feature_enabled":true},"categories":[3],"tags":[758,4822,4820,4821,620,381,232,17,15,2927,1390,207,1518,202,4523,2347,238],"jetpack_featured_media_url":"","jetpack_publicize_connections":[],"jetpack_sharing_enabled":true,"jetpack_shortlink":"https:\/\/wp.me\/p27q3P-3Ph","_links":{"self":[{"href":"http:\/\/www.michael-schumacher.es\/noticias-f1\/wp-json\/wp\/v2\/posts\/14711"}],"collection":[{"href":"http:\/\/www.michael-schumacher.es\/noticias-f1\/wp-json\/wp\/v2\/posts"}],"about":[{"href":"http:\/\/www.michael-schumacher.es\/noticias-f1\/wp-json\/wp\/v2\/types\/post"}],"author":[{"embeddable":true,"href":"http:\/\/www.michael-schumacher.es\/noticias-f1\/wp-json\/wp\/v2\/users\/3"}],"replies":[{"embeddable":true,"href":"http:\/\/www.michael-schumacher.es\/noticias-f1\/wp-json\/wp\/v2\/comments?post=14711"}],"version-history":[{"count":0,"href":"http:\/\/www.michael-schumacher.es\/noticias-f1\/wp-json\/wp\/v2\/posts\/14711\/revisions"}],"wp:attachment":[{"href":"http:\/\/www.michael-schumacher.es\/noticias-f1\/wp-json\/wp\/v2\/media?parent=14711"}],"wp:term":[{"taxonomy":"category","embeddable":true,"href":"http:\/\/www.michael-schumacher.es\/noticias-f1\/wp-json\/wp\/v2\/categories?post=14711"},{"taxonomy":"post_tag","embeddable":true,"href":"http:\/\/www.michael-schumacher.es\/noticias-f1\/wp-json\/wp\/v2\/tags?post=14711"}],"curies":[{"name":"wp","href":"https:\/\/api.w.org\/{rel}","templated":true}]}}