{"id":14724,"date":"2014-01-26T11:44:24","date_gmt":"2014-01-26T10:44:24","guid":{"rendered":"http:\/\/www.michael-schumacher.es\/noticias-f1\/?p=14724"},"modified":"2014-01-26T00:56:53","modified_gmt":"2014-01-25T23:56:53","slug":"neale-y-button-entusiasmados-con-el-regreso-de-ron-dennis-a-mclaren","status":"publish","type":"post","link":"http:\/\/www.michael-schumacher.es\/noticias-f1\/2014\/01\/26\/neale-y-button-entusiasmados-con-el-regreso-de-ron-dennis-a-mclaren\/","title":{"rendered":"Neale y Button entusiasmados con el regreso de Ron Dennis a McLaren"},"content":{"rendered":"<p><a href=\"http:\/\/www.michael-schumacher.es\/noticias-f1\/wp-content\/uploads\/2013\/02\/test-1-jerez-2013-jenson-button.jpg\"><img loading=\"lazy\" class=\"alignleft\" alt=\"Test 1 Jerez - Jenson Button\" src=\"http:\/\/www.michael-schumacher.es\/noticias-f1\/wp-content\/uploads\/2013\/02\/test-1-jerez-2013-jenson-button.jpg\" width=\"203\" height=\"114\" \/><\/a>El regreso de Ron Dennis a McLaren como director del equipo sustituyendo a Martin Whitmarsh, ha hecho reinar el entusiasmo y subir en gran medida el optimismo dentro de las filas de Mclaren, sin suda la confianza en su visi\u00f3n, fortaleza y vitalidad ha arrastrado a todos consigo, por lo menos eso es lo que se puede traducir de las palabras de agrado por la presencia de Ron Dennis, en Jenson Button y Jonathan Neale.<\/p>\n<p><!--more--> <!--noteaser--><\/p>\n<p><a href=\"http:\/\/www.michael-schumacher.es\/noticias-f1\/wp-content\/uploads\/2013\/02\/test-1-jerez-2013-jenson-button.jpg\"><img loading=\"lazy\" class=\"aligncenter size-full wp-image-7841\" alt=\"Test 1 Jerez - Jenson Button\" src=\"http:\/\/www.michael-schumacher.es\/noticias-f1\/wp-content\/uploads\/2013\/02\/test-1-jerez-2013-jenson-button.jpg\" width=\"650\" height=\"366\" srcset=\"http:\/\/www.michael-schumacher.es\/noticias-f1\/wp-content\/uploads\/2013\/02\/test-1-jerez-2013-jenson-button.jpg 650w, http:\/\/www.michael-schumacher.es\/noticias-f1\/wp-content\/uploads\/2013\/02\/test-1-jerez-2013-jenson-button-300x168.jpg 300w\" sizes=\"(max-width: 650px) 100vw, 650px\" \/><\/a><\/p>\n<p>&nbsp;<\/p>\n<p>El regreso de Ron Dennis a McLaren como director del equipo sustituyendo a Martin Whitmarsh, ha hecho reinar el entusiasmo y subir en gran medida el optimismo dentro de las filas de Mclaren, sin suda la confianza en su visi\u00f3n, fortaleza y vitalidad ha arrastrado a todos consigo, por lo menos eso es lo que se puede traducir de las palabras de agrado por la presencia de Ron Dennis, en Jenson Button y Jonathan Neale.<\/p>\n<p>&nbsp;<\/p>\n<p>Ron Dennis retoma sus funciones en McLaren con total actividad, ya que al menos en principio y hasta que se resuelva quien se ocupa de las funciones de Martin Whitmarsh, el propio Dennis se ocupar\u00e1 del equipo y de revisar todos los puntos clave para su correcto funcionamiento, por lo que tanto Button como Neale, conf\u00edan en que se asegurar\u00e1 de que McLaren est\u00e1 totalmente concentrado en ganar.<\/p>\n<p>&nbsp;<\/p>\n<p>Jonathan Neale, sin duda conf\u00eda en el entusiasmo y la visi\u00f3n para ganar de Dennis: <strong>\u201cRon est\u00e1 de vuelta!\u201d. \u00c9l est\u00e1 tan entusiasmado como siempre para los que lo conocen. Incluso est\u00e1 m\u00e1s apasionado y motivado por los cambios que se avecinan. Regres\u00f3 a un papel muy importante operar con nosotros en el departamento de F1, tiene muy fuerte visi\u00f3n de c\u00f3mo ganar y est\u00e1 totalmente concentrado en ganar \u201c.<\/strong><\/p>\n<p>&nbsp;<\/p>\n<p>Jenson Button, tambi\u00e9n esta entusiasmado con el regreso del que considera ha construido este equipo:<strong> \u201cEste equipo ha ganado con Ron, m\u00faltiples t\u00edtulos con Senna y Prost. Hay una gran historia entre Ron y el equipo, este es un verdadero competidor, \u00e9l realmente ha construido este equipo. Es bueno que \u00e9l tenga la oportunidad de dirigir el equipo de nuevo. Esto entusiasma a todos. Estamos todos emocionados!\u201d<\/strong><\/p>\n<p>&nbsp;<\/p>\n<p>Se desconoce el futuro de\u00a0 Martin Whitmarsh, aunque se rumorea que se ocupar\u00e1 de otras funciones, fuera del equipo. Tambi\u00e9n se rumorea que ser\u00e1 sustituido por Eric Boullier en las funciones de Jefe de Equipo, aunque probablemente todav\u00eda tendremos que esperar al menos hasta despu\u00e9s de las pruebas de Jerez para desvelar la inc\u00f3gnita.<\/p>\n<div class=\"sharedaddy sd-sharing-enabled\"><div class=\"robots-nocontent sd-block sd-social sd-social-official sd-sharing\"><h3 class=\"sd-title\">Opciones Sociales:<\/h3><div class=\"sd-content\"><ul><li class=\"share-facebook\"><div class=\"fb-share-button\" data-href=\"http:\/\/www.michael-schumacher.es\/noticias-f1\/2014\/01\/26\/neale-y-button-entusiasmados-con-el-regreso-de-ron-dennis-a-mclaren\/\" data-layout=\"button_count\"><\/div><\/li><li class=\"share-twitter\"><a href=\"https:\/\/twitter.com\/share\" class=\"twitter-share-button\" data-url=\"http:\/\/www.michael-schumacher.es\/noticias-f1\/2014\/01\/26\/neale-y-button-entusiasmados-con-el-regreso-de-ron-dennis-a-mclaren\/\" data-text=\"Neale y Button entusiasmados con el regreso de Ron Dennis a McLaren \"  >Tweet<\/a><\/li><li class=\"share-email\"><a rel=\"nofollow noopener noreferrer\" data-shared=\"\" class=\"share-email sd-button\" href=\"http:\/\/www.michael-schumacher.es\/noticias-f1\/2014\/01\/26\/neale-y-button-entusiasmados-con-el-regreso-de-ron-dennis-a-mclaren\/?share=email\" target=\"_blank\" title=\"Haz clic para enviar por correo electr\u00f3nico a un amigo\"><span>Correo electr\u00f3nico<\/span><\/a><\/li><li class=\"share-end\"><\/li><\/ul><\/div><\/div><\/div>","protected":false},"excerpt":{"rendered":"<p>El regreso de Ron Dennis a McLaren como director del equipo sustituyendo a Martin Whitmarsh, ha hecho reinar el entusiasmo y subir en gran medida el optimismo dentro de las filas de Mclaren, sin suda la confianza en su visi\u00f3n, fortaleza y vitalidad ha arrastrado a todos consigo, por lo menos eso es lo que [&hellip;]<\/p>\n<div class=\"sharedaddy sd-sharing-enabled\"><div class=\"robots-nocontent sd-block sd-social sd-social-official sd-sharing\"><h3 class=\"sd-title\">Opciones Sociales:<\/h3><div class=\"sd-content\"><ul><li class=\"share-facebook\"><div class=\"fb-share-button\" data-href=\"http:\/\/www.michael-schumacher.es\/noticias-f1\/2014\/01\/26\/neale-y-button-entusiasmados-con-el-regreso-de-ron-dennis-a-mclaren\/\" data-layout=\"button_count\"><\/div><\/li><li class=\"share-twitter\"><a href=\"https:\/\/twitter.com\/share\" class=\"twitter-share-button\" data-url=\"http:\/\/www.michael-schumacher.es\/noticias-f1\/2014\/01\/26\/neale-y-button-entusiasmados-con-el-regreso-de-ron-dennis-a-mclaren\/\" data-text=\"Neale y Button entusiasmados con el regreso de Ron Dennis a McLaren \"  >Tweet<\/a><\/li><li class=\"share-email\"><a rel=\"nofollow noopener noreferrer\" data-shared=\"\" class=\"share-email sd-button\" href=\"http:\/\/www.michael-schumacher.es\/noticias-f1\/2014\/01\/26\/neale-y-button-entusiasmados-con-el-regreso-de-ron-dennis-a-mclaren\/?share=email\" target=\"_blank\" title=\"Haz clic para enviar por correo electr\u00f3nico a un amigo\"><span>Correo electr\u00f3nico<\/span><\/a><\/li><li class=\"share-end\"><\/li><\/ul><\/div><\/div><\/div>","protected":false},"author":3,"featured_media":0,"comment_status":"open","ping_status":"open","sticky":false,"template":"","format":"standard","meta":{"_monsterinsights_skip_tracking":false,"_monsterinsights_sitenote_active":false,"_monsterinsights_sitenote_note":"","_monsterinsights_sitenote_category":0,"spay_email":"","jetpack_publicize_message":"","jetpack_is_tweetstorm":false,"jetpack_publicize_feature_enabled":true},"categories":[3],"tags":[13,4825,1750,4041,381,1545,17,15,557,12,3674,138,873,195,4823,1200,4824],"jetpack_featured_media_url":"","jetpack_publicize_connections":[],"jetpack_sharing_enabled":true,"jetpack_shortlink":"https:\/\/wp.me\/p27q3P-3Pu","_links":{"self":[{"href":"http:\/\/www.michael-schumacher.es\/noticias-f1\/wp-json\/wp\/v2\/posts\/14724"}],"collection":[{"href":"http:\/\/www.michael-schumacher.es\/noticias-f1\/wp-json\/wp\/v2\/posts"}],"about":[{"href":"http:\/\/www.michael-schumacher.es\/noticias-f1\/wp-json\/wp\/v2\/types\/post"}],"author":[{"embeddable":true,"href":"http:\/\/www.michael-schumacher.es\/noticias-f1\/wp-json\/wp\/v2\/users\/3"}],"replies":[{"embeddable":true,"href":"http:\/\/www.michael-schumacher.es\/noticias-f1\/wp-json\/wp\/v2\/comments?post=14724"}],"version-history":[{"count":0,"href":"http:\/\/www.michael-schumacher.es\/noticias-f1\/wp-json\/wp\/v2\/posts\/14724\/revisions"}],"wp:attachment":[{"href":"http:\/\/www.michael-schumacher.es\/noticias-f1\/wp-json\/wp\/v2\/media?parent=14724"}],"wp:term":[{"taxonomy":"category","embeddable":true,"href":"http:\/\/www.michael-schumacher.es\/noticias-f1\/wp-json\/wp\/v2\/categories?post=14724"},{"taxonomy":"post_tag","embeddable":true,"href":"http:\/\/www.michael-schumacher.es\/noticias-f1\/wp-json\/wp\/v2\/tags?post=14724"}],"curies":[{"name":"wp","href":"https:\/\/api.w.org\/{rel}","templated":true}]}}