{"id":14775,"date":"2014-01-29T11:47:14","date_gmt":"2014-01-29T10:47:14","guid":{"rendered":"http:\/\/www.michael-schumacher.es\/noticias-f1\/?p=14775"},"modified":"2014-01-29T01:08:33","modified_gmt":"2014-01-29T00:08:33","slug":"red-bull-ha-presentado-el-rb10","status":"publish","type":"post","link":"http:\/\/www.michael-schumacher.es\/noticias-f1\/2014\/01\/29\/red-bull-ha-presentado-el-rb10\/","title":{"rendered":"Red Bull ha presentado el RB10"},"content":{"rendered":"<p><a href=\"http:\/\/www.michael-schumacher.es\/noticias-f1\/wp-content\/uploads\/2014\/01\/Red_Bull-RB10-2___.jpg\"><img loading=\"lazy\" class=\"alignleft\" alt=\"Red_Bull-RB10-2___\" src=\"http:\/\/www.michael-schumacher.es\/noticias-f1\/wp-content\/uploads\/2014\/01\/Red_Bull-RB10-2___.jpg\" width=\"209\" height=\"139\" \/><\/a>El\u00a0 RB10 se dio a conocer en el pit lane\u00a0 del Circuito de Jerez esta ma\u00f1ana en la primera jornada de entrenamientos, de pretemporada. Con la presencia de sus pilotos el nuevo dise\u00f1o de Adrian Wewey ha sido visto por primera vez, tras cuatro a\u00f1os seguidos en los que han conseguido ganar el campeonato de F1, el RB10, es el nuevo aspirante del equipo para hacerse con el triunfo por quinta vez consecutiva.<\/p>\n<p><!--more--> <!--noteaser--><\/p>\n<p><a href=\"http:\/\/www.michael-schumacher.es\/noticias-f1\/wp-content\/uploads\/2014\/01\/Red_Bull-RB10-2___.jpg\"><img loading=\"lazy\" class=\"aligncenter size-full wp-image-14781\" alt=\"Red_Bull-RB10-2___\" src=\"http:\/\/www.michael-schumacher.es\/noticias-f1\/wp-content\/uploads\/2014\/01\/Red_Bull-RB10-2___.jpg\" width=\"650\" height=\"433\" srcset=\"http:\/\/www.michael-schumacher.es\/noticias-f1\/wp-content\/uploads\/2014\/01\/Red_Bull-RB10-2___.jpg 650w, http:\/\/www.michael-schumacher.es\/noticias-f1\/wp-content\/uploads\/2014\/01\/Red_Bull-RB10-2___-300x199.jpg 300w\" sizes=\"(max-width: 650px) 100vw, 650px\" \/><\/a><\/p>\n<p>&nbsp;<\/p>\n<p>El\u00a0 RB10 se dio a conocer en el pit lane\u00a0 del Circuito de Jerez esta ma\u00f1ana en la primera jornada de entrenamientos, de pretemporada. Con la presencia de sus pilotos el nuevo dise\u00f1o de Adrian Wewey ha sido visto por primera vez, tras cuatro a\u00f1os seguidos en los que han conseguido ganar el campeonato de F1, el RB10, es el nuevo aspirante del equipo para hacerse con el triunfo por quinta vez consecutiva.<\/p>\n<p>&nbsp;<\/p>\n<p>A la hora se\u00f1alada se despej\u00f3 la sabana, de la mano de sus pilotos\u00a0 y apareci\u00f3 el RB10. Tambi\u00e9n con el dise\u00f1o del Red Bull hemos podido observar la el morro con el estilo llamado oso hormiguero, una salida afilada en el final del morro. Aunque Red Bull ha explicado que el RB10 es su primera interpretaci\u00f3n de las nuevas normas.<\/p>\n<p>&nbsp;<\/p>\n<p><strong>Christian Horne<\/strong>r el jefe del equipo explic\u00f3 el esfuerzo de tener el monoplaza a tiempo para estas primeras pruebas de pretemporada: <strong>\u201cHa sido \u00e9pico este invierno! Obviamente es mucho m\u00e1s complicado este a\u00f1o &#8211; es probable que haya un 40 por ciento m\u00e1s dibujos necesarios para producir el coche y , por tanto, que muchas m\u00e1s partes que se har\u00e1n y el esfuerzo que se ha tenido el equipo que est\u00e1 detr\u00e1s de las escenas ha sido bastante excepcional.\u00a0 Y cuando se piensa que s\u00f3lo empezamos nuestras pruebas de choque hace diez d\u00edas, ha sido un esfuerzo herc\u00faleo por todos en MK . Para tener un coche aqu\u00ed en la primera prueba es un logro en s\u00ed mismo\u201d.<\/strong><\/p>\n<p>&nbsp;<\/p>\n<p><strong>Adrian Newey\u00a0<\/strong> confes\u00f3 sentir algo de nervios en estos primeros momentos: <strong>\u201cSupongo que con el rendimiento que tuvimos en la final del a\u00f1o pasado, habr\u00edamos sido muy felices si los reglamentos no hab\u00edan cambiado! Pero esta es la realidad: . . . Los reglamentos deben cambiar de vez en cuando es una oportunidad igual para todos nosotros es un nuevo comienzo con ese ligero nerviosismo y la tensi\u00f3n que viene de pensar acerca lo que todo el mundo ha estado haciendo. Sabemos lo que hemos hecho, pero no si eso es tan bueno como los trabajos realizados por otras personas\u201d.<\/strong><\/p>\n<p>&nbsp;<\/p>\n<div class=\"sharedaddy sd-sharing-enabled\"><div class=\"robots-nocontent sd-block sd-social sd-social-official sd-sharing\"><h3 class=\"sd-title\">Opciones Sociales:<\/h3><div class=\"sd-content\"><ul><li class=\"share-facebook\"><div class=\"fb-share-button\" data-href=\"http:\/\/www.michael-schumacher.es\/noticias-f1\/2014\/01\/29\/red-bull-ha-presentado-el-rb10\/\" data-layout=\"button_count\"><\/div><\/li><li class=\"share-twitter\"><a href=\"https:\/\/twitter.com\/share\" class=\"twitter-share-button\" data-url=\"http:\/\/www.michael-schumacher.es\/noticias-f1\/2014\/01\/29\/red-bull-ha-presentado-el-rb10\/\" data-text=\"Red Bull ha presentado el RB10 \"  >Tweet<\/a><\/li><li class=\"share-email\"><a rel=\"nofollow noopener noreferrer\" data-shared=\"\" class=\"share-email sd-button\" href=\"http:\/\/www.michael-schumacher.es\/noticias-f1\/2014\/01\/29\/red-bull-ha-presentado-el-rb10\/?share=email\" target=\"_blank\" title=\"Haz clic para enviar por correo electr\u00f3nico a un amigo\"><span>Correo electr\u00f3nico<\/span><\/a><\/li><li class=\"share-end\"><\/li><\/ul><\/div><\/div><\/div>","protected":false},"excerpt":{"rendered":"<p>El\u00a0 RB10 se dio a conocer en el pit lane\u00a0 del Circuito de Jerez esta ma\u00f1ana en la primera jornada de entrenamientos, de pretemporada. Con la presencia de sus pilotos el nuevo dise\u00f1o de Adrian Wewey ha sido visto por primera vez, tras cuatro a\u00f1os seguidos en los que han conseguido ganar el campeonato de [&hellip;]<\/p>\n<div class=\"sharedaddy sd-sharing-enabled\"><div class=\"robots-nocontent sd-block sd-social sd-social-official sd-sharing\"><h3 class=\"sd-title\">Opciones Sociales:<\/h3><div class=\"sd-content\"><ul><li class=\"share-facebook\"><div class=\"fb-share-button\" data-href=\"http:\/\/www.michael-schumacher.es\/noticias-f1\/2014\/01\/29\/red-bull-ha-presentado-el-rb10\/\" data-layout=\"button_count\"><\/div><\/li><li class=\"share-twitter\"><a href=\"https:\/\/twitter.com\/share\" class=\"twitter-share-button\" data-url=\"http:\/\/www.michael-schumacher.es\/noticias-f1\/2014\/01\/29\/red-bull-ha-presentado-el-rb10\/\" data-text=\"Red Bull ha presentado el RB10 \"  >Tweet<\/a><\/li><li class=\"share-email\"><a rel=\"nofollow noopener noreferrer\" data-shared=\"\" class=\"share-email sd-button\" href=\"http:\/\/www.michael-schumacher.es\/noticias-f1\/2014\/01\/29\/red-bull-ha-presentado-el-rb10\/?share=email\" target=\"_blank\" title=\"Haz clic para enviar por correo electr\u00f3nico a un amigo\"><span>Correo electr\u00f3nico<\/span><\/a><\/li><li class=\"share-end\"><\/li><\/ul><\/div><\/div><\/div>","protected":false},"author":3,"featured_media":0,"comment_status":"open","ping_status":"open","sticky":false,"template":"","format":"standard","meta":{"_monsterinsights_skip_tracking":false,"_monsterinsights_sitenote_active":false,"_monsterinsights_sitenote_note":"","_monsterinsights_sitenote_category":0,"spay_email":"","jetpack_publicize_message":"","jetpack_is_tweetstorm":false,"jetpack_publicize_feature_enabled":true},"categories":[3],"tags":[758,25,550,101,17,15,2760,551,4439,51,499,102,71,4836,238,3484,30],"jetpack_featured_media_url":"","jetpack_publicize_connections":[],"jetpack_sharing_enabled":true,"jetpack_shortlink":"https:\/\/wp.me\/p27q3P-3Qj","_links":{"self":[{"href":"http:\/\/www.michael-schumacher.es\/noticias-f1\/wp-json\/wp\/v2\/posts\/14775"}],"collection":[{"href":"http:\/\/www.michael-schumacher.es\/noticias-f1\/wp-json\/wp\/v2\/posts"}],"about":[{"href":"http:\/\/www.michael-schumacher.es\/noticias-f1\/wp-json\/wp\/v2\/types\/post"}],"author":[{"embeddable":true,"href":"http:\/\/www.michael-schumacher.es\/noticias-f1\/wp-json\/wp\/v2\/users\/3"}],"replies":[{"embeddable":true,"href":"http:\/\/www.michael-schumacher.es\/noticias-f1\/wp-json\/wp\/v2\/comments?post=14775"}],"version-history":[{"count":0,"href":"http:\/\/www.michael-schumacher.es\/noticias-f1\/wp-json\/wp\/v2\/posts\/14775\/revisions"}],"wp:attachment":[{"href":"http:\/\/www.michael-schumacher.es\/noticias-f1\/wp-json\/wp\/v2\/media?parent=14775"}],"wp:term":[{"taxonomy":"category","embeddable":true,"href":"http:\/\/www.michael-schumacher.es\/noticias-f1\/wp-json\/wp\/v2\/categories?post=14775"},{"taxonomy":"post_tag","embeddable":true,"href":"http:\/\/www.michael-schumacher.es\/noticias-f1\/wp-json\/wp\/v2\/tags?post=14775"}],"curies":[{"name":"wp","href":"https:\/\/api.w.org\/{rel}","templated":true}]}}