{"id":14780,"date":"2014-01-29T13:08:29","date_gmt":"2014-01-29T12:08:29","guid":{"rendered":"http:\/\/www.michael-schumacher.es\/noticias-f1\/?p=14780"},"modified":"2014-01-29T02:33:29","modified_gmt":"2014-01-29T01:33:29","slug":"mercedes-ha-presentado-el-w05","status":"publish","type":"post","link":"http:\/\/www.michael-schumacher.es\/noticias-f1\/2014\/01\/29\/mercedes-ha-presentado-el-w05\/","title":{"rendered":"Mercedes ha presentado el W05"},"content":{"rendered":"<p><a href=\"http:\/\/www.michael-schumacher.es\/noticias-f1\/wp-content\/uploads\/2014\/01\/mercedes-w05-5-nico_rosberg.jpg\"><img loading=\"lazy\" class=\"alignleft\" alt=\"mercedes-w05-5-nico_rosberg\" src=\"http:\/\/www.michael-schumacher.es\/noticias-f1\/wp-content\/uploads\/2014\/01\/mercedes-w05-5-nico_rosberg.jpg\" width=\"200\" height=\"133\" \/><\/a>Como estaba previsto el primer d\u00eda de Test en Jerez se ha desvelado el nuevo W05,\u00a0 Nico Rosberg y Lewis Hamilton los pilotos oficiales del equipo fueron los encargados de descubrirlo al mundo. En el dise\u00f1o del Mercedes no se puede observar el ya famoso morro de oso hormiguero, han elegido un dise\u00f1o similar al de Ferrari, con escal\u00f3n suavizado. Tal como ha explicado Toto Wolff la nueva Flecha de Plata es el resultado del dise\u00f1o en los equipos de ingenier\u00eda del equipo, en las bases de\u00a0 Brackley y Brixworth.<\/p>\n<p><!--more--> <!--noteaser--><\/p>\n<p><a href=\"http:\/\/www.michael-schumacher.es\/noticias-f1\/wp-content\/uploads\/2014\/01\/mercedes-w05-5-nico_rosberg.jpg\"><img loading=\"lazy\" class=\"aligncenter size-full wp-image-14788\" alt=\"mercedes-w05-5-nico_rosberg\" src=\"http:\/\/www.michael-schumacher.es\/noticias-f1\/wp-content\/uploads\/2014\/01\/mercedes-w05-5-nico_rosberg.jpg\" width=\"650\" height=\"433\" srcset=\"http:\/\/www.michael-schumacher.es\/noticias-f1\/wp-content\/uploads\/2014\/01\/mercedes-w05-5-nico_rosberg.jpg 650w, http:\/\/www.michael-schumacher.es\/noticias-f1\/wp-content\/uploads\/2014\/01\/mercedes-w05-5-nico_rosberg-300x199.jpg 300w\" sizes=\"(max-width: 650px) 100vw, 650px\" \/><\/a><\/p>\n<p>&nbsp;<\/p>\n<p>Como estaba previsto el primer d\u00eda de Test en Jerez se ha desvelado el nuevo W05,\u00a0 Nico Rosberg y Lewis Hamilton los pilotos oficiales del equipo fueron los encargados de descubrirlo al mundo. En el dise\u00f1o del Mercedes no se puede observar el ya famoso morro de oso hormiguero, han elegido un dise\u00f1o similar al de Ferrari, con escal\u00f3n suavizado. Tal como ha explicado Toto Wolff la nueva Flecha de Plata es el resultado del dise\u00f1o en los equipos de ingenier\u00eda del equipo, en las bases de\u00a0 Brackley y Brixworth.<\/p>\n<p>&nbsp;<\/p>\n<p>Para el equipo Mercedes en palabras de su director ejecutivo la aventura no ha hecho m\u00e1s que empezar ya que ahora hay un invierno ocupado y una larga temporada en la que el rendimiento y la fiabilidad tendr\u00e1n gran importancia, pero este nuevo monoplaza y su motor o unidad de potencia, es el resultado de varios a\u00f1os de intenso esfuerzo. Con el que Nico Rosberg y Lewis Hamilton disputar\u00e1n el campeonato de 2014.<\/p>\n<p>&nbsp;<\/p>\n<p><strong>Toto Wolff, Director Ejecutivo del equipo y jefe de Mercedes-Benz Motorsport,:<\/strong> <em>\u201cSiempre es emocionante para sacar los abrigos a un nuevo coche por primera vez pero m\u00e1s a\u00fan en el inicio de esta temporada memorable 2014. Nuestra nueva Flecha de Plata es el resultado de una sola mente con un enfoque integrado entre nuestros equipos de ingenier\u00eda. Mis felicitaciones y agradecimiento a todos los miembros del equipo en Brackley, en Brixworth y tambi\u00e9n en nuestro socio clave, PETRONAS, por su ardua labor para ofrecer este nuevo coche y la unidad de potencia en su coraz\u00f3n,.. Es el resultado de varios a\u00f1os de intenso esfuerzo, pero sabemos que la aventura no ha hecho m\u00e1s que empezar tenemos un invierno ocupado con un\u00a0 per\u00edodo de prueba por delante de nosotros y una larga temporada en la que el rendimiento y la fiabilidad ser\u00e1 de importancia decisiva. Lewis y Nico comienzan la temporada con hambre de \u00e9xito y estoy seguro de que nuestro equipo se beneficiar\u00e1 gracias a la continuidad de su trabajo durante el per\u00edodo de invierno. Nosotros vamos a tener un impulso positivo despu\u00e9s de nuestro segundo puesto la temporada pasada. Nuestro claro objetivo es continuar construyendo nuestro equipo y nuestro objetivo es reflejarlo en cada fin de semana en el 2014.\u201d<\/em><\/p>\n<p>&nbsp;<\/p>\n<p><strong>Paddy Lowe Director T\u00e9cnico:<\/strong> <em>\u201cPara 2014 tenemos probablemente el mayor cambio en la normativa de la historia de la F\u00f3rmula Uno y el comienzo de una nueva era para nuestro deporte. Desde un punto de vista t\u00e9cnico y tambi\u00e9n de las carreras, este es un momento muy emocionante para la F\u00f3rmula Uno. Estamos introduciendo tecnolog\u00edas que son nuevas y no s\u00f3lo a la competici\u00f3n sino para el mundo del autom\u00f3vil m\u00e1s amplio. El t\u00edtulo destacado es la\u00a0 mejora de la eficiencia y el hecho de que iremos completando carreras con sistemas h\u00edbridos avanzados con s\u00f3lo 100 kg de combustible, lo que env\u00eda un gran mensaje sobre la tecnolog\u00eda que la F\u00f3rmula Uno puede entregar. Pero tambi\u00e9n se trata de la tecnolog\u00eda que Mercedes-Benz puede desarrollar en comparaci\u00f3n con nuestra competencia, tanto para el chasis y la nueva unidad de potencia. Todo el equipo ha hecho un trabajo fant\u00e1stico en la gesti\u00f3n del proyecto y de su entrega. Hemos logrado nuestros hitos y golpeado nuestros objetivos pero, como siempre, s\u00f3lo empezaremos a entender el \u00e9xito que hemos tenido, una vez que empecemos a correr el camino El nuevo coche es un dise\u00f1o elegante pero agresivo y, como suele ser el camino, su belleza es mucho m\u00e1s profunda que en la piel, la ingenier\u00eda interna del coche es muy innovadora e inteligente Nuestro equipo puede estar justificadamente orgullosos de su trabajo hasta el momento, pero ninguno de nosotros est\u00e1 bajo ninguna ilusi\u00f3n sobre la cantidad que nos queda por hacer antes de la primera carrera en un plazo de seis semanas.\u201d<\/em><\/p>\n<div class=\"sharedaddy sd-sharing-enabled\"><div class=\"robots-nocontent sd-block sd-social sd-social-official sd-sharing\"><h3 class=\"sd-title\">Opciones Sociales:<\/h3><div class=\"sd-content\"><ul><li class=\"share-facebook\"><div class=\"fb-share-button\" data-href=\"http:\/\/www.michael-schumacher.es\/noticias-f1\/2014\/01\/29\/mercedes-ha-presentado-el-w05\/\" data-layout=\"button_count\"><\/div><\/li><li class=\"share-twitter\"><a href=\"https:\/\/twitter.com\/share\" class=\"twitter-share-button\" data-url=\"http:\/\/www.michael-schumacher.es\/noticias-f1\/2014\/01\/29\/mercedes-ha-presentado-el-w05\/\" data-text=\"Mercedes ha presentado el W05\"  >Tweet<\/a><\/li><li class=\"share-email\"><a rel=\"nofollow noopener noreferrer\" data-shared=\"\" class=\"share-email sd-button\" href=\"http:\/\/www.michael-schumacher.es\/noticias-f1\/2014\/01\/29\/mercedes-ha-presentado-el-w05\/?share=email\" target=\"_blank\" title=\"Haz clic para enviar por correo electr\u00f3nico a un amigo\"><span>Correo electr\u00f3nico<\/span><\/a><\/li><li class=\"share-end\"><\/li><\/ul><\/div><\/div><\/div>","protected":false},"excerpt":{"rendered":"<p>Como estaba previsto el primer d\u00eda de Test en Jerez se ha desvelado el nuevo W05,\u00a0 Nico Rosberg y Lewis Hamilton los pilotos oficiales del equipo fueron los encargados de descubrirlo al mundo. En el dise\u00f1o del Mercedes no se puede observar el ya famoso morro de oso hormiguero, han elegido un dise\u00f1o similar al [&hellip;]<\/p>\n<div class=\"sharedaddy sd-sharing-enabled\"><div class=\"robots-nocontent sd-block sd-social sd-social-official sd-sharing\"><h3 class=\"sd-title\">Opciones Sociales:<\/h3><div class=\"sd-content\"><ul><li class=\"share-facebook\"><div class=\"fb-share-button\" data-href=\"http:\/\/www.michael-schumacher.es\/noticias-f1\/2014\/01\/29\/mercedes-ha-presentado-el-w05\/\" data-layout=\"button_count\"><\/div><\/li><li class=\"share-twitter\"><a href=\"https:\/\/twitter.com\/share\" class=\"twitter-share-button\" data-url=\"http:\/\/www.michael-schumacher.es\/noticias-f1\/2014\/01\/29\/mercedes-ha-presentado-el-w05\/\" data-text=\"Mercedes ha presentado el W05\"  >Tweet<\/a><\/li><li class=\"share-email\"><a rel=\"nofollow noopener noreferrer\" data-shared=\"\" class=\"share-email sd-button\" href=\"http:\/\/www.michael-schumacher.es\/noticias-f1\/2014\/01\/29\/mercedes-ha-presentado-el-w05\/?share=email\" target=\"_blank\" title=\"Haz clic para enviar por correo electr\u00f3nico a un amigo\"><span>Correo electr\u00f3nico<\/span><\/a><\/li><li class=\"share-end\"><\/li><\/ul><\/div><\/div><\/div>","protected":false},"author":3,"featured_media":0,"comment_status":"open","ping_status":"open","sticky":false,"template":"","format":"standard","meta":{"_monsterinsights_skip_tracking":false,"_monsterinsights_sitenote_active":false,"_monsterinsights_sitenote_note":"","_monsterinsights_sitenote_category":0,"spay_email":"","jetpack_publicize_message":"","jetpack_is_tweetstorm":false,"jetpack_publicize_feature_enabled":true},"categories":[3],"tags":[758,135,550,17,15,2760,11,657,10,304,308,551,1400,1342,259,238,4696],"jetpack_featured_media_url":"","jetpack_publicize_connections":[],"jetpack_sharing_enabled":true,"jetpack_shortlink":"https:\/\/wp.me\/p27q3P-3Qo","_links":{"self":[{"href":"http:\/\/www.michael-schumacher.es\/noticias-f1\/wp-json\/wp\/v2\/posts\/14780"}],"collection":[{"href":"http:\/\/www.michael-schumacher.es\/noticias-f1\/wp-json\/wp\/v2\/posts"}],"about":[{"href":"http:\/\/www.michael-schumacher.es\/noticias-f1\/wp-json\/wp\/v2\/types\/post"}],"author":[{"embeddable":true,"href":"http:\/\/www.michael-schumacher.es\/noticias-f1\/wp-json\/wp\/v2\/users\/3"}],"replies":[{"embeddable":true,"href":"http:\/\/www.michael-schumacher.es\/noticias-f1\/wp-json\/wp\/v2\/comments?post=14780"}],"version-history":[{"count":0,"href":"http:\/\/www.michael-schumacher.es\/noticias-f1\/wp-json\/wp\/v2\/posts\/14780\/revisions"}],"wp:attachment":[{"href":"http:\/\/www.michael-schumacher.es\/noticias-f1\/wp-json\/wp\/v2\/media?parent=14780"}],"wp:term":[{"taxonomy":"category","embeddable":true,"href":"http:\/\/www.michael-schumacher.es\/noticias-f1\/wp-json\/wp\/v2\/categories?post=14780"},{"taxonomy":"post_tag","embeddable":true,"href":"http:\/\/www.michael-schumacher.es\/noticias-f1\/wp-json\/wp\/v2\/tags?post=14780"}],"curies":[{"name":"wp","href":"https:\/\/api.w.org\/{rel}","templated":true}]}}