{"id":1495,"date":"2012-06-22T19:15:39","date_gmt":"2012-06-22T17:15:39","guid":{"rendered":"http:\/\/www.michael-schumacher.es\/noticias-f1\/?p=1495"},"modified":"2012-06-22T19:15:39","modified_gmt":"2012-06-22T17:15:39","slug":"entrenamientos-gp-de-europa-valencia-2012-hrt","status":"publish","type":"post","link":"http:\/\/www.michael-schumacher.es\/noticias-f1\/2012\/06\/22\/entrenamientos-gp-de-europa-valencia-2012-hrt\/","title":{"rendered":"Entrenamientos GP de Europa, Valencia 2012. HRT"},"content":{"rendered":"<p><img loading=\"lazy\" class=\"alignleft\" title=\"HRT\" src=\"http:\/\/img.michael-schumacher.es\/noticias-f1\/hrt\/hrt-1-mini.jpg\" alt=\"\" width=\"202\" height=\"100\" \/>Narain Karthikeyan y Pedro de la Rosa han rodado a buen ritmo y, mientras el piloto indio ha trabajado con las dos opciones de neum\u00e1ticos, de la Rosa solo ha podido probar el neum\u00e1tico medio dejando el blando para ma\u00f1ana.<\/p>\n<p><!--more--> <!--noteaser--><\/p>\n<p><img loading=\"lazy\" class=\"aligncenter\" title=\"hrt\" src=\"http:\/\/img.michael-schumacher.es\/noticias-f1\/hrt\/hrt-1.jpg\" alt=\"\" width=\"605\" height=\"300\" \/><\/p>\n<p>Narain Karthikeyan y Pedro de la Rosa han rodado a buen ritmo y, mientras el piloto indio ha trabajado con las dos opciones de neum\u00e1ticos, de la Rosa solo ha podido probar el neum\u00e1tico medio dejando el blando para ma\u00f1ana.<\/p>\n<p>&nbsp;<\/p>\n<p>Los circuitos urbanos son espectaculares pero no perdonan y hoy Pedro de la Rosa lo ha sufrido en sus propias carnes cuando en la vuelta 12 se ha ido largo y ha impactado contra el muro en la curva 14. A pesar del golpe, el piloto se encuentra perfectamente y los mec\u00e1nicos ya trabajan para dejar su coche en perfectas condiciones para ma\u00f1ana. Las pruebas de hoy han confirmado las previsiones de que la refrigeraci\u00f3n de los frenos ser\u00eda un elemento clave pero el equipo todav\u00eda cuenta con las sesiones de ma\u00f1ana para optimizarla al m\u00e1ximo y tratar de llevar los dos coches hasta la meta delante de toda la afici\u00f3n.<\/p>\n<p>&nbsp;<\/p>\n<p><strong>Pedro de la Rosa:<\/strong> \u00abEn la primera sesi\u00f3n nuestro punto m\u00e1s d\u00e9bil eran las frenadas, donde est\u00e1bamos bloqueando mucho tanto delante como detr\u00e1s. Con los cambios que hemos hecho, por la tarde hemos mejorado bastante y se ha notado enseguida. La sesi\u00f3n estaba yendo bien pero he cometido un error y he tenido una salida de pista que, desafortunadamente, ha da\u00f1ado la suspensi\u00f3n delantera. Ah\u00ed ha terminado mi sesi\u00f3n y no hemos podido montar los neum\u00e1ticos blandos ni hacer muchas de las cosas que ten\u00edamos pensadas pero me quedo con lo positivo que es que hemos mejorado el coche. Yo estoy bien y los mec\u00e1nicos ya est\u00e1n reparando el coche. Son profesionales extraordinarios y ma\u00f1ana estar\u00e1 todo listo de nuevo para que lo demos todo de nuevo ante la afici\u00f3n\u201d.<\/p>\n<p>&nbsp;<\/p>\n<p><strong>Narain Karthikeyan:<\/strong> \u00abLa pista estaba muy sucia por la ma\u00f1ana ya que era la primera vez que se corr\u00eda sobre ella, as\u00ed que nos hemos dedicado a rodar y trabajar en la puesta a punto y la distribuci\u00f3n de pesos del monoplaza. Por la tarde hemos trabajado en cosas distintas ya que el trazado estaba en mejores condiciones, pero hemos tenido dificultades a la hora de calentar los neum\u00e1ticos blandos para la vuelta r\u00e1pida. En eso es lo que tenemos que trabajar para sacar el m\u00e1ximo rendimiento en la sesi\u00f3n de clasificaci\u00f3n. En general ha sido una buena jornada y ma\u00f1ana partiremos de esta base para encontrar ese buen rendimiento en clasificaci\u00f3n que tanto tiempo llevo buscando\u201d.<\/p>\n<p>&nbsp;<\/p>\n<p><strong>Luis P\u00e9rez-Sala, Team Principal:<\/strong> \u00abEn general ha sido una jornada positiva; por la ma\u00f1ana est\u00e1bamos entorno al 104% y por la tarde, tras ajustar el equilibrio del coche, las sensaciones han mejorado. Narain, con el dep\u00f3sito lleno, ha tenido un ritmo bastante bueno y el coche ha aguantado bien, pero sin embargo no ha podido sacar el m\u00e1ximo rendimiento de los neum\u00e1ticos blandos. Pedro ha tenido un accidente antes de montar los neum\u00e1ticos blandos pero afortunadamente no ha tenido demasiada importancia por lo que ma\u00f1ana trataremos de recuperar el tiempo perdido. Hoy nos hemos centrado en la carrera y ma\u00f1ana trabajaremos con la clasificaci\u00f3n en mente\u201d.<\/p>\n<div class=\"sharedaddy sd-sharing-enabled\"><div class=\"robots-nocontent sd-block sd-social sd-social-official sd-sharing\"><h3 class=\"sd-title\">Opciones Sociales:<\/h3><div class=\"sd-content\"><ul><li class=\"share-facebook\"><div class=\"fb-share-button\" data-href=\"http:\/\/www.michael-schumacher.es\/noticias-f1\/2012\/06\/22\/entrenamientos-gp-de-europa-valencia-2012-hrt\/\" data-layout=\"button_count\"><\/div><\/li><li class=\"share-twitter\"><a href=\"https:\/\/twitter.com\/share\" class=\"twitter-share-button\" data-url=\"http:\/\/www.michael-schumacher.es\/noticias-f1\/2012\/06\/22\/entrenamientos-gp-de-europa-valencia-2012-hrt\/\" data-text=\"Entrenamientos GP de Europa, Valencia 2012. HRT\"  >Tweet<\/a><\/li><li class=\"share-email\"><a rel=\"nofollow noopener noreferrer\" data-shared=\"\" class=\"share-email sd-button\" href=\"http:\/\/www.michael-schumacher.es\/noticias-f1\/2012\/06\/22\/entrenamientos-gp-de-europa-valencia-2012-hrt\/?share=email\" target=\"_blank\" title=\"Haz clic para enviar por correo electr\u00f3nico a un amigo\"><span>Correo electr\u00f3nico<\/span><\/a><\/li><li class=\"share-end\"><\/li><\/ul><\/div><\/div><\/div>","protected":false},"excerpt":{"rendered":"<p>Narain Karthikeyan y Pedro de la Rosa han rodado a buen ritmo y, mientras el piloto indio ha trabajado con las dos opciones de neum\u00e1ticos, de la Rosa solo ha podido probar el neum\u00e1tico medio dejando el blando para ma\u00f1ana.<\/p>\n<div class=\"sharedaddy sd-sharing-enabled\"><div class=\"robots-nocontent sd-block sd-social sd-social-official sd-sharing\"><h3 class=\"sd-title\">Opciones Sociales:<\/h3><div class=\"sd-content\"><ul><li class=\"share-facebook\"><div class=\"fb-share-button\" data-href=\"http:\/\/www.michael-schumacher.es\/noticias-f1\/2012\/06\/22\/entrenamientos-gp-de-europa-valencia-2012-hrt\/\" data-layout=\"button_count\"><\/div><\/li><li class=\"share-twitter\"><a href=\"https:\/\/twitter.com\/share\" class=\"twitter-share-button\" data-url=\"http:\/\/www.michael-schumacher.es\/noticias-f1\/2012\/06\/22\/entrenamientos-gp-de-europa-valencia-2012-hrt\/\" data-text=\"Entrenamientos GP de Europa, Valencia 2012. HRT\"  >Tweet<\/a><\/li><li class=\"share-email\"><a rel=\"nofollow noopener noreferrer\" data-shared=\"\" class=\"share-email sd-button\" href=\"http:\/\/www.michael-schumacher.es\/noticias-f1\/2012\/06\/22\/entrenamientos-gp-de-europa-valencia-2012-hrt\/?share=email\" target=\"_blank\" title=\"Haz clic para enviar por correo electr\u00f3nico a un amigo\"><span>Correo electr\u00f3nico<\/span><\/a><\/li><li class=\"share-end\"><\/li><\/ul><\/div><\/div><\/div>","protected":false},"author":3,"featured_media":0,"comment_status":"open","ping_status":"open","sticky":false,"template":"","format":"standard","meta":{"_monsterinsights_skip_tracking":false,"_monsterinsights_sitenote_active":false,"_monsterinsights_sitenote_note":"","_monsterinsights_sitenote_category":0,"spay_email":"","jetpack_publicize_message":"","jetpack_is_tweetstorm":false,"jetpack_publicize_feature_enabled":true},"categories":[67,3],"tags":[14,78,131,190,17,15,6,79,132,76,204],"jetpack_featured_media_url":"","jetpack_publicize_connections":[],"jetpack_sharing_enabled":true,"jetpack_shortlink":"https:\/\/wp.me\/p27q3P-o7","_links":{"self":[{"href":"http:\/\/www.michael-schumacher.es\/noticias-f1\/wp-json\/wp\/v2\/posts\/1495"}],"collection":[{"href":"http:\/\/www.michael-schumacher.es\/noticias-f1\/wp-json\/wp\/v2\/posts"}],"about":[{"href":"http:\/\/www.michael-schumacher.es\/noticias-f1\/wp-json\/wp\/v2\/types\/post"}],"author":[{"embeddable":true,"href":"http:\/\/www.michael-schumacher.es\/noticias-f1\/wp-json\/wp\/v2\/users\/3"}],"replies":[{"embeddable":true,"href":"http:\/\/www.michael-schumacher.es\/noticias-f1\/wp-json\/wp\/v2\/comments?post=1495"}],"version-history":[{"count":0,"href":"http:\/\/www.michael-schumacher.es\/noticias-f1\/wp-json\/wp\/v2\/posts\/1495\/revisions"}],"wp:attachment":[{"href":"http:\/\/www.michael-schumacher.es\/noticias-f1\/wp-json\/wp\/v2\/media?parent=1495"}],"wp:term":[{"taxonomy":"category","embeddable":true,"href":"http:\/\/www.michael-schumacher.es\/noticias-f1\/wp-json\/wp\/v2\/categories?post=1495"},{"taxonomy":"post_tag","embeddable":true,"href":"http:\/\/www.michael-schumacher.es\/noticias-f1\/wp-json\/wp\/v2\/tags?post=1495"}],"curies":[{"name":"wp","href":"https:\/\/api.w.org\/{rel}","templated":true}]}}