{"id":14970,"date":"2014-02-05T12:39:19","date_gmt":"2014-02-05T11:39:19","guid":{"rendered":"http:\/\/www.michael-schumacher.es\/noticias-f1\/?p=14970"},"modified":"2014-02-05T03:08:37","modified_gmt":"2014-02-05T02:08:37","slug":"button-los-gp2-van-a-estar-muy-cerca-en-algunos-circuitos-de-f1","status":"publish","type":"post","link":"http:\/\/www.michael-schumacher.es\/noticias-f1\/2014\/02\/05\/button-los-gp2-van-a-estar-muy-cerca-en-algunos-circuitos-de-f1\/","title":{"rendered":"Button: \u00abLos GP2 van a estar muy cerca en algunos circuitos de F1\u00bb"},"content":{"rendered":"<p><a href=\"http:\/\/www.michael-schumacher.es\/noticias-f1\/wp-content\/uploads\/2012\/08\/david_sarro.button-2.jpg\"><img loading=\"lazy\" class=\"alignleft\" alt=\"Jenson Button 2\" src=\"http:\/\/www.michael-schumacher.es\/noticias-f1\/wp-content\/uploads\/2012\/08\/david_sarro.button-2.jpg\" width=\"201\" height=\"134\" \/><\/a>Jenson Button el piloto de McLaren campe\u00f3n del mundo en 2009, ya mostr\u00f3 su preocupaci\u00f3n por el rendimiento de los nuevos monoplazas a finales del pasado a\u00f1o, sin duda ahora que acaba de tener sus primeros d\u00edas de test en Jerez la pasada semana, ha reforzado su preocupaci\u00f3n sobre el ritmo de los nuevos coches, que est\u00e1n castigados con medio segundo m\u00e1s lentos por el compuesto medio y adem\u00e1s los coches son m\u00e1s pesados, lo que tambi\u00e9n estima que los hace algo m\u00e1s de un segundo m\u00e1s lentos.<\/p>\n<p><!--more--> <!--noteaser--><\/p>\n<p><a href=\"http:\/\/www.michael-schumacher.es\/noticias-f1\/wp-content\/uploads\/2012\/08\/david_sarro.button-2.jpg\"><img loading=\"lazy\" class=\"aligncenter size-full wp-image-3390\" alt=\"Jenson Button 2\" src=\"http:\/\/www.michael-schumacher.es\/noticias-f1\/wp-content\/uploads\/2012\/08\/david_sarro.button-2.jpg\" width=\"600\" height=\"400\" srcset=\"http:\/\/www.michael-schumacher.es\/noticias-f1\/wp-content\/uploads\/2012\/08\/david_sarro.button-2.jpg 600w, http:\/\/www.michael-schumacher.es\/noticias-f1\/wp-content\/uploads\/2012\/08\/david_sarro.button-2-300x200.jpg 300w\" sizes=\"(max-width: 600px) 100vw, 600px\" \/><\/a><\/p>\n<p>&nbsp;<\/p>\n<p>&nbsp;<\/p>\n<p>Jenson Button el piloto de McLaren campe\u00f3n del mundo en 2009, ya mostr\u00f3 su preocupaci\u00f3n por el rendimiento de los nuevos monoplazas a finales del pasado a\u00f1o, sin duda ahora que acaba de tener sus primeros d\u00edas de test en Jerez la pasada semana, ha reforzado su preocupaci\u00f3n sobre el ritmo de los nuevos coches, que est\u00e1n castigados con medio segundo m\u00e1s lentos por el compuesto medio y adem\u00e1s los coches son m\u00e1s pesados, lo que tambi\u00e9n estima que los hace algo m\u00e1s de un segundo m\u00e1s lentos.<\/p>\n<p>&nbsp;<\/p>\n<p>Por lo que Jenson Button piensa que los GP2 podr\u00edan estar muy cerca en ritmo a los F1 en algunos circuitos, aunque Button tambi\u00e9n ve la parte positiva y piensa que en la primera carrera todo el mundo ser\u00e1 m\u00e1s r\u00e1pido, pero sobre todo espera que a final de a\u00f1o, puede que no est\u00e9n muy lejos, solo a un par de segundos por vuelta de los tiempos del 2013.<\/p>\n<p>&nbsp;<\/p>\n<p>Jenson Button espera que el ritmo de la GP2, este muy cerca de los F1: <strong>\u201cLos GP2 van a estar\u00a0 muy cerca en algunos circuitos de F1. En los circuitos de alta velocidad, la F1 ser\u00e1 m\u00e1s r\u00e1pida pero no mucho m\u00e1s r\u00e1pidos. Por otro lado, Jerez fue la primera prueba con todos los coches nuevos, pero la F1 ser\u00e1 m\u00e1s lento este a\u00f1o, ahora es evidente \u201c.<\/strong><\/p>\n<p>&nbsp;<\/p>\n<p>Adem\u00e1s seg\u00fan Button pierden casi dos segundos entre los nuevos compuestos medios m\u00e1s conservadores y los coches m\u00e1s pesados: <strong>\u201cEl compuesto medio que hemos probado en Jerez es medio segundo m\u00e1s lento que el a\u00f1o pasado en mi opini\u00f3n. Los coches son m\u00e1s pesados y cuesta un poco m\u00e1s de un segundo. Adem\u00e1s del motor, perdemos ya un segundo y medio a dos segundos justo en estos dos par\u00e1metros\u201d.<\/strong><\/p>\n<p>&nbsp;<\/p>\n<p>Aunque pese a esto, Button es positivo y piensa que habr\u00e1 mucho desarrollo este a\u00f1o y a final de temporada la diferencia en tiempo con el a\u00f1o pasado puede no ser mayor a dos segundos: <strong>\u201cCuando lleguemos a la primera carrera, todo el mundo ser\u00e1 mucho m\u00e1s r\u00e1pido, despu\u00e9s de tres carreras tendremos otra mejora de tiempo de vuelta de m\u00e1s o menos un segundo. El desarrollo va a ser masivo este a\u00f1o. Vamos a ganar, incluso segundos por paquete para el final de la temporada. Tal vez al final del a\u00f1o no ser\u00e1 m\u00e1s de dos segundos de tiempo la diferencia con el a\u00f1o pasado\u201d.<\/strong><\/p>\n<p>&nbsp;<\/p>\n<div class=\"sharedaddy sd-sharing-enabled\"><div class=\"robots-nocontent sd-block sd-social sd-social-official sd-sharing\"><h3 class=\"sd-title\">Opciones Sociales:<\/h3><div class=\"sd-content\"><ul><li class=\"share-facebook\"><div class=\"fb-share-button\" data-href=\"http:\/\/www.michael-schumacher.es\/noticias-f1\/2014\/02\/05\/button-los-gp2-van-a-estar-muy-cerca-en-algunos-circuitos-de-f1\/\" data-layout=\"button_count\"><\/div><\/li><li class=\"share-twitter\"><a href=\"https:\/\/twitter.com\/share\" class=\"twitter-share-button\" data-url=\"http:\/\/www.michael-schumacher.es\/noticias-f1\/2014\/02\/05\/button-los-gp2-van-a-estar-muy-cerca-en-algunos-circuitos-de-f1\/\" data-text=\"Button: &quot;Los GP2 van a estar muy cerca en algunos circuitos de F1&quot;\"  >Tweet<\/a><\/li><li class=\"share-email\"><a rel=\"nofollow noopener noreferrer\" data-shared=\"\" class=\"share-email sd-button\" href=\"http:\/\/www.michael-schumacher.es\/noticias-f1\/2014\/02\/05\/button-los-gp2-van-a-estar-muy-cerca-en-algunos-circuitos-de-f1\/?share=email\" target=\"_blank\" title=\"Haz clic para enviar por correo electr\u00f3nico a un amigo\"><span>Correo electr\u00f3nico<\/span><\/a><\/li><li class=\"share-end\"><\/li><\/ul><\/div><\/div><\/div>","protected":false},"excerpt":{"rendered":"<p>Jenson Button el piloto de McLaren campe\u00f3n del mundo en 2009, ya mostr\u00f3 su preocupaci\u00f3n por el rendimiento de los nuevos monoplazas a finales del pasado a\u00f1o, sin duda ahora que acaba de tener sus primeros d\u00edas de test en Jerez la pasada semana, ha reforzado su preocupaci\u00f3n sobre el ritmo de los nuevos coches, [&hellip;]<\/p>\n<div class=\"sharedaddy sd-sharing-enabled\"><div class=\"robots-nocontent sd-block sd-social sd-social-official sd-sharing\"><h3 class=\"sd-title\">Opciones Sociales:<\/h3><div class=\"sd-content\"><ul><li class=\"share-facebook\"><div class=\"fb-share-button\" data-href=\"http:\/\/www.michael-schumacher.es\/noticias-f1\/2014\/02\/05\/button-los-gp2-van-a-estar-muy-cerca-en-algunos-circuitos-de-f1\/\" data-layout=\"button_count\"><\/div><\/li><li class=\"share-twitter\"><a href=\"https:\/\/twitter.com\/share\" class=\"twitter-share-button\" data-url=\"http:\/\/www.michael-schumacher.es\/noticias-f1\/2014\/02\/05\/button-los-gp2-van-a-estar-muy-cerca-en-algunos-circuitos-de-f1\/\" data-text=\"Button: &quot;Los GP2 van a estar muy cerca en algunos circuitos de F1&quot;\"  >Tweet<\/a><\/li><li class=\"share-email\"><a rel=\"nofollow noopener noreferrer\" data-shared=\"\" class=\"share-email sd-button\" href=\"http:\/\/www.michael-schumacher.es\/noticias-f1\/2014\/02\/05\/button-los-gp2-van-a-estar-muy-cerca-en-algunos-circuitos-de-f1\/?share=email\" target=\"_blank\" title=\"Haz clic para enviar por correo electr\u00f3nico a un amigo\"><span>Correo electr\u00f3nico<\/span><\/a><\/li><li class=\"share-end\"><\/li><\/ul><\/div><\/div><\/div>","protected":false},"author":3,"featured_media":0,"comment_status":"open","ping_status":"open","sticky":false,"template":"","format":"standard","meta":{"_monsterinsights_skip_tracking":false,"_monsterinsights_sitenote_active":false,"_monsterinsights_sitenote_note":"","_monsterinsights_sitenote_category":0,"spay_email":"","jetpack_publicize_message":"","jetpack_is_tweetstorm":false,"jetpack_publicize_feature_enabled":true},"categories":[3],"tags":[758,13,512,2993,550,2187,17,15,1900,12,4724,959,2918,192,238],"jetpack_featured_media_url":"","jetpack_publicize_connections":[],"jetpack_sharing_enabled":true,"jetpack_shortlink":"https:\/\/wp.me\/p27q3P-3Ts","_links":{"self":[{"href":"http:\/\/www.michael-schumacher.es\/noticias-f1\/wp-json\/wp\/v2\/posts\/14970"}],"collection":[{"href":"http:\/\/www.michael-schumacher.es\/noticias-f1\/wp-json\/wp\/v2\/posts"}],"about":[{"href":"http:\/\/www.michael-schumacher.es\/noticias-f1\/wp-json\/wp\/v2\/types\/post"}],"author":[{"embeddable":true,"href":"http:\/\/www.michael-schumacher.es\/noticias-f1\/wp-json\/wp\/v2\/users\/3"}],"replies":[{"embeddable":true,"href":"http:\/\/www.michael-schumacher.es\/noticias-f1\/wp-json\/wp\/v2\/comments?post=14970"}],"version-history":[{"count":0,"href":"http:\/\/www.michael-schumacher.es\/noticias-f1\/wp-json\/wp\/v2\/posts\/14970\/revisions"}],"wp:attachment":[{"href":"http:\/\/www.michael-schumacher.es\/noticias-f1\/wp-json\/wp\/v2\/media?parent=14970"}],"wp:term":[{"taxonomy":"category","embeddable":true,"href":"http:\/\/www.michael-schumacher.es\/noticias-f1\/wp-json\/wp\/v2\/categories?post=14970"},{"taxonomy":"post_tag","embeddable":true,"href":"http:\/\/www.michael-schumacher.es\/noticias-f1\/wp-json\/wp\/v2\/tags?post=14970"}],"curies":[{"name":"wp","href":"https:\/\/api.w.org\/{rel}","templated":true}]}}