{"id":1509,"date":"2012-06-22T19:35:42","date_gmt":"2012-06-22T17:35:42","guid":{"rendered":"http:\/\/www.michael-schumacher.es\/noticias-f1\/?p=1509"},"modified":"2012-06-22T19:35:42","modified_gmt":"2012-06-22T17:35:42","slug":"entrenamientos-gp-de-europa-valencia-2012-williams","status":"publish","type":"post","link":"http:\/\/www.michael-schumacher.es\/noticias-f1\/2012\/06\/22\/entrenamientos-gp-de-europa-valencia-2012-williams\/","title":{"rendered":"Entrenamientos GP de Europa, Valencia 2012. Williams"},"content":{"rendered":"<p><img loading=\"lazy\" class=\"alignleft\" title=\"Williams\" src=\"http:\/\/img.michael-schumacher.es\/noticias-f1\/williams\/williams-1-mini.jpg\" alt=\"\" width=\"202\" height=\"100\" \/>El equipo Williams ha completado un amplio programa con sus tres pilotos y ha podido recoger muchos datos para trabajar en la preparaci\u00f3n de la clasificaci\u00f3n y la carrera del Gran Premio de Europa<\/p>\n<p><!--more--> <!--noteaser--><\/p>\n<p><img loading=\"lazy\" class=\"aligncenter\" title=\"Williams\" src=\"http:\/\/img.michael-schumacher.es\/noticias-f1\/williams\/williams-1.jpg\" alt=\"\" width=\"605\" height=\"300\" \/><\/p>\n<p>El equipo Williams ha completado un amplio programa con sus tres pilotos y ha podido recoger muchos datos para trabajar en la preparaci\u00f3n de la clasificaci\u00f3n y la carrera del Gran Premio de Europa<\/p>\n<p>&nbsp;<\/p>\n<p><strong>Bruno Senna:<\/strong> \u201cFue un buen d\u00eda y nos las arreglamos para cumplir con nuestro programa de pruebas. Hubiera sido \u00fatil haber hecho un poco de Kilometros mas, pero a\u00fan as\u00ed hemos reunido una gran cantidad de datos valiosos. Nos estamos acercando a donde necesitamos estar, as\u00ed que estoy contento de c\u00f3mo fue hoy el d\u00eda.\u201d<\/p>\n<p>&nbsp;<\/p>\n<p><strong>Pastor Maldonado:<\/strong> \u201cHemos completado nuestro programa de pruebas hoy. La pista estaba muy verde al inicio de la jornada, como se esperaba, pero el nivel de agarre ha ido aumentando a lo largo de cada sesi\u00f3n. El coche fue consistente, pero hemos perdido un poco de tiempo corre esta tarde. Tenemos que entender la puesta a punto del coche un poco mejor y anticipar c\u00f3mo las condiciones de la pista van a cambiar ma\u00f1ana. El coche est\u00e1 funcionando bien, pero todav\u00eda tenemos que mejorar.\u201d<\/p>\n<p>&nbsp;<\/p>\n<p><strong>Valtteri Bottas:<\/strong> \u201cFue bastante dif\u00edcil esta ma\u00f1ana cuando la pista estaba todav\u00eda con bastante polvo y la \u00faltima vez que conduc\u00eda el coche era de Barcelona as\u00ed que tuve que volver al ritmo. Yo estaba construyendo todo el tiempo y nos dieron todos los datos de las partes aerodin\u00e1micas nuevas que estaban probando que es lo principal. El viento hizo que un poco m\u00e1s complicado por lo que no era el m\u00e1s f\u00e1cil de las condiciones, sobre todo cuando los muros \u00a0est\u00e1n tan cerca. Lo positivo era c\u00f3mo nos las arreglamos con nuestros neum\u00e1ticos, ya que mis tiempos en el tercer per\u00edodo segu\u00edan siendo buenos en comparaci\u00f3n con mis dos primeras carreras.\u201d<\/p>\n<p>&nbsp;<\/p>\n<p><strong>Mark Gillan, Ingeniero Jefe de Operaciones:<\/strong> \u201cHemos tenido un buen d\u00eda hoy y probado una serie de elementos nuevos de desarrollo, adem\u00e1s de trabajar en los reglajes del coche en marcha y gesti\u00f3n de los neum\u00e1ticos. Los tres pilotos han obtenido buenos resultados con Pastor es particularmente fuerte en todo el primer per\u00edodo de sesiones. Despu\u00e9s de haber estado fuera del coche durante un par de carreras Valtteri se levant\u00f3 r\u00e1pidamente a la velocidad y nos dio buenos comentarios en su programa de pruebas durante la sesi\u00f3n de esta ma\u00f1ana. Bruno ha completado una buena sesi\u00f3n en segundo lugar con los pilotos que trabajan en ambos balances de combustible de alta y baja en los neum\u00e1ticos medios y blandos. Hemos recogido una gran cantidad de datos que ahora necesitamos para diseccionar y tomar decisiones por delante de la calificaci\u00f3n y la carrera.\u201d<\/p>\n<div class=\"sharedaddy sd-sharing-enabled\"><div class=\"robots-nocontent sd-block sd-social sd-social-official sd-sharing\"><h3 class=\"sd-title\">Opciones Sociales:<\/h3><div class=\"sd-content\"><ul><li class=\"share-facebook\"><div class=\"fb-share-button\" data-href=\"http:\/\/www.michael-schumacher.es\/noticias-f1\/2012\/06\/22\/entrenamientos-gp-de-europa-valencia-2012-williams\/\" data-layout=\"button_count\"><\/div><\/li><li class=\"share-twitter\"><a href=\"https:\/\/twitter.com\/share\" class=\"twitter-share-button\" data-url=\"http:\/\/www.michael-schumacher.es\/noticias-f1\/2012\/06\/22\/entrenamientos-gp-de-europa-valencia-2012-williams\/\" data-text=\"Entrenamientos GP de Europa, Valencia 2012. Williams\"  >Tweet<\/a><\/li><li class=\"share-email\"><a rel=\"nofollow noopener noreferrer\" data-shared=\"\" class=\"share-email sd-button\" href=\"http:\/\/www.michael-schumacher.es\/noticias-f1\/2012\/06\/22\/entrenamientos-gp-de-europa-valencia-2012-williams\/?share=email\" target=\"_blank\" title=\"Haz clic para enviar por correo electr\u00f3nico a un amigo\"><span>Correo electr\u00f3nico<\/span><\/a><\/li><li class=\"share-end\"><\/li><\/ul><\/div><\/div><\/div>","protected":false},"excerpt":{"rendered":"<p>El equipo Williams ha completado un amplio programa con sus tres pilotos y ha podido recoger muchos datos para trabajar en la preparaci\u00f3n de la clasificaci\u00f3n y la carrera del Gran Premio de Europa<\/p>\n<div class=\"sharedaddy sd-sharing-enabled\"><div class=\"robots-nocontent sd-block sd-social sd-social-official sd-sharing\"><h3 class=\"sd-title\">Opciones Sociales:<\/h3><div class=\"sd-content\"><ul><li class=\"share-facebook\"><div class=\"fb-share-button\" data-href=\"http:\/\/www.michael-schumacher.es\/noticias-f1\/2012\/06\/22\/entrenamientos-gp-de-europa-valencia-2012-williams\/\" data-layout=\"button_count\"><\/div><\/li><li class=\"share-twitter\"><a href=\"https:\/\/twitter.com\/share\" class=\"twitter-share-button\" data-url=\"http:\/\/www.michael-schumacher.es\/noticias-f1\/2012\/06\/22\/entrenamientos-gp-de-europa-valencia-2012-williams\/\" data-text=\"Entrenamientos GP de Europa, Valencia 2012. Williams\"  >Tweet<\/a><\/li><li class=\"share-email\"><a rel=\"nofollow noopener noreferrer\" data-shared=\"\" class=\"share-email sd-button\" href=\"http:\/\/www.michael-schumacher.es\/noticias-f1\/2012\/06\/22\/entrenamientos-gp-de-europa-valencia-2012-williams\/?share=email\" target=\"_blank\" title=\"Haz clic para enviar por correo electr\u00f3nico a un amigo\"><span>Correo electr\u00f3nico<\/span><\/a><\/li><li class=\"share-end\"><\/li><\/ul><\/div><\/div><\/div>","protected":false},"author":3,"featured_media":0,"comment_status":"open","ping_status":"open","sticky":false,"template":"","format":"standard","meta":{"_monsterinsights_skip_tracking":false,"_monsterinsights_sitenote_active":false,"_monsterinsights_sitenote_note":"","_monsterinsights_sitenote_category":0,"spay_email":"","jetpack_publicize_message":"","jetpack_is_tweetstorm":false,"jetpack_publicize_feature_enabled":true},"categories":[67,3],"tags":[14,94,131,190,17,15,6,97,96,95,204,93],"jetpack_featured_media_url":"","jetpack_publicize_connections":[],"jetpack_sharing_enabled":true,"jetpack_shortlink":"https:\/\/wp.me\/p27q3P-ol","_links":{"self":[{"href":"http:\/\/www.michael-schumacher.es\/noticias-f1\/wp-json\/wp\/v2\/posts\/1509"}],"collection":[{"href":"http:\/\/www.michael-schumacher.es\/noticias-f1\/wp-json\/wp\/v2\/posts"}],"about":[{"href":"http:\/\/www.michael-schumacher.es\/noticias-f1\/wp-json\/wp\/v2\/types\/post"}],"author":[{"embeddable":true,"href":"http:\/\/www.michael-schumacher.es\/noticias-f1\/wp-json\/wp\/v2\/users\/3"}],"replies":[{"embeddable":true,"href":"http:\/\/www.michael-schumacher.es\/noticias-f1\/wp-json\/wp\/v2\/comments?post=1509"}],"version-history":[{"count":0,"href":"http:\/\/www.michael-schumacher.es\/noticias-f1\/wp-json\/wp\/v2\/posts\/1509\/revisions"}],"wp:attachment":[{"href":"http:\/\/www.michael-schumacher.es\/noticias-f1\/wp-json\/wp\/v2\/media?parent=1509"}],"wp:term":[{"taxonomy":"category","embeddable":true,"href":"http:\/\/www.michael-schumacher.es\/noticias-f1\/wp-json\/wp\/v2\/categories?post=1509"},{"taxonomy":"post_tag","embeddable":true,"href":"http:\/\/www.michael-schumacher.es\/noticias-f1\/wp-json\/wp\/v2\/tags?post=1509"}],"curies":[{"name":"wp","href":"https:\/\/api.w.org\/{rel}","templated":true}]}}