{"id":1543,"date":"2012-06-23T00:04:18","date_gmt":"2012-06-22T22:04:18","guid":{"rendered":"http:\/\/www.michael-schumacher.es\/noticias-f1\/?p=1543"},"modified":"2012-06-23T00:04:18","modified_gmt":"2012-06-22T22:04:18","slug":"entrenamientos-gp-de-europa-valencia-2012-mclaren","status":"publish","type":"post","link":"http:\/\/www.michael-schumacher.es\/noticias-f1\/2012\/06\/23\/entrenamientos-gp-de-europa-valencia-2012-mclaren\/","title":{"rendered":"Entrenamientos GP de Europa, Valencia 2012. McLaren"},"content":{"rendered":"<p><img loading=\"lazy\" class=\"alignleft\" title=\"McLaren\" src=\"http:\/\/img.michael-schumacher.es\/noticias-f1\/mclaren\/mclaren-1-mini.jpg\" alt=\"\" width=\"202\" height=\"100\" \/>Jenson Button y Lewis Hamilton, no se han sentido muy comodos hoy con sus coches y han trabajado mucho para mejorar sus problemas y recoger datos para mejorar el rendimiento para clasificaci\u00f3n y carrera<\/p>\n<p><!--more--> <!--noteaser--><\/p>\n<p><img loading=\"lazy\" class=\"aligncenter\" title=\"McLaren\" src=\"http:\/\/img.michael-schumacher.es\/noticias-f1\/mclaren\/mclaren-1.jpg\" alt=\"\" width=\"605\" height=\"300\" \/><\/p>\n<p>Jenson Button y Lewis Hamilton, no se han sentido muy comodos hoy con sus coches y han trabajado mucho para mejorar sus problemas y recoger datos para mejorar el rendimiento para clasificaci\u00f3n y carrera<\/p>\n<p>&nbsp;<\/p>\n<p><strong>Jenson Button:<\/strong> \u00a0\u00abEl auto no se sent\u00eda del todo mal. Luchamos un poco con el bloqueo de los neum\u00e1ticos delanteros, y a\u00fan no hemos encontrado el tiempo de vuelta, pero hemos realizado algunos cambios que podr\u00edan empezar a mejorar ma\u00f1ana. Hemos trabajado mucho para mejorar el bloqueo delantero, pero tambi\u00e9n hemos hecho modificaciones para tener una puesta a punto m\u00e1s favorable. Hay un par de cambios que estamos considerando para ma\u00f1ana, los cuales podr\u00edan ser interesantes. Creo que fuimos r\u00e1pidos a una sola vuelta, pero el coche a\u00fan es complicado de pilotar \u00a0con los neum\u00e1ticos blandos. Conf\u00edo en que estos cambios har\u00e1n la diferencia, o que por lo menos sean suficientes para luchar delante \u00ab.<\/p>\n<p>&nbsp;<\/p>\n<p><strong>Lewis Hamilton:<\/strong>\u00a0 \u00abYo no estaba contento con el coche hoy, no puede correr todo el tiempo. Creo que este a\u00f1o no tuvimos ning\u00fan problema con el equilibrio del coche el viernes, pero no fue el caso hoy. Sabemos cu\u00e1l es el problema y haremos los cambios en el coche, as\u00ed que en general, estoy seguro de lo suficiente para corregir en la noche los detalles y todo ir\u00e1 mejor ma\u00f1ana y las cosas mejorar\u00e1n para la clasificaci\u00f3n \u00bb<\/p>\n<p><strong>\u00a0<\/strong><\/p>\n<p><strong>Martin Whitmarsh, Jefe del equipo :<\/strong> \u00abLo de hoy fue un reto, al final en la segunda sesi\u00f3n 15 coches estuvieron en el mismo segundo. Esta estad\u00edstica demuestra claramente lo competitivo de esta temporada, pero estaremos contentos si estudiamos un poco m\u00e1s. Las rachas de viento impredecibles generaron inconvenientes, con lo cual el desarrollo fue complicado, especialmente para ma\u00f1ana y el domingo, aunque probablemente el clima ser\u00e1 similar al calor que se present\u00f3 ayer. Ahora tendremos que analizar los datos para optimizar nuestros autos en este dif\u00edcil circuito para clasificaci\u00f3n y carrera\u00bb.<\/p>\n<div class=\"sharedaddy sd-sharing-enabled\"><div class=\"robots-nocontent sd-block sd-social sd-social-official sd-sharing\"><h3 class=\"sd-title\">Opciones Sociales:<\/h3><div class=\"sd-content\"><ul><li class=\"share-facebook\"><div class=\"fb-share-button\" data-href=\"http:\/\/www.michael-schumacher.es\/noticias-f1\/2012\/06\/23\/entrenamientos-gp-de-europa-valencia-2012-mclaren\/\" data-layout=\"button_count\"><\/div><\/li><li class=\"share-twitter\"><a href=\"https:\/\/twitter.com\/share\" class=\"twitter-share-button\" data-url=\"http:\/\/www.michael-schumacher.es\/noticias-f1\/2012\/06\/23\/entrenamientos-gp-de-europa-valencia-2012-mclaren\/\" data-text=\"Entrenamientos GP de Europa, Valencia 2012. McLaren \"  >Tweet<\/a><\/li><li class=\"share-email\"><a rel=\"nofollow noopener noreferrer\" data-shared=\"\" class=\"share-email sd-button\" href=\"http:\/\/www.michael-schumacher.es\/noticias-f1\/2012\/06\/23\/entrenamientos-gp-de-europa-valencia-2012-mclaren\/?share=email\" target=\"_blank\" title=\"Haz clic para enviar por correo electr\u00f3nico a un amigo\"><span>Correo electr\u00f3nico<\/span><\/a><\/li><li class=\"share-end\"><\/li><\/ul><\/div><\/div><\/div>","protected":false},"excerpt":{"rendered":"<p>Jenson Button y Lewis Hamilton, no se han sentido muy comodos hoy con sus coches y han trabajado mucho para mejorar sus problemas y recoger datos para mejorar el rendimiento para clasificaci\u00f3n y carrera<\/p>\n<div class=\"sharedaddy sd-sharing-enabled\"><div class=\"robots-nocontent sd-block sd-social sd-social-official sd-sharing\"><h3 class=\"sd-title\">Opciones Sociales:<\/h3><div class=\"sd-content\"><ul><li class=\"share-facebook\"><div class=\"fb-share-button\" data-href=\"http:\/\/www.michael-schumacher.es\/noticias-f1\/2012\/06\/23\/entrenamientos-gp-de-europa-valencia-2012-mclaren\/\" data-layout=\"button_count\"><\/div><\/li><li class=\"share-twitter\"><a href=\"https:\/\/twitter.com\/share\" class=\"twitter-share-button\" data-url=\"http:\/\/www.michael-schumacher.es\/noticias-f1\/2012\/06\/23\/entrenamientos-gp-de-europa-valencia-2012-mclaren\/\" data-text=\"Entrenamientos GP de Europa, Valencia 2012. McLaren \"  >Tweet<\/a><\/li><li class=\"share-email\"><a rel=\"nofollow noopener noreferrer\" data-shared=\"\" class=\"share-email sd-button\" href=\"http:\/\/www.michael-schumacher.es\/noticias-f1\/2012\/06\/23\/entrenamientos-gp-de-europa-valencia-2012-mclaren\/?share=email\" target=\"_blank\" title=\"Haz clic para enviar por correo electr\u00f3nico a un amigo\"><span>Correo electr\u00f3nico<\/span><\/a><\/li><li class=\"share-end\"><\/li><\/ul><\/div><\/div><\/div>","protected":false},"author":3,"featured_media":0,"comment_status":"open","ping_status":"open","sticky":false,"template":"","format":"standard","meta":{"_monsterinsights_skip_tracking":false,"_monsterinsights_sitenote_active":false,"_monsterinsights_sitenote_note":"","_monsterinsights_sitenote_category":0,"spay_email":"","jetpack_publicize_message":"","jetpack_is_tweetstorm":false,"jetpack_publicize_feature_enabled":true},"categories":[67,3],"tags":[],"jetpack_featured_media_url":"","jetpack_publicize_connections":[],"jetpack_sharing_enabled":true,"jetpack_shortlink":"https:\/\/wp.me\/p27q3P-oT","_links":{"self":[{"href":"http:\/\/www.michael-schumacher.es\/noticias-f1\/wp-json\/wp\/v2\/posts\/1543"}],"collection":[{"href":"http:\/\/www.michael-schumacher.es\/noticias-f1\/wp-json\/wp\/v2\/posts"}],"about":[{"href":"http:\/\/www.michael-schumacher.es\/noticias-f1\/wp-json\/wp\/v2\/types\/post"}],"author":[{"embeddable":true,"href":"http:\/\/www.michael-schumacher.es\/noticias-f1\/wp-json\/wp\/v2\/users\/3"}],"replies":[{"embeddable":true,"href":"http:\/\/www.michael-schumacher.es\/noticias-f1\/wp-json\/wp\/v2\/comments?post=1543"}],"version-history":[{"count":0,"href":"http:\/\/www.michael-schumacher.es\/noticias-f1\/wp-json\/wp\/v2\/posts\/1543\/revisions"}],"wp:attachment":[{"href":"http:\/\/www.michael-schumacher.es\/noticias-f1\/wp-json\/wp\/v2\/media?parent=1543"}],"wp:term":[{"taxonomy":"category","embeddable":true,"href":"http:\/\/www.michael-schumacher.es\/noticias-f1\/wp-json\/wp\/v2\/categories?post=1543"},{"taxonomy":"post_tag","embeddable":true,"href":"http:\/\/www.michael-schumacher.es\/noticias-f1\/wp-json\/wp\/v2\/tags?post=1543"}],"curies":[{"name":"wp","href":"https:\/\/api.w.org\/{rel}","templated":true}]}}