{"id":1554,"date":"2012-06-23T17:21:02","date_gmt":"2012-06-23T15:21:02","guid":{"rendered":"http:\/\/www.michael-schumacher.es\/noticias-f1\/?p=1554"},"modified":"2012-06-23T17:21:02","modified_gmt":"2012-06-23T15:21:02","slug":"calificacion-gp-de-europa-valencia-2012-sauber","status":"publish","type":"post","link":"http:\/\/www.michael-schumacher.es\/noticias-f1\/2012\/06\/23\/calificacion-gp-de-europa-valencia-2012-sauber\/","title":{"rendered":"Calificaci\u00f3n GP de Europa, Valencia 2012. Sauber"},"content":{"rendered":"<p><img loading=\"lazy\" class=\"alignleft\" title=\"Sauber\" src=\"http:\/\/img.michael-schumacher.es\/noticias-f1\/sauber\/sauber-1-mini.jpg\" alt=\"\" width=\"202\" height=\"100\" \/>Kamui Kobayashi logro por tercera vez en esta temporada entrar en el top ten de clasificaci\u00f3n. El japon\u00e9s se clasific\u00f3 s\u00e9ptimo para el Gran Premio de Europa. Su compa\u00f1ero de equipo, Sergio P\u00e9rez, el s\u00e1bado, satisfecho con el balance de su Sauber C31-Ferrari. Se clasific\u00f3 en el 15, tiene grandes esperanzas para la carrera de ma\u00f1ana.<\/p>\n<p><!--more--> <!--noteaser--><\/p>\n<p><img loading=\"lazy\" class=\"aligncenter\" title=\"Sauber\" src=\"http:\/\/img.michael-schumacher.es\/noticias-f1\/sauber\/sauber-1.jpg\" alt=\"\" width=\"605\" height=\"300\" \/><\/p>\n<p>Kamui Kobayashi logro por tercera vez en esta temporada entrar en el top ten de clasificaci\u00f3n. El japon\u00e9s se clasific\u00f3 s\u00e9ptimo para el Gran Premio de Europa. Su compa\u00f1ero de equipo, Sergio P\u00e9rez, el s\u00e1bado, satisfecho con el balance de su Sauber C31-Ferrari. Se clasific\u00f3 en el 15, tiene grandes esperanzas para la carrera de ma\u00f1ana.<\/p>\n<p>&nbsp;<\/p>\n<p><strong>Kamui Kobayashi:<\/strong> \u00abEstoy contento con mi coche y con el resultado, el equipo ha hecho un trabajo muy bueno. Los tiempos por vuelta est\u00e1n muy pr\u00f3ximos entre s\u00ed. Si usted est\u00e1 en alguna parte que usted est\u00e1 haciendo un error m\u00ednimo, baja cualquier lugar. Mi vuelta fue bien, y creo que m\u00e1s que otra d\u00e9cima de segundo podr\u00eda salir bajo ninguna circunstancia. Fue definitivamente vale la pena en el top ten de clasificaci\u00f3n, una vez m\u00e1s para atacar a la derecha, por lo tanto podemos tener tres coches detr\u00e1s de nosotros. Lo hemos intentado todo para que coincida con las altas temperaturas que aqu\u00ed, y funcion\u00f3 bien. Uno de nuestros objetivos era mejorar el rendimiento en la calificaci\u00f3n, lo que hemos conseguido hoy. Ahora tenemos que tomar este impulso y vigor, el presente con la carrera\u201d.<\/p>\n<p>&nbsp;<\/p>\n<p><strong>Sergio P\u00e9rez:<\/strong> \u00abYo estoy, por supuesto decepcionado con mi calificaci\u00f3n, pero tengo todas las razones para tener confianza sin embargo, para la carrera, porque hemos hecho en relaci\u00f3n con el domingo algunos cambios que sin embargo, esta tarde no sirvi\u00f3 de nada. En la calificaci\u00f3n, fue el saldo de mi coche para m\u00ed no es bueno, s\u00f3lo sent\u00eda un poco impredecible. Para la carrera espero que podamos ir a una velocidad constante y confio de la estrategia. Tenemos que abordar ahora de forma m\u00e1s agresiva, y ya hemos demostrado que podemos ponerlo en pr\u00e1ctica \u00ab.<\/p>\n<p>&nbsp;<\/p>\n<p><strong>Giampaolo Dall&#8217;Ara, ingeniero principal en la pista<\/strong>: \u00abComo se sospechaba, la densidad de potencia entre los coches de manera espectacular. Para nosotros, el trabajo ha dado sus frutos ayer por la noche, est\u00e1bamos m\u00e1s cerca hoy que ayer, en la parte superior. Nuestro objetivo una vez m\u00e1s se mov\u00eda entre los diez primeros de calificaci\u00f3n, pero sab\u00edamos que ser\u00eda cualquier cosa menos f\u00e1cil. Sergio lo hizo hoy y tuvo algunos problemas dif\u00edciles, para convertirlo en la segunda sesi\u00f3n de calificaci\u00f3n, a continuaci\u00f3n, se perdi\u00f3 el salto a la Q3. Por supuesto, es para \u00e9l desde la posici\u00f3n 15 de una carrera dif\u00edcil. Kamui a su vez sucedi\u00f3 en la Q1 con la m\u00e1s dif\u00edcil una buena vuelta, que nos permiti\u00f3 ahorrar un juego de neum\u00e1ticos blandos. Fuimos capaces de usar esta en el mejor de Q2 cuando la pista estaba probablemente en el comienzo y no algo mejor. Kamui paso en la Q3, donde a continuaci\u00f3n, elija un enfoque agresivo y esper\u00f3 hasta poco antes de la llegada. Kamui luego hizo una muy buena vuelta. La s\u00e9ptima posici\u00f3n se refleja en d\u00f3nde nos encontramos ahora. Kamui tiene por tanto una buena posici\u00f3n de partida para la carrera\u201d.<\/p>\n<div class=\"sharedaddy sd-sharing-enabled\"><div class=\"robots-nocontent sd-block sd-social sd-social-official sd-sharing\"><h3 class=\"sd-title\">Opciones Sociales:<\/h3><div class=\"sd-content\"><ul><li class=\"share-facebook\"><div class=\"fb-share-button\" data-href=\"http:\/\/www.michael-schumacher.es\/noticias-f1\/2012\/06\/23\/calificacion-gp-de-europa-valencia-2012-sauber\/\" data-layout=\"button_count\"><\/div><\/li><li class=\"share-twitter\"><a href=\"https:\/\/twitter.com\/share\" class=\"twitter-share-button\" data-url=\"http:\/\/www.michael-schumacher.es\/noticias-f1\/2012\/06\/23\/calificacion-gp-de-europa-valencia-2012-sauber\/\" data-text=\"Calificaci\u00f3n GP de Europa, Valencia 2012. Sauber\"  >Tweet<\/a><\/li><li class=\"share-email\"><a rel=\"nofollow noopener noreferrer\" data-shared=\"\" class=\"share-email sd-button\" href=\"http:\/\/www.michael-schumacher.es\/noticias-f1\/2012\/06\/23\/calificacion-gp-de-europa-valencia-2012-sauber\/?share=email\" target=\"_blank\" title=\"Haz clic para enviar por correo electr\u00f3nico a un amigo\"><span>Correo electr\u00f3nico<\/span><\/a><\/li><li class=\"share-end\"><\/li><\/ul><\/div><\/div><\/div>","protected":false},"excerpt":{"rendered":"<p>Kamui Kobayashi logro por tercera vez en esta temporada entrar en el top ten de clasificaci\u00f3n. El japon\u00e9s se clasific\u00f3 s\u00e9ptimo para el Gran Premio de Europa. Su compa\u00f1ero de equipo, Sergio P\u00e9rez, el s\u00e1bado, satisfecho con el balance de su Sauber C31-Ferrari. Se clasific\u00f3 en el 15, tiene grandes esperanzas para la carrera de [&hellip;]<\/p>\n<div class=\"sharedaddy sd-sharing-enabled\"><div class=\"robots-nocontent sd-block sd-social sd-social-official sd-sharing\"><h3 class=\"sd-title\">Opciones Sociales:<\/h3><div class=\"sd-content\"><ul><li class=\"share-facebook\"><div class=\"fb-share-button\" data-href=\"http:\/\/www.michael-schumacher.es\/noticias-f1\/2012\/06\/23\/calificacion-gp-de-europa-valencia-2012-sauber\/\" data-layout=\"button_count\"><\/div><\/li><li class=\"share-twitter\"><a href=\"https:\/\/twitter.com\/share\" class=\"twitter-share-button\" data-url=\"http:\/\/www.michael-schumacher.es\/noticias-f1\/2012\/06\/23\/calificacion-gp-de-europa-valencia-2012-sauber\/\" data-text=\"Calificaci\u00f3n GP de Europa, Valencia 2012. Sauber\"  >Tweet<\/a><\/li><li class=\"share-email\"><a rel=\"nofollow noopener noreferrer\" data-shared=\"\" class=\"share-email sd-button\" href=\"http:\/\/www.michael-schumacher.es\/noticias-f1\/2012\/06\/23\/calificacion-gp-de-europa-valencia-2012-sauber\/?share=email\" target=\"_blank\" title=\"Haz clic para enviar por correo electr\u00f3nico a un amigo\"><span>Correo electr\u00f3nico<\/span><\/a><\/li><li class=\"share-end\"><\/li><\/ul><\/div><\/div><\/div>","protected":false},"author":3,"featured_media":0,"comment_status":"open","ping_status":"open","sticky":false,"template":"","format":"standard","meta":{"_monsterinsights_skip_tracking":false,"_monsterinsights_sitenote_active":false,"_monsterinsights_sitenote_note":"","_monsterinsights_sitenote_category":0,"spay_email":"","jetpack_publicize_message":"","jetpack_is_tweetstorm":false,"jetpack_publicize_feature_enabled":true},"categories":[68,3],"tags":[14,155,159,190,17,15,6,87,88,90,86,89,204],"jetpack_featured_media_url":"","jetpack_publicize_connections":[],"jetpack_sharing_enabled":true,"jetpack_shortlink":"https:\/\/wp.me\/p27q3P-p4","_links":{"self":[{"href":"http:\/\/www.michael-schumacher.es\/noticias-f1\/wp-json\/wp\/v2\/posts\/1554"}],"collection":[{"href":"http:\/\/www.michael-schumacher.es\/noticias-f1\/wp-json\/wp\/v2\/posts"}],"about":[{"href":"http:\/\/www.michael-schumacher.es\/noticias-f1\/wp-json\/wp\/v2\/types\/post"}],"author":[{"embeddable":true,"href":"http:\/\/www.michael-schumacher.es\/noticias-f1\/wp-json\/wp\/v2\/users\/3"}],"replies":[{"embeddable":true,"href":"http:\/\/www.michael-schumacher.es\/noticias-f1\/wp-json\/wp\/v2\/comments?post=1554"}],"version-history":[{"count":0,"href":"http:\/\/www.michael-schumacher.es\/noticias-f1\/wp-json\/wp\/v2\/posts\/1554\/revisions"}],"wp:attachment":[{"href":"http:\/\/www.michael-schumacher.es\/noticias-f1\/wp-json\/wp\/v2\/media?parent=1554"}],"wp:term":[{"taxonomy":"category","embeddable":true,"href":"http:\/\/www.michael-schumacher.es\/noticias-f1\/wp-json\/wp\/v2\/categories?post=1554"},{"taxonomy":"post_tag","embeddable":true,"href":"http:\/\/www.michael-schumacher.es\/noticias-f1\/wp-json\/wp\/v2\/tags?post=1554"}],"curies":[{"name":"wp","href":"https:\/\/api.w.org\/{rel}","templated":true}]}}