{"id":1601,"date":"2012-06-25T00:35:44","date_gmt":"2012-06-24T22:35:44","guid":{"rendered":"http:\/\/www.michael-schumacher.es\/noticias-f1\/?p=1601"},"modified":"2012-06-25T00:35:44","modified_gmt":"2012-06-24T22:35:44","slug":"balance-gp-de-europa-valencia-2012-caterham","status":"publish","type":"post","link":"http:\/\/www.michael-schumacher.es\/noticias-f1\/2012\/06\/25\/balance-gp-de-europa-valencia-2012-caterham\/","title":{"rendered":"Balance GP de Europa, Valencia 2012. Caterham"},"content":{"rendered":"<p><img loading=\"lazy\" class=\"alignleft\" title=\"Caterham\" src=\"http:\/\/img.michael-schumacher.es\/noticias-f1\/caterham\/caterham-1-mini.jpg\" alt=\"\" width=\"202\" height=\"100\" \/>Heikki Kovalainen y Vitaly Petrov han finalizado la carrera en las posiciones 13 y 14. Lo que supone un buen resultado para el equipo y una motivaci\u00f3n extra para el Gran premio en Silverstone donde llevaran nuevas mejoras que esperan les ayuden a consolidar su posicion en el campeonato.<\/p>\n<p><strong><!--more--> <!--noteaser--><br \/>\n<\/strong><\/p>\n<p><img loading=\"lazy\" class=\"aligncenter\" title=\"Caterham\" src=\"http:\/\/img.michael-schumacher.es\/noticias-f1\/caterham\/caterham-1.jpg\" alt=\"\" width=\"605\" height=\"300\" \/><\/p>\n<p>Heikki Kovalainen y Vitaly Petrov han finalizado la carrera en las posiciones 13 y 14. Lo que supone un buen resultado para el equipo y una motivaci\u00f3n extra para el Gran premio en Silverstone donde llevaran nuevas mejoras que esperan les ayuden a consolidar su posicion en el campeonato.<\/p>\n<p>&nbsp;<\/p>\n<p><strong>Heikki Kovalainen:<\/strong> \u00a0\u00abMi salida no fue la mejor que he tenido este a\u00f1o, pero yo estaba a la par con Webber y Ricciardo en las primeras vueltas Por desgracia, tuvimos un problema de KERS desde el principio y que, obviamente, penalizo mi ritmo durante toda la carrera. Hab\u00edamos optado por una estrategia de dos paradas. La parada ha ido bien y mi ritmo era bueno, pero luego Vergne hizo lo que parece un error de novato, me golpe\u00f3 y me tuve que parar a cambiar una nuevo morro. A partir de ese momento yo estaba tratando de llegar a la final de la carrera y a falta de cinco o seis vueltas del final de los neum\u00e1ticos se hab\u00edan ido. A pesar de todo los puestos 13 y 14 es otro buen resultado para el equipo. Nosotros hemos tenido un buen fin de semana aqu\u00ed y ahora podemos mirar hacia adelante para hacer m\u00e1s ganancias en la pr\u00f3xima carrera, as\u00ed que deja con una nota positiva \u00ab.<\/p>\n<p>&nbsp;<\/p>\n<p><strong>Vitaly Petrov:<\/strong> \u00a0\u00abEstoy muy contento con la forma en la carrera de hoy fue que hice un buen comienzo y estaba justo detr\u00e1s de Heikki despu\u00e9s de la primera curva, \u00a0yo era muy cuidadoso en la T1, ya que no quer\u00eda cometer ning\u00fan error ya partir de ese momento se trataba en realidad de la gesti\u00f3n de los neum\u00e1ticos y seguir las instrucciones de mi ingeniero. Quiero agradecer a los muchachos por el fant\u00e1stico trabajo que hicieron en las paradas en boxes, sobre todo cuando tuve cambio de morro a finales de la carrera. A pesar de que se estaban ejecutando d\u00e9cimo en un momento no est\u00e1 seguro de un punto fue muy al alcance de hoy en d\u00eda, pero es realmente alentador ver c\u00f3mo hemos avanzado aqu\u00ed y sabemos que tenemos m\u00e1s por venir en Silverstone, as\u00ed que tenemos algo bueno que luchar y eso es genial para todo el equipo \u00ab.<\/p>\n<p>&nbsp;<\/p>\n<p><strong>Marcos Smith, Director T\u00e9cnico :<\/strong> \u00abNuestras posiciones finales de hoy son una justa recompensa para un derecho muy buen desempe\u00f1o a trav\u00e9s de todo el equipo hoy. Sin el contacto de Vergne y Ricciardo es posible que hayamos sido capaces de terminar un par de lugares m\u00e1s altos, pero tenemos que estar contentos con la forma en que reaccion\u00f3 ante los incidentes en pista, y el hecho de que, evidentemente, hemos hecho algunas mejoras aqu\u00ed. Tenemos m\u00e1s mejoras por venir en Silverstone y si mantenemos este nivel de impulso viene \u00a0una segunda mitad muy emocionante de la temporada por delante de nosotros \u00ab.<\/p>\n<p>&nbsp;<\/p>\n<p><strong>Riad Asmat, Caterham Director Ejecutivo del Grupo :<\/strong> \u00ab\u00a1Qu\u00e9 carrera! Eso es lo que lo convierte en el deporte m\u00e1s grande en el planeta. Estoy muy orgulloso del trabajo de todo el equipo hizo hoy. Las paradas en boxes fueron excelentes, las llamadas de estrategia dieron en el clavo y ambos pilotos han empujado tan duro como pod\u00edan. Los dos incidentes, obviamente, nos cost\u00f3 tiempo en dos coches, pero es muy bueno ver que estamos tan cerca del grupo de delante, \u00a0lo suficiente como para dar a Heikki y Vitaly una oportunidad para luchar y otro lugar 13 y 14 nos ayuda a consolidar nuestro lugar en el Campeonato, por lo que este ha sido un buen fin de semana. \u00ab<\/p>\n<div class=\"sharedaddy sd-sharing-enabled\"><div class=\"robots-nocontent sd-block sd-social sd-social-official sd-sharing\"><h3 class=\"sd-title\">Opciones Sociales:<\/h3><div class=\"sd-content\"><ul><li class=\"share-facebook\"><div class=\"fb-share-button\" data-href=\"http:\/\/www.michael-schumacher.es\/noticias-f1\/2012\/06\/25\/balance-gp-de-europa-valencia-2012-caterham\/\" data-layout=\"button_count\"><\/div><\/li><li class=\"share-twitter\"><a href=\"https:\/\/twitter.com\/share\" class=\"twitter-share-button\" data-url=\"http:\/\/www.michael-schumacher.es\/noticias-f1\/2012\/06\/25\/balance-gp-de-europa-valencia-2012-caterham\/\" data-text=\"Balance GP de Europa, Valencia 2012. Caterham\"  >Tweet<\/a><\/li><li class=\"share-email\"><a rel=\"nofollow noopener noreferrer\" data-shared=\"\" class=\"share-email sd-button\" href=\"http:\/\/www.michael-schumacher.es\/noticias-f1\/2012\/06\/25\/balance-gp-de-europa-valencia-2012-caterham\/?share=email\" target=\"_blank\" title=\"Haz clic para enviar por correo electr\u00f3nico a un amigo\"><span>Correo electr\u00f3nico<\/span><\/a><\/li><li class=\"share-end\"><\/li><\/ul><\/div><\/div><\/div>","protected":false},"excerpt":{"rendered":"<p>Heikki Kovalainen y Vitaly Petrov han finalizado la carrera en las posiciones 13 y 14. Lo que supone un buen resultado para el equipo y una motivaci\u00f3n extra para el Gran premio en Silverstone donde llevaran nuevas mejoras que esperan les ayuden a consolidar su posicion en el campeonato.<\/p>\n<div class=\"sharedaddy sd-sharing-enabled\"><div class=\"robots-nocontent sd-block sd-social sd-social-official sd-sharing\"><h3 class=\"sd-title\">Opciones Sociales:<\/h3><div class=\"sd-content\"><ul><li class=\"share-facebook\"><div class=\"fb-share-button\" data-href=\"http:\/\/www.michael-schumacher.es\/noticias-f1\/2012\/06\/25\/balance-gp-de-europa-valencia-2012-caterham\/\" data-layout=\"button_count\"><\/div><\/li><li class=\"share-twitter\"><a href=\"https:\/\/twitter.com\/share\" class=\"twitter-share-button\" data-url=\"http:\/\/www.michael-schumacher.es\/noticias-f1\/2012\/06\/25\/balance-gp-de-europa-valencia-2012-caterham\/\" data-text=\"Balance GP de Europa, Valencia 2012. Caterham\"  >Tweet<\/a><\/li><li class=\"share-email\"><a rel=\"nofollow noopener noreferrer\" data-shared=\"\" class=\"share-email sd-button\" href=\"http:\/\/www.michael-schumacher.es\/noticias-f1\/2012\/06\/25\/balance-gp-de-europa-valencia-2012-caterham\/?share=email\" target=\"_blank\" title=\"Haz clic para enviar por correo electr\u00f3nico a un amigo\"><span>Correo electr\u00f3nico<\/span><\/a><\/li><li class=\"share-end\"><\/li><\/ul><\/div><\/div><\/div>","protected":false},"author":3,"featured_media":0,"comment_status":"open","ping_status":"open","sticky":false,"template":"","format":"standard","meta":{"_monsterinsights_skip_tracking":false,"_monsterinsights_sitenote_active":false,"_monsterinsights_sitenote_note":"","_monsterinsights_sitenote_category":0,"spay_email":"","jetpack_publicize_message":"","jetpack_is_tweetstorm":false,"jetpack_publicize_feature_enabled":true},"categories":[4,3],"tags":[14,401,64,158,58,190,17,15,6,61,62,60,204,59],"jetpack_featured_media_url":"","jetpack_publicize_connections":[],"jetpack_sharing_enabled":true,"jetpack_shortlink":"https:\/\/wp.me\/p27q3P-pP","_links":{"self":[{"href":"http:\/\/www.michael-schumacher.es\/noticias-f1\/wp-json\/wp\/v2\/posts\/1601"}],"collection":[{"href":"http:\/\/www.michael-schumacher.es\/noticias-f1\/wp-json\/wp\/v2\/posts"}],"about":[{"href":"http:\/\/www.michael-schumacher.es\/noticias-f1\/wp-json\/wp\/v2\/types\/post"}],"author":[{"embeddable":true,"href":"http:\/\/www.michael-schumacher.es\/noticias-f1\/wp-json\/wp\/v2\/users\/3"}],"replies":[{"embeddable":true,"href":"http:\/\/www.michael-schumacher.es\/noticias-f1\/wp-json\/wp\/v2\/comments?post=1601"}],"version-history":[{"count":0,"href":"http:\/\/www.michael-schumacher.es\/noticias-f1\/wp-json\/wp\/v2\/posts\/1601\/revisions"}],"wp:attachment":[{"href":"http:\/\/www.michael-schumacher.es\/noticias-f1\/wp-json\/wp\/v2\/media?parent=1601"}],"wp:term":[{"taxonomy":"category","embeddable":true,"href":"http:\/\/www.michael-schumacher.es\/noticias-f1\/wp-json\/wp\/v2\/categories?post=1601"},{"taxonomy":"post_tag","embeddable":true,"href":"http:\/\/www.michael-schumacher.es\/noticias-f1\/wp-json\/wp\/v2\/tags?post=1601"}],"curies":[{"name":"wp","href":"https:\/\/api.w.org\/{rel}","templated":true}]}}