{"id":1606,"date":"2012-06-25T01:04:28","date_gmt":"2012-06-24T23:04:28","guid":{"rendered":"http:\/\/www.michael-schumacher.es\/noticias-f1\/?p=1606"},"modified":"2012-06-25T01:04:53","modified_gmt":"2012-06-24T23:04:53","slug":"balance-gp-de-europa-valencia-2012-williams","status":"publish","type":"post","link":"http:\/\/www.michael-schumacher.es\/noticias-f1\/2012\/06\/25\/balance-gp-de-europa-valencia-2012-williams\/","title":{"rendered":"Balance GP de Europa, Valencia 2012. Williams"},"content":{"rendered":"<p><img loading=\"lazy\" class=\"alignleft\" title=\"Williams\" src=\"http:\/\/img.michael-schumacher.es\/noticias-f1\/williams\/williams-1-mini.jpg\" alt=\"\" width=\"202\" height=\"100\" \/>Williams ha tenido una carrera muy accidentada. \u00a0Pastor estaba haciendo una buena carrera con un trabajo de estrategia de dos paradas y pod\u00eda terminar en el podio, hasta que choco con Hamilton, la carrera de Bruno se vio obstaculizado por una colisi\u00f3n con Kobayashi, que le oblig\u00f3 a enfrentar un pinchazo trasero derecho y en la necesidad de un nuevo aler\u00f3n delantero en la vuelta 20.\u00a0Sufri\u00f3 una pena de drive-through despu\u00e9s de la colisi\u00f3n<\/p>\n<p><!--more--> <!--noteaser--><\/p>\n<p><img loading=\"lazy\" class=\"aligncenter\" title=\"Williams\" src=\"http:\/\/img.michael-schumacher.es\/noticias-f1\/williams\/williams-1.jpg\" alt=\"\" width=\"605\" height=\"300\" \/><\/p>\n<p>Williams ha tenido una carrera muy accidentada. \u00a0Pastor estaba haciendo una buena carrera con un trabajo de estrategia de dos paradas y pod\u00eda terminar en el podio, hasta que choco con Hamilton, la carrera de Bruno se vio obstaculizado por una colisi\u00f3n con Kobayashi, que le oblig\u00f3 a enfrentar un pinchazo trasero derecho y en la necesidad de un nuevo aler\u00f3n delantero en la vuelta 20.\u00a0Sufri\u00f3 una pena de drive-through despu\u00e9s de la colisi\u00f3n<\/p>\n<p>&nbsp;<\/p>\n<p><strong>Pastor Maldonado:<\/strong>\u00a0\u201cHa sido una carrera desafortunada para nosotros ya que est\u00e1bamos empujando fuerte para subir al podio.\u00a0Est\u00e1bamos luchando en el inicio de la carrera, pero al final pas\u00e9 a Lewis Hamilton y luego volvio a pasar. Salt\u00e9 a trav\u00e9s del piano, no hab\u00eda nada que pod\u00eda hacer y nos tocamos.\u00a0Yo estaba en una gran vuelta despu\u00e9s de una gran carrera.\u00a0El coche se sent\u00eda bien y tuvimos un buen ritmo.\u201d<\/p>\n<p>&nbsp;<\/p>\n<p><strong>Bruno Senna:<\/strong>\u00a0\u201cMe siento muy decepcionado con la actualidad, ya que ten\u00edamos un buen ritmo y la estrategia correcta.\u00a0Hubiera sido dif\u00edcil, pero que estaba trabajando para nosotros.\u00a0Sin embargo, despu\u00e9s de perder el tiempo y luego de recibir el drive-through, habr\u00eda sido dif\u00edcil entrar en los puntos, incluso en una carrera como la de hoy.\u00a0Tuvimos suerte con el momento en que el coche de seguridad, pero con una nota positiva que tuvimos una buena gesti\u00f3n de los neum\u00e1ticos por lo que est\u00e1bamos buscando ser m\u00e1s competitivos.\u00a0Ahora tenemos que dejarlo atr\u00e1s y verlo como una lecci\u00f3n aprendida.\u201d<\/p>\n<p>&nbsp;<\/p>\n<p><strong>Laurent Debout, Renault Sport F1 Team L\u00edder de Apoyo:<\/strong>\u00a0\u201cEs una verdadera l\u00e1stima perder un podio potencial en las \u00faltimas vueltas .\u00a0La d\u00e9cima posici\u00f3n en realidad no hace justicia al rendimiento del coche este fin de semana,\u00a0 la tercera posici\u00f3n de Pastor muestra lo que \u00e9ramos capaces de hacer.\u201d<\/p>\n<p>&nbsp;<\/p>\n<p><strong>Mark Gillan, Ingeniero Jefe de Operaciones:<\/strong> \u201cHa sido una carrera muy accidentada de la que deber\u00edamos haber conseguido un bot\u00edn digno en puntos, por lo que es claramente decepcionante para salir con un solo punto. Como un equipo que revisaremos minuciosamente el fin de semana, para reagrupar y alcanzar el objetivo que es volver m\u00e1s fuertes en Silverstone.\u201d<\/p>\n<div class=\"sharedaddy sd-sharing-enabled\"><div class=\"robots-nocontent sd-block sd-social sd-social-official sd-sharing\"><h3 class=\"sd-title\">Opciones Sociales:<\/h3><div class=\"sd-content\"><ul><li class=\"share-facebook\"><div class=\"fb-share-button\" data-href=\"http:\/\/www.michael-schumacher.es\/noticias-f1\/2012\/06\/25\/balance-gp-de-europa-valencia-2012-williams\/\" data-layout=\"button_count\"><\/div><\/li><li class=\"share-twitter\"><a href=\"https:\/\/twitter.com\/share\" class=\"twitter-share-button\" data-url=\"http:\/\/www.michael-schumacher.es\/noticias-f1\/2012\/06\/25\/balance-gp-de-europa-valencia-2012-williams\/\" data-text=\" Balance GP de Europa, Valencia 2012. Williams\"  >Tweet<\/a><\/li><li class=\"share-email\"><a rel=\"nofollow noopener noreferrer\" data-shared=\"\" class=\"share-email sd-button\" href=\"http:\/\/www.michael-schumacher.es\/noticias-f1\/2012\/06\/25\/balance-gp-de-europa-valencia-2012-williams\/?share=email\" target=\"_blank\" title=\"Haz clic para enviar por correo electr\u00f3nico a un amigo\"><span>Correo electr\u00f3nico<\/span><\/a><\/li><li class=\"share-end\"><\/li><\/ul><\/div><\/div><\/div>","protected":false},"excerpt":{"rendered":"<p>Williams ha tenido una carrera muy accidentada. \u00a0Pastor estaba haciendo una buena carrera con un trabajo de estrategia de dos paradas y pod\u00eda terminar en el podio, hasta que choco con Hamilton, la carrera de Bruno se vio obstaculizado por una colisi\u00f3n con Kobayashi, que le oblig\u00f3 a enfrentar un pinchazo trasero derecho y en [&hellip;]<\/p>\n<div class=\"sharedaddy sd-sharing-enabled\"><div class=\"robots-nocontent sd-block sd-social sd-social-official sd-sharing\"><h3 class=\"sd-title\">Opciones Sociales:<\/h3><div class=\"sd-content\"><ul><li class=\"share-facebook\"><div class=\"fb-share-button\" data-href=\"http:\/\/www.michael-schumacher.es\/noticias-f1\/2012\/06\/25\/balance-gp-de-europa-valencia-2012-williams\/\" data-layout=\"button_count\"><\/div><\/li><li class=\"share-twitter\"><a href=\"https:\/\/twitter.com\/share\" class=\"twitter-share-button\" data-url=\"http:\/\/www.michael-schumacher.es\/noticias-f1\/2012\/06\/25\/balance-gp-de-europa-valencia-2012-williams\/\" data-text=\" Balance GP de Europa, Valencia 2012. Williams\"  >Tweet<\/a><\/li><li class=\"share-email\"><a rel=\"nofollow noopener noreferrer\" data-shared=\"\" class=\"share-email sd-button\" href=\"http:\/\/www.michael-schumacher.es\/noticias-f1\/2012\/06\/25\/balance-gp-de-europa-valencia-2012-williams\/?share=email\" target=\"_blank\" title=\"Haz clic para enviar por correo electr\u00f3nico a un amigo\"><span>Correo electr\u00f3nico<\/span><\/a><\/li><li class=\"share-end\"><\/li><\/ul><\/div><\/div><\/div>","protected":false},"author":3,"featured_media":0,"comment_status":"open","ping_status":"open","sticky":false,"template":"","format":"standard","meta":{"_monsterinsights_skip_tracking":false,"_monsterinsights_sitenote_active":false,"_monsterinsights_sitenote_note":"","_monsterinsights_sitenote_category":0,"spay_email":"","jetpack_publicize_message":"","jetpack_is_tweetstorm":false,"jetpack_publicize_feature_enabled":true},"categories":[4,3],"tags":[14,401,64,94,158,190,17,15,6,97,96,95,204,93],"jetpack_featured_media_url":"","jetpack_publicize_connections":[],"jetpack_sharing_enabled":true,"jetpack_shortlink":"https:\/\/wp.me\/p27q3P-pU","_links":{"self":[{"href":"http:\/\/www.michael-schumacher.es\/noticias-f1\/wp-json\/wp\/v2\/posts\/1606"}],"collection":[{"href":"http:\/\/www.michael-schumacher.es\/noticias-f1\/wp-json\/wp\/v2\/posts"}],"about":[{"href":"http:\/\/www.michael-schumacher.es\/noticias-f1\/wp-json\/wp\/v2\/types\/post"}],"author":[{"embeddable":true,"href":"http:\/\/www.michael-schumacher.es\/noticias-f1\/wp-json\/wp\/v2\/users\/3"}],"replies":[{"embeddable":true,"href":"http:\/\/www.michael-schumacher.es\/noticias-f1\/wp-json\/wp\/v2\/comments?post=1606"}],"version-history":[{"count":0,"href":"http:\/\/www.michael-schumacher.es\/noticias-f1\/wp-json\/wp\/v2\/posts\/1606\/revisions"}],"wp:attachment":[{"href":"http:\/\/www.michael-schumacher.es\/noticias-f1\/wp-json\/wp\/v2\/media?parent=1606"}],"wp:term":[{"taxonomy":"category","embeddable":true,"href":"http:\/\/www.michael-schumacher.es\/noticias-f1\/wp-json\/wp\/v2\/categories?post=1606"},{"taxonomy":"post_tag","embeddable":true,"href":"http:\/\/www.michael-schumacher.es\/noticias-f1\/wp-json\/wp\/v2\/tags?post=1606"}],"curies":[{"name":"wp","href":"https:\/\/api.w.org\/{rel}","templated":true}]}}