{"id":1632,"date":"2012-06-25T02:20:19","date_gmt":"2012-06-25T00:20:19","guid":{"rendered":"http:\/\/www.michael-schumacher.es\/noticias-f1\/?p=1632"},"modified":"2012-06-25T02:20:19","modified_gmt":"2012-06-25T00:20:19","slug":"balance-gp-de-europa-valencia-2012-mclaren","status":"publish","type":"post","link":"http:\/\/www.michael-schumacher.es\/noticias-f1\/2012\/06\/25\/balance-gp-de-europa-valencia-2012-mclaren\/","title":{"rendered":"Balance GP de Europa, Valencia 2012. McLaren"},"content":{"rendered":"<p><img loading=\"lazy\" class=\"alignleft\" title=\"McLaren\" src=\"http:\/\/img.michael-schumacher.es\/noticias-f1\/mclaren\/mclaren-1-mini.jpg\" alt=\"\" width=\"202\" height=\"100\" \/>Mclaren ha tenido una carrera frustrante en el Gran Premio de Europa en Valencia. Lewis Hamilton que venia sufriendo de mucha degradacion y a falta de pocas vueltas para finalizar la carrera se ha visto obligado a abandonar, por un choque con Pastor Maldonado, del cual ha sido penalizado Pastor con la perdida de veinte segundos. Jenson Button tambi\u00e9n ha sufrido una dura carrera con falta de ritmo en la primera parte y logro finalizar en los puntos con un octavo lugar. Sin duda Mclaren pasara p\u00e1gina y se centrara en el trabajo para la pr\u00f3xima carrera, en casa, el Gran Premio de Gran Breta\u00f1a en Silverstone<\/p>\n<p><!--more--> <!--noteaser--><\/p>\n<p><img loading=\"lazy\" class=\"aligncenter\" title=\"McLaren\" src=\"http:\/\/img.michael-schumacher.es\/noticias-f1\/mclaren\/mclaren-1.jpg\" alt=\"\" width=\"605\" height=\"300\" \/><\/p>\n<p>Mclaren ha tenido una carrera frustrante en el Gran Premio de Europa en Valencia. Lewis Hamilton que venia sufriendo de mucha degradacion y a falta de pocas vueltas para finalizar la carrera se ha visto obligado a abandonar, por un choque con Pastor Maldonado, del cual ha sido penalizado Pastor con la perdida de veinte segundos. Jenson Button tambi\u00e9n ha sufrido una dura carrera con falta de ritmo en la primera parte y logro finalizar en los puntos con un octavo lugar. Sin duda Mclaren pasara p\u00e1gina y se centrara en el trabajo para la pr\u00f3xima carrera, en casa, el Gran Premio de Gran Breta\u00f1a en Silverstone<\/p>\n<p>&nbsp;<\/p>\n<p><strong>Lewis Hamilton:<\/strong> \u00abMis neum\u00e1ticos se hab\u00edan acabado. No s\u00e9 d\u00f3nde habr\u00eda acabado. Sobre la \u00faltima vuelta o as\u00ed, simplemente no me quedaba neum\u00e1tico, era casi como si llevara las ruedas traseras pinchadas. Nunca se deja pasar a nadie, tienes que luchar por cada posici\u00f3n que puedas conseguir. Si te soy sincero, realmente no s\u00e9 qu\u00e9 ha pasado con Maldonado. He entrado a la curva y no he salido de ella. Ha pasado muy r\u00e1pido, no recuerdo realmente qu\u00e9 ha pasado. Todo lo que recuerdo es estar sentado en el muro a una vuelta del final. Muchas felicidades a Fernando, ha hecho un gran trabajo hoy para remontar desde la und\u00e9cima posici\u00f3n. Hoy hemos perdido algunos puntos, afortunadamente, de todas maneras, un par de otros pilotos punteros tambi\u00e9n han perdido, as\u00ed que no es el fin del mundo. Hoy simplemente ha sido un mal d\u00eda de trabajo, \u00a0as\u00ed son las carreras, y ya estoy esperando con ganas la pr\u00f3xima carrera, en casa, Silversone\u00bb.<\/p>\n<p>&nbsp;<\/p>\n<p><strong>Jenson Button:<\/strong> \u00abHa sido una carrera dif\u00edcil de analizar. Tuve una mala salida, qued\u00e9 encajonado en la primera curva y tuve que levantar el pie para evitar que Fernando Alonso y yo nos di\u00e9ramos contra el muro en la segunda curva. No creo que hici\u00e9ramos un mal trabajo en cuanto a la estrategia, el coche parec\u00eda bueno y continuo mejorando durante la carrera, pero cuando el coche de seguridad sali\u00f3, unos pocos tuvieron m\u00e1s suerte estrat\u00e9gicamente. Y hoy nosotros no tuvimos suerte. Finalmente, much\u00edsimas felicidades a Fernando, ha hecho un gran trabajo. Con suerte podremos hacer lo mismo en nuestra carrera de casa dentro de dos semanas!\u201d.<\/p>\n<p>&nbsp;<\/p>\n<p><strong>Martin Whitmarsh, jefe de equipo:<\/strong> \u00abSupongo que deber\u00edais describir el Gran Premio de Europa de 2012 como una carrera excitante para los espectadores, pero ha sido frustrante para McLaren-mercedes. Claramente me gustar\u00eda haber logrado m\u00e1s puntos de los que hoy hemos conseguido. Pero, como he dicho antes y estoy seguro de que tendr\u00e9 motivos para repetir, el rendimiento comparativo en los coches de F\u00f3rmula 1 es extremadamente re\u00f1ido este a\u00f1o; probablemente m\u00e1s re\u00f1ido que nunca. Y por eso las carreras este a\u00f1o son completamente impredecibles. Tras decir esto, sobra decir que todos en McLaren-Mercedes est\u00e1n esperando con ganas la pr\u00f3xima carrera en casa, el Gran Premio de Gran Breta\u00f1a en Silverstone, en cuyo famoso escenario esperamos dar un fant\u00e1stico espect\u00e1culo, y lograr un excelente resultado, delante de los aficionados al automovilismo m\u00e1s entusiastas y expertos del mundo\u00bb.<\/p>\n<div class=\"sharedaddy sd-sharing-enabled\"><div class=\"robots-nocontent sd-block sd-social sd-social-official sd-sharing\"><h3 class=\"sd-title\">Opciones Sociales:<\/h3><div class=\"sd-content\"><ul><li class=\"share-facebook\"><div class=\"fb-share-button\" data-href=\"http:\/\/www.michael-schumacher.es\/noticias-f1\/2012\/06\/25\/balance-gp-de-europa-valencia-2012-mclaren\/\" data-layout=\"button_count\"><\/div><\/li><li class=\"share-twitter\"><a href=\"https:\/\/twitter.com\/share\" class=\"twitter-share-button\" data-url=\"http:\/\/www.michael-schumacher.es\/noticias-f1\/2012\/06\/25\/balance-gp-de-europa-valencia-2012-mclaren\/\" data-text=\"Balance GP de Europa, Valencia 2012. McLaren\"  >Tweet<\/a><\/li><li class=\"share-email\"><a rel=\"nofollow noopener noreferrer\" data-shared=\"\" class=\"share-email sd-button\" href=\"http:\/\/www.michael-schumacher.es\/noticias-f1\/2012\/06\/25\/balance-gp-de-europa-valencia-2012-mclaren\/?share=email\" target=\"_blank\" title=\"Haz clic para enviar por correo electr\u00f3nico a un amigo\"><span>Correo electr\u00f3nico<\/span><\/a><\/li><li class=\"share-end\"><\/li><\/ul><\/div><\/div><\/div>","protected":false},"excerpt":{"rendered":"<p>Mclaren ha tenido una carrera frustrante en el Gran Premio de Europa en Valencia. Lewis Hamilton que venia sufriendo de mucha degradacion y a falta de pocas vueltas para finalizar la carrera se ha visto obligado a abandonar, por un choque con Pastor Maldonado, del cual ha sido penalizado Pastor con la perdida de veinte [&hellip;]<\/p>\n<div class=\"sharedaddy sd-sharing-enabled\"><div class=\"robots-nocontent sd-block sd-social sd-social-official sd-sharing\"><h3 class=\"sd-title\">Opciones Sociales:<\/h3><div class=\"sd-content\"><ul><li class=\"share-facebook\"><div class=\"fb-share-button\" data-href=\"http:\/\/www.michael-schumacher.es\/noticias-f1\/2012\/06\/25\/balance-gp-de-europa-valencia-2012-mclaren\/\" data-layout=\"button_count\"><\/div><\/li><li class=\"share-twitter\"><a href=\"https:\/\/twitter.com\/share\" class=\"twitter-share-button\" data-url=\"http:\/\/www.michael-schumacher.es\/noticias-f1\/2012\/06\/25\/balance-gp-de-europa-valencia-2012-mclaren\/\" data-text=\"Balance GP de Europa, Valencia 2012. McLaren\"  >Tweet<\/a><\/li><li class=\"share-email\"><a rel=\"nofollow noopener noreferrer\" data-shared=\"\" class=\"share-email sd-button\" href=\"http:\/\/www.michael-schumacher.es\/noticias-f1\/2012\/06\/25\/balance-gp-de-europa-valencia-2012-mclaren\/?share=email\" target=\"_blank\" title=\"Haz clic para enviar por correo electr\u00f3nico a un amigo\"><span>Correo electr\u00f3nico<\/span><\/a><\/li><li class=\"share-end\"><\/li><\/ul><\/div><\/div><\/div>","protected":false},"author":3,"featured_media":0,"comment_status":"open","ping_status":"open","sticky":false,"template":"","format":"standard","meta":{"_monsterinsights_skip_tracking":false,"_monsterinsights_sitenote_active":false,"_monsterinsights_sitenote_note":"","_monsterinsights_sitenote_category":0,"spay_email":"","jetpack_publicize_message":"","jetpack_is_tweetstorm":false,"jetpack_publicize_feature_enabled":true},"categories":[4,3],"tags":[14,401,64,13,158,190,17,15,6,11,12,459,138,204],"jetpack_featured_media_url":"","jetpack_publicize_connections":[],"jetpack_sharing_enabled":true,"jetpack_shortlink":"https:\/\/wp.me\/p27q3P-qk","_links":{"self":[{"href":"http:\/\/www.michael-schumacher.es\/noticias-f1\/wp-json\/wp\/v2\/posts\/1632"}],"collection":[{"href":"http:\/\/www.michael-schumacher.es\/noticias-f1\/wp-json\/wp\/v2\/posts"}],"about":[{"href":"http:\/\/www.michael-schumacher.es\/noticias-f1\/wp-json\/wp\/v2\/types\/post"}],"author":[{"embeddable":true,"href":"http:\/\/www.michael-schumacher.es\/noticias-f1\/wp-json\/wp\/v2\/users\/3"}],"replies":[{"embeddable":true,"href":"http:\/\/www.michael-schumacher.es\/noticias-f1\/wp-json\/wp\/v2\/comments?post=1632"}],"version-history":[{"count":0,"href":"http:\/\/www.michael-schumacher.es\/noticias-f1\/wp-json\/wp\/v2\/posts\/1632\/revisions"}],"wp:attachment":[{"href":"http:\/\/www.michael-schumacher.es\/noticias-f1\/wp-json\/wp\/v2\/media?parent=1632"}],"wp:term":[{"taxonomy":"category","embeddable":true,"href":"http:\/\/www.michael-schumacher.es\/noticias-f1\/wp-json\/wp\/v2\/categories?post=1632"},{"taxonomy":"post_tag","embeddable":true,"href":"http:\/\/www.michael-schumacher.es\/noticias-f1\/wp-json\/wp\/v2\/tags?post=1632"}],"curies":[{"name":"wp","href":"https:\/\/api.w.org\/{rel}","templated":true}]}}