{"id":1682,"date":"2012-07-06T10:34:36","date_gmt":"2012-07-06T08:34:36","guid":{"rendered":"http:\/\/www.michael-schumacher.es\/noticias-f1\/?p=1682"},"modified":"2012-07-06T10:34:36","modified_gmt":"2012-07-06T08:34:36","slug":"hamilton-emocionado-por-llevar-la-antorcha-olimpica","status":"publish","type":"post","link":"http:\/\/www.michael-schumacher.es\/noticias-f1\/2012\/07\/06\/hamilton-emocionado-por-llevar-la-antorcha-olimpica\/","title":{"rendered":"Hamilton emocionado por llevar la antorcha Ol\u00edmpica"},"content":{"rendered":"<p><img loading=\"lazy\" class=\"alignleft\" title=\"McLaren\" src=\"http:\/\/img.michael-schumacher.es\/noticias-f1\/mclaren\/mclaren-1-mini.jpg\" alt=\"\" width=\"202\" height=\"100\" \/>El piloto brit\u00e1nico de F\u00f3rmula 1 Lewis Hamilton ha sido seleccionado para llevar la antorcha ol\u00edmpica de los Juegos de Londres, que tendr\u00e1n lugar del 27 de julio al 12 de agosto.<\/p>\n<p>El piloto declaro<strong>:\u00a0\u00a0 \u00abEstoy muy emocionado por haber sido elegido para llevarla. En un mill\u00f3n de a\u00f1os no habr\u00eda imaginado que iba a hacer algo tan divertido\u201d.<\/strong><\/p>\n<p><!--more--> <!--noteaser--><\/p>\n<p><img loading=\"lazy\" class=\"aligncenter\" title=\"McLaren\" src=\"http:\/\/img.michael-schumacher.es\/noticias-f1\/mclaren\/mclaren-1.jpg\" alt=\"\" width=\"605\" height=\"300\" \/><\/p>\n<p>El piloto brit\u00e1nico de F\u00f3rmula 1 Lewis Hamilton ha sido seleccionado para llevar la antorcha ol\u00edmpica de los Juegos de Londres, que tendr\u00e1n lugar del 27 de julio al 12 de agosto.<\/p>\n<p>&nbsp;<\/p>\n<p>El piloto declaro<strong>:\u00a0\u00a0 \u00abEstoy muy emocionado por haber sido elegido para llevarla. En un mill\u00f3n de a\u00f1os no habr\u00eda imaginado que iba a hacer algo tan divertido\u201d.<\/strong><\/p>\n<p>&nbsp;<\/p>\n<p>Hamilton puede tener un fin de semana perfecto si ganara en el Gran Premio de Gran Breta\u00f1a el domingo y\u00a0 llevando la antorcha ol\u00edmpica el lunes.<\/p>\n<p>&nbsp;<\/p>\n<p>Hamilton portar\u00e1 la antorcha el lunes por la ciudad de Stevenage, 50 kil\u00f3metros al norte de Londres. En principio, iba a ser el domingo cuando ten\u00eda que llevar la antorcha, pero la carrera de Silverstone ha hecho aplazar el acto al lunes<\/p>\n<div class=\"sharedaddy sd-sharing-enabled\"><div class=\"robots-nocontent sd-block sd-social sd-social-official sd-sharing\"><h3 class=\"sd-title\">Opciones Sociales:<\/h3><div class=\"sd-content\"><ul><li class=\"share-facebook\"><div class=\"fb-share-button\" data-href=\"http:\/\/www.michael-schumacher.es\/noticias-f1\/2012\/07\/06\/hamilton-emocionado-por-llevar-la-antorcha-olimpica\/\" data-layout=\"button_count\"><\/div><\/li><li class=\"share-twitter\"><a href=\"https:\/\/twitter.com\/share\" class=\"twitter-share-button\" data-url=\"http:\/\/www.michael-schumacher.es\/noticias-f1\/2012\/07\/06\/hamilton-emocionado-por-llevar-la-antorcha-olimpica\/\" data-text=\"Hamilton emocionado por llevar la antorcha Ol\u00edmpica\"  >Tweet<\/a><\/li><li class=\"share-email\"><a rel=\"nofollow noopener noreferrer\" data-shared=\"\" class=\"share-email sd-button\" href=\"http:\/\/www.michael-schumacher.es\/noticias-f1\/2012\/07\/06\/hamilton-emocionado-por-llevar-la-antorcha-olimpica\/?share=email\" target=\"_blank\" title=\"Haz clic para enviar por correo electr\u00f3nico a un amigo\"><span>Correo electr\u00f3nico<\/span><\/a><\/li><li class=\"share-end\"><\/li><\/ul><\/div><\/div><\/div>","protected":false},"excerpt":{"rendered":"<p>El piloto brit\u00e1nico de F\u00f3rmula 1 Lewis Hamilton ha sido seleccionado para llevar la antorcha ol\u00edmpica de los Juegos de Londres, que tendr\u00e1n lugar del 27 de julio al 12 de agosto. El piloto declaro:\u00a0\u00a0 \u00abEstoy muy emocionado por haber sido elegido para llevarla. En un mill\u00f3n de a\u00f1os no habr\u00eda imaginado que iba a [&hellip;]<\/p>\n<div class=\"sharedaddy sd-sharing-enabled\"><div class=\"robots-nocontent sd-block sd-social sd-social-official sd-sharing\"><h3 class=\"sd-title\">Opciones Sociales:<\/h3><div class=\"sd-content\"><ul><li class=\"share-facebook\"><div class=\"fb-share-button\" data-href=\"http:\/\/www.michael-schumacher.es\/noticias-f1\/2012\/07\/06\/hamilton-emocionado-por-llevar-la-antorcha-olimpica\/\" data-layout=\"button_count\"><\/div><\/li><li class=\"share-twitter\"><a href=\"https:\/\/twitter.com\/share\" class=\"twitter-share-button\" data-url=\"http:\/\/www.michael-schumacher.es\/noticias-f1\/2012\/07\/06\/hamilton-emocionado-por-llevar-la-antorcha-olimpica\/\" data-text=\"Hamilton emocionado por llevar la antorcha Ol\u00edmpica\"  >Tweet<\/a><\/li><li class=\"share-email\"><a rel=\"nofollow noopener noreferrer\" data-shared=\"\" class=\"share-email sd-button\" href=\"http:\/\/www.michael-schumacher.es\/noticias-f1\/2012\/07\/06\/hamilton-emocionado-por-llevar-la-antorcha-olimpica\/?share=email\" target=\"_blank\" title=\"Haz clic para enviar por correo electr\u00f3nico a un amigo\"><span>Correo electr\u00f3nico<\/span><\/a><\/li><li class=\"share-end\"><\/li><\/ul><\/div><\/div><\/div>","protected":false},"author":3,"featured_media":0,"comment_status":"open","ping_status":"open","sticky":false,"template":"","format":"standard","meta":{"_monsterinsights_skip_tracking":false,"_monsterinsights_sitenote_active":false,"_monsterinsights_sitenote_note":"","_monsterinsights_sitenote_category":0,"spay_email":"","jetpack_publicize_message":"","jetpack_is_tweetstorm":false,"jetpack_publicize_feature_enabled":true},"categories":[3],"tags":[470,477,475,11,472,476,474,471,473,294],"jetpack_featured_media_url":"","jetpack_publicize_connections":[],"jetpack_sharing_enabled":true,"jetpack_shortlink":"https:\/\/wp.me\/p27q3P-r8","_links":{"self":[{"href":"http:\/\/www.michael-schumacher.es\/noticias-f1\/wp-json\/wp\/v2\/posts\/1682"}],"collection":[{"href":"http:\/\/www.michael-schumacher.es\/noticias-f1\/wp-json\/wp\/v2\/posts"}],"about":[{"href":"http:\/\/www.michael-schumacher.es\/noticias-f1\/wp-json\/wp\/v2\/types\/post"}],"author":[{"embeddable":true,"href":"http:\/\/www.michael-schumacher.es\/noticias-f1\/wp-json\/wp\/v2\/users\/3"}],"replies":[{"embeddable":true,"href":"http:\/\/www.michael-schumacher.es\/noticias-f1\/wp-json\/wp\/v2\/comments?post=1682"}],"version-history":[{"count":0,"href":"http:\/\/www.michael-schumacher.es\/noticias-f1\/wp-json\/wp\/v2\/posts\/1682\/revisions"}],"wp:attachment":[{"href":"http:\/\/www.michael-schumacher.es\/noticias-f1\/wp-json\/wp\/v2\/media?parent=1682"}],"wp:term":[{"taxonomy":"category","embeddable":true,"href":"http:\/\/www.michael-schumacher.es\/noticias-f1\/wp-json\/wp\/v2\/categories?post=1682"},{"taxonomy":"post_tag","embeddable":true,"href":"http:\/\/www.michael-schumacher.es\/noticias-f1\/wp-json\/wp\/v2\/tags?post=1682"}],"curies":[{"name":"wp","href":"https:\/\/api.w.org\/{rel}","templated":true}]}}