{"id":1743,"date":"2012-07-08T11:26:59","date_gmt":"2012-07-08T09:26:59","guid":{"rendered":"http:\/\/www.michael-schumacher.es\/noticias-f1\/?p=1743"},"modified":"2012-07-08T12:07:15","modified_gmt":"2012-07-08T10:07:15","slug":"calificacion-gp-de-reino-unido-silverstone-2012-red-bull","status":"publish","type":"post","link":"http:\/\/www.michael-schumacher.es\/noticias-f1\/2012\/07\/08\/calificacion-gp-de-reino-unido-silverstone-2012-red-bull\/","title":{"rendered":"Calificaci\u00f3n GP de Reino Unido, Silverstone 2012. Red Bull"},"content":{"rendered":"<p><img loading=\"lazy\" class=\"alignleft\" title=\"Red Bull\" src=\"http:\/\/img.michael-schumacher.es\/noticias-f1\/sebastian-vettel\/vettel-1-mini.jpg\" alt=\"\" width=\"202\" height=\"100\" \/>Mark Webber y Sebastian Vettel saldr\u00e1n ma\u00f1ana en el Gran Premio Brit\u00e1nico en segunda y cuarta posici\u00f3n respectivamente, Webber no consigui\u00f3 la pole por muy poco y Vettel ha conseguido la cuarta mejor posici\u00f3n, por lo que ma\u00f1ana el equipo tiene muchas opciones de conseguir un gran resultado.<\/p>\n<p><!--more--> <!--noteaser--><\/p>\n<p><strong>\u00a0<img loading=\"lazy\" class=\"aligncenter\" title=\"Red Bull\" src=\"http:\/\/img.michael-schumacher.es\/noticias-f1\/sebastian-vettel\/vettel-1.jpg\" alt=\"\" width=\"605\" height=\"300\" \/><\/strong><\/p>\n<p>Mark Webber y Sebastian Vettel saldr\u00e1n ma\u00f1ana en el Gran Premio Brit\u00e1nico en segunda y cuarta posici\u00f3n respectivamente, Webber no consigui\u00f3 la pole por muy poco y Vettel ha conseguido la cuarta mejor posici\u00f3n, por lo que ma\u00f1ana el equipo tiene muchas opciones de conseguir un gran resultado.<\/p>\n<p>&nbsp;<\/p>\n<p><strong>Mark Webber:<\/strong> \u00abLa primera vez que \u00a0corr\u00ed aqu\u00ed fue en 1995 as\u00ed que he estado alrededor de esta pista un cuantas veces. Fue una sesi\u00f3n de fuerte hoy con condiciones muy variadas. Los coches son dif\u00edciles de manejar cuando se trata de eso. En cada sesi\u00f3n, que salimos los tiempos estaban cambiando con hasta cinco o seis segundos por vuelta, hab\u00eda una gran cantidad de agua estancada y era f\u00e1cil hacer aquaplaning. \u00a0Yo estoy feliz de haber sido competitivo cuando contaba. Usted tiene que ponerlo todo en la Q3. Alonso puso una vuelta que era \u00a0muy \u00a0justo que la m\u00eda de tiempo, pero yo no tengo quejas sobre la mia. Estoy contento con lo que he puesto sobre la mesa y la \u00a0primera fila era lo que merec\u00edamos \u00ab.<\/p>\n<p>&nbsp;<\/p>\n<p><strong>Sebastian Vettel :<\/strong> \u00a0\u00abFue un d\u00eda duro. Est\u00e1 lloviendo de nuevo ahora, y probablemente ser\u00e1 el mismo tiempo de nuevo ma\u00f1ana, as\u00ed que ya veremos qu\u00e9 pasa. Va a ser una carrera larga. Estamos en la parte delantera que es bueno. Hoy era dif\u00edcil \u00a0y al final s\u00f3lo hicimos una vuelta cuando las condiciones eran\u00a0 mejoradas. Creo que deber\u00eda haber sido un poco m\u00e1s r\u00e1pido, pero as\u00ed es la vida. Sacar la bandera roja era lo adecuado, que es una pena \u00a0para los aficionados, pero no podemos controlar el clima\u201d.<\/p>\n<p>&nbsp;<\/p>\n<p><strong>Christian Horner :<\/strong> \u00abLas condiciones incre\u00edbles en la actualidad. En primer lugar, felicitaciones a todo el p\u00fablico que estaba sentado con pr\u00e1cticamente tres horas en condiciones horrendas. Habia que parar la calificaci\u00f3n en la Q2, es irrelevante de donde estaban \u00a0colocados los coches, ya que era demasiado peligroso con el aquaplaning. Despu\u00e9s de llevar nuestros coches a la Q3, calificar el segundo y cuarto es un resultado bueno para el equipo. Mark estaba tan cerca de conseguir la pole, cuando la lluvia comenzo a aumentar a medida que \u00e9l estaba terminando su vuelta y le cay\u00f3 un par de d\u00e9cimas, debido a la lluvia, pero sin embargo fue una gran vuelta de \u00e9l justo al final de la Q3. Sebasti\u00e1n est\u00e1 a la altura, detras en la P4. Esperemos que la pista no este ma\u00f1ana tan h\u00fameda para la carrera\u201d.<\/p>\n<p>&nbsp;<\/p>\n<div class=\"sharedaddy sd-sharing-enabled\"><div class=\"robots-nocontent sd-block sd-social sd-social-official sd-sharing\"><h3 class=\"sd-title\">Opciones Sociales:<\/h3><div class=\"sd-content\"><ul><li class=\"share-facebook\"><div class=\"fb-share-button\" data-href=\"http:\/\/www.michael-schumacher.es\/noticias-f1\/2012\/07\/08\/calificacion-gp-de-reino-unido-silverstone-2012-red-bull\/\" data-layout=\"button_count\"><\/div><\/li><li class=\"share-twitter\"><a href=\"https:\/\/twitter.com\/share\" class=\"twitter-share-button\" data-url=\"http:\/\/www.michael-schumacher.es\/noticias-f1\/2012\/07\/08\/calificacion-gp-de-reino-unido-silverstone-2012-red-bull\/\" data-text=\"Calificaci\u00f3n GP de Reino Unido, Silverstone 2012. Red Bull\"  >Tweet<\/a><\/li><li class=\"share-email\"><a rel=\"nofollow noopener noreferrer\" data-shared=\"\" class=\"share-email sd-button\" href=\"http:\/\/www.michael-schumacher.es\/noticias-f1\/2012\/07\/08\/calificacion-gp-de-reino-unido-silverstone-2012-red-bull\/?share=email\" target=\"_blank\" title=\"Haz clic para enviar por correo electr\u00f3nico a un amigo\"><span>Correo electr\u00f3nico<\/span><\/a><\/li><li class=\"share-end\"><\/li><\/ul><\/div><\/div><\/div>","protected":false},"excerpt":{"rendered":"<p>Mark Webber y Sebastian Vettel saldr\u00e1n ma\u00f1ana en el Gran Premio Brit\u00e1nico en segunda y cuarta posici\u00f3n respectivamente, Webber no consigui\u00f3 la pole por muy poco y Vettel ha conseguido la cuarta mejor posici\u00f3n, por lo que ma\u00f1ana el equipo tiene muchas opciones de conseguir un gran resultado.<\/p>\n<div class=\"sharedaddy sd-sharing-enabled\"><div class=\"robots-nocontent sd-block sd-social sd-social-official sd-sharing\"><h3 class=\"sd-title\">Opciones Sociales:<\/h3><div class=\"sd-content\"><ul><li class=\"share-facebook\"><div class=\"fb-share-button\" data-href=\"http:\/\/www.michael-schumacher.es\/noticias-f1\/2012\/07\/08\/calificacion-gp-de-reino-unido-silverstone-2012-red-bull\/\" data-layout=\"button_count\"><\/div><\/li><li class=\"share-twitter\"><a href=\"https:\/\/twitter.com\/share\" class=\"twitter-share-button\" data-url=\"http:\/\/www.michael-schumacher.es\/noticias-f1\/2012\/07\/08\/calificacion-gp-de-reino-unido-silverstone-2012-red-bull\/\" data-text=\"Calificaci\u00f3n GP de Reino Unido, Silverstone 2012. Red Bull\"  >Tweet<\/a><\/li><li class=\"share-email\"><a rel=\"nofollow noopener noreferrer\" data-shared=\"\" class=\"share-email sd-button\" href=\"http:\/\/www.michael-schumacher.es\/noticias-f1\/2012\/07\/08\/calificacion-gp-de-reino-unido-silverstone-2012-red-bull\/?share=email\" target=\"_blank\" title=\"Haz clic para enviar por correo electr\u00f3nico a un amigo\"><span>Correo electr\u00f3nico<\/span><\/a><\/li><li class=\"share-end\"><\/li><\/ul><\/div><\/div><\/div>","protected":false},"author":3,"featured_media":0,"comment_status":"open","ping_status":"open","sticky":false,"template":"","format":"standard","meta":{"_monsterinsights_skip_tracking":false,"_monsterinsights_sitenote_active":false,"_monsterinsights_sitenote_note":"","_monsterinsights_sitenote_category":0,"spay_email":"","jetpack_publicize_message":"","jetpack_is_tweetstorm":false,"jetpack_publicize_feature_enabled":true},"categories":[68,3],"tags":[14,155,159,17,15,6,342,72,51,294,71,30,73],"jetpack_featured_media_url":"","jetpack_publicize_connections":[],"jetpack_sharing_enabled":true,"jetpack_shortlink":"https:\/\/wp.me\/p27q3P-s7","_links":{"self":[{"href":"http:\/\/www.michael-schumacher.es\/noticias-f1\/wp-json\/wp\/v2\/posts\/1743"}],"collection":[{"href":"http:\/\/www.michael-schumacher.es\/noticias-f1\/wp-json\/wp\/v2\/posts"}],"about":[{"href":"http:\/\/www.michael-schumacher.es\/noticias-f1\/wp-json\/wp\/v2\/types\/post"}],"author":[{"embeddable":true,"href":"http:\/\/www.michael-schumacher.es\/noticias-f1\/wp-json\/wp\/v2\/users\/3"}],"replies":[{"embeddable":true,"href":"http:\/\/www.michael-schumacher.es\/noticias-f1\/wp-json\/wp\/v2\/comments?post=1743"}],"version-history":[{"count":0,"href":"http:\/\/www.michael-schumacher.es\/noticias-f1\/wp-json\/wp\/v2\/posts\/1743\/revisions"}],"wp:attachment":[{"href":"http:\/\/www.michael-schumacher.es\/noticias-f1\/wp-json\/wp\/v2\/media?parent=1743"}],"wp:term":[{"taxonomy":"category","embeddable":true,"href":"http:\/\/www.michael-schumacher.es\/noticias-f1\/wp-json\/wp\/v2\/categories?post=1743"},{"taxonomy":"post_tag","embeddable":true,"href":"http:\/\/www.michael-schumacher.es\/noticias-f1\/wp-json\/wp\/v2\/tags?post=1743"}],"curies":[{"name":"wp","href":"https:\/\/api.w.org\/{rel}","templated":true}]}}