{"id":1818,"date":"2012-07-09T22:50:22","date_gmt":"2012-07-09T20:50:22","guid":{"rendered":"http:\/\/www.michael-schumacher.es\/noticias-f1\/?p=1818"},"modified":"2012-07-09T22:50:22","modified_gmt":"2012-07-09T20:50:22","slug":"comunicado-oficial-de-la-familia-maria-de-villota-sale-de-la-uci","status":"publish","type":"post","link":"http:\/\/www.michael-schumacher.es\/noticias-f1\/2012\/07\/09\/comunicado-oficial-de-la-familia-maria-de-villota-sale-de-la-uci\/","title":{"rendered":"COMUNICADO OFICIAL DE LA FAMILIA (Maria de Villota sale de la Uci)"},"content":{"rendered":"<p><a href=\"http:\/\/www.michael-schumacher.es\/noticias-f1\/wp-content\/uploads\/2012\/07\/maria-de-villota.jpg\"><img loading=\"lazy\" class=\"alignleft\" title=\"maria-de-villota\" src=\"http:\/\/www.michael-schumacher.es\/noticias-f1\/wp-content\/uploads\/2012\/07\/maria-de-villota.jpg\" alt=\"\" width=\"223\" height=\"139\" \/><\/a>El estado de Mar\u00eda \u00abha progresado favorablemente en las \u00faltimas horas\u00bb. Su estado ha experimentado \u00abuna notable mejor\u00eda desde la \u00faltima operaci\u00f3n\u00bb, el viernes pasado, y \u00abha podido abandonar la unidad de cuidados intensivos\u00bb del hospital Addenbrooke de Cambridge\u00bb, Mar\u00eda \u00abse encuentra ahora en planta y sin sedaci\u00f3n\u00bb y ha comenzado \u00aba despertar\u00bb.<\/p>\n<p><!--more--> <!--noteaser--><\/p>\n<p style=\"text-align: center;\">\u00a0<img loading=\"lazy\" class=\"aligncenter\" title=\"Maria de Villota\" src=\"http:\/\/www.michael-schumacher.es\/noticias-f1\/wp-content\/uploads\/2012\/07\/maria-de-villota.jpg\" alt=\"\" width=\"620\" height=\"387\" \/><\/p>\n<p>El Comunicado de la Familia:<\/p>\n<p>&nbsp;<\/p>\n<p>El estado de Mar\u00eda \u00abha progresado favorablemente en las \u00faltimas horas\u00bb. Su estado ha experimentado \u00abuna notable mejor\u00eda desde la \u00faltima operaci\u00f3n\u00bb, el viernes pasado, y \u00abha podido abandonar la unidad de cuidados intensivos\u00bb del hospital Addenbrooke de Cambridge\u00bb, Mar\u00eda \u00abse encuentra ahora en planta y sin sedaci\u00f3n\u00bb y ha comenzado \u00aba despertar\u00bb.<\/p>\n<p>&nbsp;<\/p>\n<p>Aun as\u00ed, los pr\u00f3ximos d\u00edas ser\u00e1n cruciales para su recuperaci\u00f3n y para determinar el alcance de las secuelas que puedan dejar las lesiones sufridas en el accidente.\u00a0 La familia \u00abse siente muy alentada por la evoluci\u00f3n de la situaci\u00f3n y sigue al lado de Mar\u00eda con renovada esperanza\u00bb .Una vez m\u00e1s, queremos expresar nuestra profunda gratitud al equipo m\u00e9dico del Addenbrooke&#8217;s Hospital por su magn\u00edfica labor, as\u00ed como agradecer las numeros\u00edsimas muestras de apoyo y de afecto que miles de personas nos han hecho llegar, desde cualquier parte del mundo y de mil maneras. Un sentido &#8216;gracias&#8217; al mundo de la F\u00f3rmula 1 por sus mensajes y gestos desde Silverstone durante este fin de semana.<\/p>\n<p>&nbsp;<\/p>\n<p>Tambien John Booth, jefe de la escuder\u00eda Marussia, ha confirmado que Mar\u00eda de Villota ha salido del coma inducido, casi una semana despu\u00e9s del fatal accidente<strong>. \u00abMar\u00eda de Villota ya est\u00e1 despierta y ha hablado con sus familiares\u00bb. \u00abCada d\u00eda hay mejores noticias\u00bb,<\/strong> se\u00f1al\u00f3 Booth a Sky Sports, con optimismo, despu\u00e9s de su segunda operaci\u00f3n.<\/p>\n<p>&nbsp;<\/p>\n<p>A\u00fan as\u00ed, el jefe de la escuder\u00eda ha indicado que precisar\u00e1 de una lenta y larga recuperaci\u00f3n:<strong> \u00abHay que ver su evoluci\u00f3n hora a hora, d\u00eda a d\u00eda\u00bb,<\/strong><\/p>\n<p>&nbsp;<\/p>\n<p>Todos deseamos y esperamos una pronta recuperaci\u00f3n a la piloto y\u00a0 por suerte parece que inicia positivamente ese camino tambi\u00e9n dif\u00edcil.<\/p>\n<div class=\"sharedaddy sd-sharing-enabled\"><div class=\"robots-nocontent sd-block sd-social sd-social-official sd-sharing\"><h3 class=\"sd-title\">Opciones Sociales:<\/h3><div class=\"sd-content\"><ul><li class=\"share-facebook\"><div class=\"fb-share-button\" data-href=\"http:\/\/www.michael-schumacher.es\/noticias-f1\/2012\/07\/09\/comunicado-oficial-de-la-familia-maria-de-villota-sale-de-la-uci\/\" data-layout=\"button_count\"><\/div><\/li><li class=\"share-twitter\"><a href=\"https:\/\/twitter.com\/share\" class=\"twitter-share-button\" data-url=\"http:\/\/www.michael-schumacher.es\/noticias-f1\/2012\/07\/09\/comunicado-oficial-de-la-familia-maria-de-villota-sale-de-la-uci\/\" data-text=\"COMUNICADO OFICIAL DE LA FAMILIA (Maria de Villota sale de la Uci)\"  >Tweet<\/a><\/li><li class=\"share-email\"><a rel=\"nofollow noopener noreferrer\" data-shared=\"\" class=\"share-email sd-button\" href=\"http:\/\/www.michael-schumacher.es\/noticias-f1\/2012\/07\/09\/comunicado-oficial-de-la-familia-maria-de-villota-sale-de-la-uci\/?share=email\" target=\"_blank\" title=\"Haz clic para enviar por correo electr\u00f3nico a un amigo\"><span>Correo electr\u00f3nico<\/span><\/a><\/li><li class=\"share-end\"><\/li><\/ul><\/div><\/div><\/div>","protected":false},"excerpt":{"rendered":"<p>El estado de Mar\u00eda \u00abha progresado favorablemente en las \u00faltimas horas\u00bb. Su estado ha experimentado \u00abuna notable mejor\u00eda desde la \u00faltima operaci\u00f3n\u00bb, el viernes pasado, y \u00abha podido abandonar la unidad de cuidados intensivos\u00bb del hospital Addenbrooke de Cambridge\u00bb, Mar\u00eda \u00abse encuentra ahora en planta y sin sedaci\u00f3n\u00bb y ha comenzado \u00aba despertar\u00bb.<\/p>\n<div class=\"sharedaddy sd-sharing-enabled\"><div class=\"robots-nocontent sd-block sd-social sd-social-official sd-sharing\"><h3 class=\"sd-title\">Opciones Sociales:<\/h3><div class=\"sd-content\"><ul><li class=\"share-facebook\"><div class=\"fb-share-button\" data-href=\"http:\/\/www.michael-schumacher.es\/noticias-f1\/2012\/07\/09\/comunicado-oficial-de-la-familia-maria-de-villota-sale-de-la-uci\/\" data-layout=\"button_count\"><\/div><\/li><li class=\"share-twitter\"><a href=\"https:\/\/twitter.com\/share\" class=\"twitter-share-button\" data-url=\"http:\/\/www.michael-schumacher.es\/noticias-f1\/2012\/07\/09\/comunicado-oficial-de-la-familia-maria-de-villota-sale-de-la-uci\/\" data-text=\"COMUNICADO OFICIAL DE LA FAMILIA (Maria de Villota sale de la Uci)\"  >Tweet<\/a><\/li><li class=\"share-email\"><a rel=\"nofollow noopener noreferrer\" data-shared=\"\" class=\"share-email sd-button\" href=\"http:\/\/www.michael-schumacher.es\/noticias-f1\/2012\/07\/09\/comunicado-oficial-de-la-familia-maria-de-villota-sale-de-la-uci\/?share=email\" target=\"_blank\" title=\"Haz clic para enviar por correo electr\u00f3nico a un amigo\"><span>Correo electr\u00f3nico<\/span><\/a><\/li><li class=\"share-end\"><\/li><\/ul><\/div><\/div><\/div>","protected":false},"author":3,"featured_media":0,"comment_status":"open","ping_status":"open","sticky":false,"template":"","format":"standard","meta":{"_monsterinsights_skip_tracking":false,"_monsterinsights_sitenote_active":false,"_monsterinsights_sitenote_note":"","_monsterinsights_sitenote_category":0,"spay_email":"","jetpack_publicize_message":"","jetpack_is_tweetstorm":false,"jetpack_publicize_feature_enabled":true},"categories":[3],"tags":[464,465,484,469,461,467,483,463,460,139,482,462,282,125,481],"jetpack_featured_media_url":"","jetpack_publicize_connections":[],"jetpack_sharing_enabled":true,"jetpack_shortlink":"https:\/\/wp.me\/p27q3P-tk","_links":{"self":[{"href":"http:\/\/www.michael-schumacher.es\/noticias-f1\/wp-json\/wp\/v2\/posts\/1818"}],"collection":[{"href":"http:\/\/www.michael-schumacher.es\/noticias-f1\/wp-json\/wp\/v2\/posts"}],"about":[{"href":"http:\/\/www.michael-schumacher.es\/noticias-f1\/wp-json\/wp\/v2\/types\/post"}],"author":[{"embeddable":true,"href":"http:\/\/www.michael-schumacher.es\/noticias-f1\/wp-json\/wp\/v2\/users\/3"}],"replies":[{"embeddable":true,"href":"http:\/\/www.michael-schumacher.es\/noticias-f1\/wp-json\/wp\/v2\/comments?post=1818"}],"version-history":[{"count":0,"href":"http:\/\/www.michael-schumacher.es\/noticias-f1\/wp-json\/wp\/v2\/posts\/1818\/revisions"}],"wp:attachment":[{"href":"http:\/\/www.michael-schumacher.es\/noticias-f1\/wp-json\/wp\/v2\/media?parent=1818"}],"wp:term":[{"taxonomy":"category","embeddable":true,"href":"http:\/\/www.michael-schumacher.es\/noticias-f1\/wp-json\/wp\/v2\/categories?post=1818"},{"taxonomy":"post_tag","embeddable":true,"href":"http:\/\/www.michael-schumacher.es\/noticias-f1\/wp-json\/wp\/v2\/tags?post=1818"}],"curies":[{"name":"wp","href":"https:\/\/api.w.org\/{rel}","templated":true}]}}