{"id":1862,"date":"2012-07-12T22:25:10","date_gmt":"2012-07-12T20:25:10","guid":{"rendered":"http:\/\/www.michael-schumacher.es\/noticias-f1\/?p=1862"},"modified":"2012-07-12T22:25:10","modified_gmt":"2012-07-12T20:25:10","slug":"martin-whitmarsh-muestra-preocupacion-por-la-forma-actual-de-mclaren","status":"publish","type":"post","link":"http:\/\/www.michael-schumacher.es\/noticias-f1\/2012\/07\/12\/martin-whitmarsh-muestra-preocupacion-por-la-forma-actual-de-mclaren\/","title":{"rendered":"Martin Whitmarsh, muestra preocupaci\u00f3n por la forma actual de McLaren"},"content":{"rendered":"<p><img loading=\"lazy\" class=\"alignleft\" title=\"McLaren\" src=\"http:\/\/img.michael-schumacher.es\/noticias-f1\/mclaren\/mclaren-1-mini.jpg\" alt=\"\" width=\"202\" height=\"100\" \/>Lewis Hamilton, de McLaren, s\u00f3lo pudo conseguir el 8 \u00ba puesto en la \u00faltima carrera. Mientras tanto, su compa\u00f1ero de equipo, Jenson Button, tambi\u00e9n tuvo problemas durante la calificaci\u00f3n, y anot\u00f3 s\u00f3lo 1 punto despu\u00e9s de conseguir 10 \u00ba puesto final.<\/p>\n<p><!--more--> <!--noteaser--><\/p>\n<p><img loading=\"lazy\" class=\"aligncenter\" title=\"McLaren\" src=\"http:\/\/img.michael-schumacher.es\/noticias-f1\/mclaren\/mclaren-1.jpg\" alt=\"\" width=\"605\" height=\"300\" \/><\/p>\n<p>Lewis Hamilton, de McLaren, s\u00f3lo pudo conseguir el 8 \u00ba puesto en la \u00faltima carrera. Mientras tanto, su compa\u00f1ero de equipo, Jenson Button, tambi\u00e9n tuvo problemas durante la calificaci\u00f3n, y anot\u00f3 s\u00f3lo 1 punto despu\u00e9s de conseguir 10 \u00ba puesto final.<\/p>\n<p>&nbsp;<\/p>\n<p>McLaren se ha visto sobrepasado por \u00a0Lotus en el campeonato de constructores despu\u00e9s de la carrera en Silverstone , el equipo brit\u00e1nico\u00a0 actualmente est\u00e1 en el cuarto lugar, por con 142 puntos, tan s\u00f3lo a dos puntos por detr\u00e1s de Lotus y con \u00a040 puntos por delante de Mercedes, por lo que \u00a0realmente parece estar en crisis, por lo que el director del equipo, Martin Whitmarsh, dijo que se sent\u00edan preocupados por el \u00a0desempe\u00f1o del MP4-27.<\/p>\n<p>&nbsp;<\/p>\n<p>Martin Whitmarsh reconoci\u00f3 que se enfrentan a problemas con la gesti\u00f3n de los neum\u00e1ticos y la aerodin\u00e1mica del MP4-27. Sin embargo, dijo que ellos han planeado para llevar a algunos cambios importantes en el Gran Premio de Alemania, que se celebrar\u00e1 en Hockenheim el 22 de julio que espera que les proporcione una ventaja competitiva sobre otros competidores y le ayudar\u00e1 a recuperar su forma.<\/p>\n<p>&nbsp;<\/p>\n<p><strong>\u201cDebemos comprender mejor la forma de gestionar los neum\u00e1ticos,\u00a0 es fundamental, porque este a\u00f1o es muy importante y llevar a los paquetes de actualizaci\u00f3n tan pronto como sea posible. Tenemos paquete de actualizaci\u00f3n razonable para Alemania, y esperamos que funcionen y el \u00e9xito que podemos asegurarnos para llegar a Alemania \u00ab, <\/strong>dijo. <strong>\u00abCreo que es dif\u00edcil, pero creo tomamos todas las clases de altos y bajos como equipo. Creo que somos lo suficientemente resistentes. Los pilotos \u00a0deben ser felices con su actuaci\u00f3n, creo que pilotos han hecho buen trabajo\u201d<\/strong>. a\u00f1adi\u00f3<\/p>\n<p>&nbsp;<\/p>\n<div class=\"sharedaddy sd-sharing-enabled\"><div class=\"robots-nocontent sd-block sd-social sd-social-official sd-sharing\"><h3 class=\"sd-title\">Opciones Sociales:<\/h3><div class=\"sd-content\"><ul><li class=\"share-facebook\"><div class=\"fb-share-button\" data-href=\"http:\/\/www.michael-schumacher.es\/noticias-f1\/2012\/07\/12\/martin-whitmarsh-muestra-preocupacion-por-la-forma-actual-de-mclaren\/\" data-layout=\"button_count\"><\/div><\/li><li class=\"share-twitter\"><a href=\"https:\/\/twitter.com\/share\" class=\"twitter-share-button\" data-url=\"http:\/\/www.michael-schumacher.es\/noticias-f1\/2012\/07\/12\/martin-whitmarsh-muestra-preocupacion-por-la-forma-actual-de-mclaren\/\" data-text=\"Martin Whitmarsh, muestra preocupaci\u00f3n por la forma actual de McLaren\"  >Tweet<\/a><\/li><li class=\"share-email\"><a rel=\"nofollow noopener noreferrer\" data-shared=\"\" class=\"share-email sd-button\" href=\"http:\/\/www.michael-schumacher.es\/noticias-f1\/2012\/07\/12\/martin-whitmarsh-muestra-preocupacion-por-la-forma-actual-de-mclaren\/?share=email\" target=\"_blank\" title=\"Haz clic para enviar por correo electr\u00f3nico a un amigo\"><span>Correo electr\u00f3nico<\/span><\/a><\/li><li class=\"share-end\"><\/li><\/ul><\/div><\/div><\/div>","protected":false},"excerpt":{"rendered":"<p>Lewis Hamilton, de McLaren, s\u00f3lo pudo conseguir el 8 \u00ba puesto en la \u00faltima carrera. Mientras tanto, su compa\u00f1ero de equipo, Jenson Button, tambi\u00e9n tuvo problemas durante la calificaci\u00f3n, y anot\u00f3 s\u00f3lo 1 punto despu\u00e9s de conseguir 10 \u00ba puesto final.<\/p>\n<div class=\"sharedaddy sd-sharing-enabled\"><div class=\"robots-nocontent sd-block sd-social sd-social-official sd-sharing\"><h3 class=\"sd-title\">Opciones Sociales:<\/h3><div class=\"sd-content\"><ul><li class=\"share-facebook\"><div class=\"fb-share-button\" data-href=\"http:\/\/www.michael-schumacher.es\/noticias-f1\/2012\/07\/12\/martin-whitmarsh-muestra-preocupacion-por-la-forma-actual-de-mclaren\/\" data-layout=\"button_count\"><\/div><\/li><li class=\"share-twitter\"><a href=\"https:\/\/twitter.com\/share\" class=\"twitter-share-button\" data-url=\"http:\/\/www.michael-schumacher.es\/noticias-f1\/2012\/07\/12\/martin-whitmarsh-muestra-preocupacion-por-la-forma-actual-de-mclaren\/\" data-text=\"Martin Whitmarsh, muestra preocupaci\u00f3n por la forma actual de McLaren\"  >Tweet<\/a><\/li><li class=\"share-email\"><a rel=\"nofollow noopener noreferrer\" data-shared=\"\" class=\"share-email sd-button\" href=\"http:\/\/www.michael-schumacher.es\/noticias-f1\/2012\/07\/12\/martin-whitmarsh-muestra-preocupacion-por-la-forma-actual-de-mclaren\/?share=email\" target=\"_blank\" title=\"Haz clic para enviar por correo electr\u00f3nico a un amigo\"><span>Correo electr\u00f3nico<\/span><\/a><\/li><li class=\"share-end\"><\/li><\/ul><\/div><\/div><\/div>","protected":false},"author":3,"featured_media":0,"comment_status":"open","ping_status":"open","sticky":false,"template":"","format":"standard","meta":{"_monsterinsights_skip_tracking":false,"_monsterinsights_sitenote_active":false,"_monsterinsights_sitenote_note":"","_monsterinsights_sitenote_category":0,"spay_email":"","jetpack_publicize_message":"","jetpack_is_tweetstorm":false,"jetpack_publicize_feature_enabled":true},"categories":[3],"tags":[13,381,6,11,342,12,10,526,115,138,524,359,525,185,187],"jetpack_featured_media_url":"","jetpack_publicize_connections":[],"jetpack_sharing_enabled":true,"jetpack_shortlink":"https:\/\/wp.me\/p27q3P-u2","_links":{"self":[{"href":"http:\/\/www.michael-schumacher.es\/noticias-f1\/wp-json\/wp\/v2\/posts\/1862"}],"collection":[{"href":"http:\/\/www.michael-schumacher.es\/noticias-f1\/wp-json\/wp\/v2\/posts"}],"about":[{"href":"http:\/\/www.michael-schumacher.es\/noticias-f1\/wp-json\/wp\/v2\/types\/post"}],"author":[{"embeddable":true,"href":"http:\/\/www.michael-schumacher.es\/noticias-f1\/wp-json\/wp\/v2\/users\/3"}],"replies":[{"embeddable":true,"href":"http:\/\/www.michael-schumacher.es\/noticias-f1\/wp-json\/wp\/v2\/comments?post=1862"}],"version-history":[{"count":0,"href":"http:\/\/www.michael-schumacher.es\/noticias-f1\/wp-json\/wp\/v2\/posts\/1862\/revisions"}],"wp:attachment":[{"href":"http:\/\/www.michael-schumacher.es\/noticias-f1\/wp-json\/wp\/v2\/media?parent=1862"}],"wp:term":[{"taxonomy":"category","embeddable":true,"href":"http:\/\/www.michael-schumacher.es\/noticias-f1\/wp-json\/wp\/v2\/categories?post=1862"},{"taxonomy":"post_tag","embeddable":true,"href":"http:\/\/www.michael-schumacher.es\/noticias-f1\/wp-json\/wp\/v2\/tags?post=1862"}],"curies":[{"name":"wp","href":"https:\/\/api.w.org\/{rel}","templated":true}]}}