{"id":1900,"date":"2012-07-15T00:18:20","date_gmt":"2012-07-14T22:18:20","guid":{"rendered":"http:\/\/www.michael-schumacher.es\/noticias-f1\/?p=1900"},"modified":"2012-07-15T00:18:20","modified_gmt":"2012-07-14T22:18:20","slug":"lewis-hamilton-llega-a-su-carrera-no-100","status":"publish","type":"post","link":"http:\/\/www.michael-schumacher.es\/noticias-f1\/2012\/07\/15\/lewis-hamilton-llega-a-su-carrera-no-100\/","title":{"rendered":"Lewis Hamilton llega a su carrera N\u00ba 100"},"content":{"rendered":"<p><img loading=\"lazy\" class=\"alignleft\" title=\"McLaren\" src=\"http:\/\/img.michael-schumacher.es\/noticias-f1\/mclaren\/mclaren-1-mini.jpg\" alt=\"\" width=\"202\" height=\"100\" \/>\u00abIncre\u00edblemente, este fin de semana marcar\u00e1 mi gran premio n\u00famero 100\u00bb, dijo Hamilton. \u00abEso es incre\u00edble, porque yo todav\u00eda recuerdo mi primera vez como si fuera ayer. \u00a0Supongo que la F\u00f3rmula 1 tiene ese efecto en ti!\u00bb<\/p>\n<p>Debuto en el equipo\u00a0 McLaren \u00a0en 2007, desde \u00a0entonces \u00a0Hamilton ha logrado 18 victorias, 46 podios , 21 pole positions y \u00a01 t\u00edtulo de Campeonato de Pilotos.<\/p>\n<p><!--more--> <!--noteaser--><\/p>\n<p><img loading=\"lazy\" class=\"aligncenter\" title=\"McLaren\" src=\"http:\/\/img.michael-schumacher.es\/noticias-f1\/mclaren\/mclaren-1.jpg\" alt=\"\" width=\"605\" height=\"300\" \/><\/p>\n<p>\u00abIncre\u00edblemente, este fin de semana marcar\u00e1 mi gran premio n\u00famero 100\u00bb, dijo Hamilton. \u00abEso es incre\u00edble, porque yo todav\u00eda recuerdo mi primera vez como si fuera ayer. \u00a0Supongo que la F\u00f3rmula 1 tiene ese efecto en ti!\u00bb<\/p>\n<p>&nbsp;<\/p>\n<p>Debuto en el equipo\u00a0 McLaren \u00a0en 2007, desde \u00a0entonces \u00a0Hamilton ha logrado 18 victorias, 46 podios , 21 pole positions y \u00a01 t\u00edtulo de Campeonato de Pilotos.<\/p>\n<p>&nbsp;<\/p>\n<p>El piloto \u00a0brit\u00e1nico, sin embargo, est\u00e1 de nuevo en la b\u00fasqueda de la victoria y se dirige a Hockenheim cuarto en la clasificaci\u00f3n, a 37 puntos de Fernando Alonso. Espera con impaciencia regreso a la F1 en \u00a0el circuito de Hockenheim, una pista que dice que est\u00e1 \u00a0construido para la competici\u00f3n: <strong>\u00abSiempre ha sido una pena que en m\u00ed, que no llegu\u00e9 a la F\u00f3rmula 1 a tiempo para correr en el dise\u00f1o cl\u00e1sico, antiguo Hockenheim, donde la pista desapareci\u00f3 con kil\u00f3metros en los bosques y s\u00f3lo se rompia por un par de chicanes, relativamente alta velocidad. Debe haber sido todo incre\u00edble luchando contra esa pista con carga aerodin\u00e1mica m\u00ednima, enfrascados en una batalla streaming con otro coche y esperando el momento justo para saltar \u201c<\/strong><\/p>\n<p>&nbsp;<\/p>\n<p><strong>\u00abA\u00fan as\u00ed, me gusta mucho la pista actualizado &#8211; es un lugar que est\u00e1 construido para las carrera, \u00a0la horquilla al final de la recta de atr\u00e1s es un lugar de adelantamiento cl\u00e1sico, y todo el dise\u00f1o parece que sea m\u00e1s atractivo para un coche, para intentar un adelantamiento\u201d.-<\/strong>finalizo Hamilton<strong>-\u201cEsta es la primera vez que vamos a estar en Hockenheim desde la introducci\u00f3n de la DRS, tambi\u00e9n, por lo que debe hacer una carrera a\u00fan m\u00e1s emocionante.\u00bb<\/strong><\/p>\n<div class=\"sharedaddy sd-sharing-enabled\"><div class=\"robots-nocontent sd-block sd-social sd-social-official sd-sharing\"><h3 class=\"sd-title\">Opciones Sociales:<\/h3><div class=\"sd-content\"><ul><li class=\"share-facebook\"><div class=\"fb-share-button\" data-href=\"http:\/\/www.michael-schumacher.es\/noticias-f1\/2012\/07\/15\/lewis-hamilton-llega-a-su-carrera-no-100\/\" data-layout=\"button_count\"><\/div><\/li><li class=\"share-twitter\"><a href=\"https:\/\/twitter.com\/share\" class=\"twitter-share-button\" data-url=\"http:\/\/www.michael-schumacher.es\/noticias-f1\/2012\/07\/15\/lewis-hamilton-llega-a-su-carrera-no-100\/\" data-text=\"Lewis Hamilton llega a su carrera N\u00ba 100\"  >Tweet<\/a><\/li><li class=\"share-email\"><a rel=\"nofollow noopener noreferrer\" data-shared=\"\" class=\"share-email sd-button\" href=\"http:\/\/www.michael-schumacher.es\/noticias-f1\/2012\/07\/15\/lewis-hamilton-llega-a-su-carrera-no-100\/?share=email\" target=\"_blank\" title=\"Haz clic para enviar por correo electr\u00f3nico a un amigo\"><span>Correo electr\u00f3nico<\/span><\/a><\/li><li class=\"share-end\"><\/li><\/ul><\/div><\/div><\/div>","protected":false},"excerpt":{"rendered":"<p>\u00abIncre\u00edblemente, este fin de semana marcar\u00e1 mi gran premio n\u00famero 100\u00bb, dijo Hamilton. \u00abEso es incre\u00edble, porque yo todav\u00eda recuerdo mi primera vez como si fuera ayer. \u00a0Supongo que la F\u00f3rmula 1 tiene ese efecto en ti!\u00bb Debuto en el equipo\u00a0 McLaren \u00a0en 2007, desde \u00a0entonces \u00a0Hamilton ha logrado 18 victorias, 46 podios , 21 [&hellip;]<\/p>\n<div class=\"sharedaddy sd-sharing-enabled\"><div class=\"robots-nocontent sd-block sd-social sd-social-official sd-sharing\"><h3 class=\"sd-title\">Opciones Sociales:<\/h3><div class=\"sd-content\"><ul><li class=\"share-facebook\"><div class=\"fb-share-button\" data-href=\"http:\/\/www.michael-schumacher.es\/noticias-f1\/2012\/07\/15\/lewis-hamilton-llega-a-su-carrera-no-100\/\" data-layout=\"button_count\"><\/div><\/li><li class=\"share-twitter\"><a href=\"https:\/\/twitter.com\/share\" class=\"twitter-share-button\" data-url=\"http:\/\/www.michael-schumacher.es\/noticias-f1\/2012\/07\/15\/lewis-hamilton-llega-a-su-carrera-no-100\/\" data-text=\"Lewis Hamilton llega a su carrera N\u00ba 100\"  >Tweet<\/a><\/li><li class=\"share-email\"><a rel=\"nofollow noopener noreferrer\" data-shared=\"\" class=\"share-email sd-button\" href=\"http:\/\/www.michael-schumacher.es\/noticias-f1\/2012\/07\/15\/lewis-hamilton-llega-a-su-carrera-no-100\/?share=email\" target=\"_blank\" title=\"Haz clic para enviar por correo electr\u00f3nico a un amigo\"><span>Correo electr\u00f3nico<\/span><\/a><\/li><li class=\"share-end\"><\/li><\/ul><\/div><\/div><\/div>","protected":false},"author":3,"featured_media":0,"comment_status":"open","ping_status":"open","sticky":false,"template":"","format":"standard","meta":{"_monsterinsights_skip_tracking":false,"_monsterinsights_sitenote_active":false,"_monsterinsights_sitenote_note":"","_monsterinsights_sitenote_category":0,"spay_email":"","jetpack_publicize_message":"","jetpack_is_tweetstorm":false,"jetpack_publicize_feature_enabled":true},"categories":[3],"tags":[528,546,14,543,56,545,534,381,6,11,412,10,138],"jetpack_featured_media_url":"","jetpack_publicize_connections":[],"jetpack_sharing_enabled":true,"jetpack_shortlink":"https:\/\/wp.me\/p27q3P-uE","_links":{"self":[{"href":"http:\/\/www.michael-schumacher.es\/noticias-f1\/wp-json\/wp\/v2\/posts\/1900"}],"collection":[{"href":"http:\/\/www.michael-schumacher.es\/noticias-f1\/wp-json\/wp\/v2\/posts"}],"about":[{"href":"http:\/\/www.michael-schumacher.es\/noticias-f1\/wp-json\/wp\/v2\/types\/post"}],"author":[{"embeddable":true,"href":"http:\/\/www.michael-schumacher.es\/noticias-f1\/wp-json\/wp\/v2\/users\/3"}],"replies":[{"embeddable":true,"href":"http:\/\/www.michael-schumacher.es\/noticias-f1\/wp-json\/wp\/v2\/comments?post=1900"}],"version-history":[{"count":0,"href":"http:\/\/www.michael-schumacher.es\/noticias-f1\/wp-json\/wp\/v2\/posts\/1900\/revisions"}],"wp:attachment":[{"href":"http:\/\/www.michael-schumacher.es\/noticias-f1\/wp-json\/wp\/v2\/media?parent=1900"}],"wp:term":[{"taxonomy":"category","embeddable":true,"href":"http:\/\/www.michael-schumacher.es\/noticias-f1\/wp-json\/wp\/v2\/categories?post=1900"},{"taxonomy":"post_tag","embeddable":true,"href":"http:\/\/www.michael-schumacher.es\/noticias-f1\/wp-json\/wp\/v2\/tags?post=1900"}],"curies":[{"name":"wp","href":"https:\/\/api.w.org\/{rel}","templated":true}]}}