{"id":1919,"date":"2012-07-15T23:41:50","date_gmt":"2012-07-15T21:41:50","guid":{"rendered":"http:\/\/www.michael-schumacher.es\/noticias-f1\/?p=1919"},"modified":"2012-07-15T23:41:50","modified_gmt":"2012-07-15T21:41:50","slug":"jackie-stewart-webber-esta-mejor-en-red-bull","status":"publish","type":"post","link":"http:\/\/www.michael-schumacher.es\/noticias-f1\/2012\/07\/15\/jackie-stewart-webber-esta-mejor-en-red-bull\/","title":{"rendered":"Jackie Stewart, Webber est\u00e1 mejor en Red Bull"},"content":{"rendered":"<p><img loading=\"lazy\" class=\"alignleft\" title=\"Mark Webber\" src=\"http:\/\/img.michael-schumacher.es\/noticias-f1\/mark-webber\/mark-webber-1-mini.jpg\" alt=\"\" width=\"200\" height=\"100\" \/>Stewart, el tricampe\u00f3n del mundo escoc\u00e9s, opina para el piloto el australiano, \u00a0Mark Webber, era la mejor opci\u00f3n para su futuro era la de quedarse en el equipo Red Bull, es un equipo fuerte , con resultados demostrados \u00a0y donde Webber se siente muy bien.<\/p>\n<p><!--more--> <!--noteaser--><\/p>\n<p><img loading=\"lazy\" class=\"aligncenter\" title=\"Mark Webber\" src=\"http:\/\/img.michael-schumacher.es\/noticias-f1\/mark-webber\/mark-webber-1.jpg\" alt=\"\" width=\"605\" height=\"300\" \/><\/p>\n<p>Stewart, el tricampe\u00f3n del mundo escoc\u00e9s, opina para el piloto el australiano, \u00a0Mark Webber, era la mejor opci\u00f3n para su futuro era la de quedarse en el equipo Red Bull, es un equipo fuerte , con resultados demostrados \u00a0y donde Webber se siente muy bien.<\/p>\n<p>&nbsp;<\/p>\n<p><strong>\u00ab\u00bfPor qu\u00e9 querr\u00eda irse a otro equipo?,\u00bb<\/strong> comento Stewart a Autosport. <strong>\u00abYo tambi\u00e9n me habr\u00eda quedado en Red Bull. Mark Webber y Red Bull van muy bien, ha ganado dos Grandes Premios este a\u00f1o y \u00e9l es un tipo maduro. Si se hubiera ido a Ferrari, Fernando Alonso hubiera sido incuestionablemente favorecido porque es un doble campe\u00f3n del mundo. As\u00ed que Mark est\u00e1 mejor donde est\u00e1\u00bb.<\/strong><\/p>\n<div class=\"sharedaddy sd-sharing-enabled\"><div class=\"robots-nocontent sd-block sd-social sd-social-official sd-sharing\"><h3 class=\"sd-title\">Opciones Sociales:<\/h3><div class=\"sd-content\"><ul><li class=\"share-facebook\"><div class=\"fb-share-button\" data-href=\"http:\/\/www.michael-schumacher.es\/noticias-f1\/2012\/07\/15\/jackie-stewart-webber-esta-mejor-en-red-bull\/\" data-layout=\"button_count\"><\/div><\/li><li class=\"share-twitter\"><a href=\"https:\/\/twitter.com\/share\" class=\"twitter-share-button\" data-url=\"http:\/\/www.michael-schumacher.es\/noticias-f1\/2012\/07\/15\/jackie-stewart-webber-esta-mejor-en-red-bull\/\" data-text=\"Jackie Stewart, Webber est\u00e1 mejor en Red Bull\"  >Tweet<\/a><\/li><li class=\"share-email\"><a rel=\"nofollow noopener noreferrer\" data-shared=\"\" class=\"share-email sd-button\" href=\"http:\/\/www.michael-schumacher.es\/noticias-f1\/2012\/07\/15\/jackie-stewart-webber-esta-mejor-en-red-bull\/?share=email\" target=\"_blank\" title=\"Haz clic para enviar por correo electr\u00f3nico a un amigo\"><span>Correo electr\u00f3nico<\/span><\/a><\/li><li class=\"share-end\"><\/li><\/ul><\/div><\/div><\/div>","protected":false},"excerpt":{"rendered":"<p>Stewart, el tricampe\u00f3n del mundo escoc\u00e9s, opina para el piloto el australiano, \u00a0Mark Webber, era la mejor opci\u00f3n para su futuro era la de quedarse en el equipo Red Bull, es un equipo fuerte , con resultados demostrados \u00a0y donde Webber se siente muy bien.<\/p>\n<div class=\"sharedaddy sd-sharing-enabled\"><div class=\"robots-nocontent sd-block sd-social sd-social-official sd-sharing\"><h3 class=\"sd-title\">Opciones Sociales:<\/h3><div class=\"sd-content\"><ul><li class=\"share-facebook\"><div class=\"fb-share-button\" data-href=\"http:\/\/www.michael-schumacher.es\/noticias-f1\/2012\/07\/15\/jackie-stewart-webber-esta-mejor-en-red-bull\/\" data-layout=\"button_count\"><\/div><\/li><li class=\"share-twitter\"><a href=\"https:\/\/twitter.com\/share\" class=\"twitter-share-button\" data-url=\"http:\/\/www.michael-schumacher.es\/noticias-f1\/2012\/07\/15\/jackie-stewart-webber-esta-mejor-en-red-bull\/\" data-text=\"Jackie Stewart, Webber est\u00e1 mejor en Red Bull\"  >Tweet<\/a><\/li><li class=\"share-email\"><a rel=\"nofollow noopener noreferrer\" data-shared=\"\" class=\"share-email sd-button\" href=\"http:\/\/www.michael-schumacher.es\/noticias-f1\/2012\/07\/15\/jackie-stewart-webber-esta-mejor-en-red-bull\/?share=email\" target=\"_blank\" title=\"Haz clic para enviar por correo electr\u00f3nico a un amigo\"><span>Correo electr\u00f3nico<\/span><\/a><\/li><li class=\"share-end\"><\/li><\/ul><\/div><\/div><\/div>","protected":false},"author":3,"featured_media":0,"comment_status":"open","ping_status":"open","sticky":false,"template":"","format":"standard","meta":{"_monsterinsights_skip_tracking":false,"_monsterinsights_sitenote_active":false,"_monsterinsights_sitenote_note":"","_monsterinsights_sitenote_category":0,"spay_email":"","jetpack_publicize_message":"","jetpack_is_tweetstorm":false,"jetpack_publicize_feature_enabled":true},"categories":[3],"tags":[500,17,104,141,15,376,72,51,554,73],"jetpack_featured_media_url":"","jetpack_publicize_connections":[],"jetpack_sharing_enabled":true,"jetpack_shortlink":"https:\/\/wp.me\/p27q3P-uX","_links":{"self":[{"href":"http:\/\/www.michael-schumacher.es\/noticias-f1\/wp-json\/wp\/v2\/posts\/1919"}],"collection":[{"href":"http:\/\/www.michael-schumacher.es\/noticias-f1\/wp-json\/wp\/v2\/posts"}],"about":[{"href":"http:\/\/www.michael-schumacher.es\/noticias-f1\/wp-json\/wp\/v2\/types\/post"}],"author":[{"embeddable":true,"href":"http:\/\/www.michael-schumacher.es\/noticias-f1\/wp-json\/wp\/v2\/users\/3"}],"replies":[{"embeddable":true,"href":"http:\/\/www.michael-schumacher.es\/noticias-f1\/wp-json\/wp\/v2\/comments?post=1919"}],"version-history":[{"count":0,"href":"http:\/\/www.michael-schumacher.es\/noticias-f1\/wp-json\/wp\/v2\/posts\/1919\/revisions"}],"wp:attachment":[{"href":"http:\/\/www.michael-schumacher.es\/noticias-f1\/wp-json\/wp\/v2\/media?parent=1919"}],"wp:term":[{"taxonomy":"category","embeddable":true,"href":"http:\/\/www.michael-schumacher.es\/noticias-f1\/wp-json\/wp\/v2\/categories?post=1919"},{"taxonomy":"post_tag","embeddable":true,"href":"http:\/\/www.michael-schumacher.es\/noticias-f1\/wp-json\/wp\/v2\/tags?post=1919"}],"curies":[{"name":"wp","href":"https:\/\/api.w.org\/{rel}","templated":true}]}}