{"id":1938,"date":"2012-07-17T01:08:53","date_gmt":"2012-07-16T23:08:53","guid":{"rendered":"http:\/\/www.michael-schumacher.es\/noticias-f1\/?p=1938"},"modified":"2012-07-17T01:08:53","modified_gmt":"2012-07-16T23:08:53","slug":"finalizada-la-investigacion-del-accidente-de-maria-de-villota","status":"publish","type":"post","link":"http:\/\/www.michael-schumacher.es\/noticias-f1\/2012\/07\/17\/finalizada-la-investigacion-del-accidente-de-maria-de-villota\/","title":{"rendered":"Finalizada la Investigaci\u00f3n del accidente de Maria de Villota"},"content":{"rendered":"<p><strong><a href=\"http:\/\/www.michael-schumacher.es\/noticias-f1\/wp-content\/uploads\/2012\/07\/maria-de-villota.jpg\"><img loading=\"lazy\" class=\"alignleft\" title=\"maria-de-villota\" src=\"http:\/\/www.michael-schumacher.es\/noticias-f1\/wp-content\/uploads\/2012\/07\/maria-de-villota.jpg\" alt=\"\" width=\"223\" height=\"139\" \/><\/a>Comunicado de Marussiaf1team<\/strong><\/p>\n<p>14 d\u00edas despu\u00e9s del accidente de Mar\u00eda de Villota del aer\u00f3dromo de Duxford, el Equipo de Marussia F1 ha completado ahora su propia investigaci\u00f3n detallada sobre la causa del accidente.<\/p>\n<p>El accidente se produjo el 3 de julio durante una prueba de l\u00ednea recta, en la que Mar\u00eda estaba haciendo su debut en las pruebas para el equipo y conduciendo un coche de F1 por cuarta vez en su carrera&#8230;<\/p>\n<p><!--more--> <!--noteaser--><\/p>\n<p>&nbsp;<\/p>\n<p style=\"text-align: center;\"><img loading=\"lazy\" class=\"aligncenter\" title=\"Maria de Villota\" src=\"http:\/\/www.michael-schumacher.es\/noticias-f1\/wp-content\/uploads\/2012\/07\/maria-de-villota.jpg\" alt=\"\" width=\"620\" height=\"387\" \/><\/p>\n<p>&nbsp;<\/p>\n<p><strong>Comunicado de Marussiaf1team<\/strong><\/p>\n<p>&nbsp;<\/p>\n<p>14 d\u00edas despu\u00e9s del accidente de Mar\u00eda de Villota del aer\u00f3dromo de Duxford, el Equipo de Marussia F1 ha completado ahora su propia investigaci\u00f3n detallada sobre la causa del accidente.<\/p>\n<p>&nbsp;<\/p>\n<p>El accidente se produjo el 3 de julio durante una prueba de l\u00ednea recta, en la que Mar\u00eda estaba haciendo su debut en las pruebas para el equipo y conduciendo un coche de F1 por cuarta vez en su carrera.<\/p>\n<p>&nbsp;<\/p>\n<p>El equipo de F\u00f3rmula 1 Marussia llev\u00f3 a cabo un an\u00e1lisis inicial inmediatamente despu\u00e9s del accidente. Esto tuvo como objetivo identificar las causas y factores contribuyentes detr\u00e1s del accidente y tambi\u00e9n ha servido para determinar si hab\u00eda alguna implicaci\u00f3n relacionados con autom\u00f3viles para el inminente GP de Gran Breta\u00f1a. Despu\u00e9s de haber examinado cuidadosamente todos los datos y la informaci\u00f3n complementaria disponible en ese momento, el equipo se mostraron satisfechos de que no hab\u00eda tales problemas relacionados con el coche y que el chasis estaba en buenas condiciones para poder participar en el Gran Premio de Gran Breta\u00f1a.<\/p>\n<p>&nbsp;<\/p>\n<p>A ra\u00edz de su investigaci\u00f3n inicial, el equipo procedi\u00f3 a realizar un an\u00e1lisis m\u00e1s detallado del accidente. Una investigaci\u00f3n forense externa fue encargada y llevada a cabo en el campo de aviaci\u00f3n Duxford (un lugar de la prueba aprobada por la FIA y se utiliza mucho, cumple con las recomendaciones para una prueba de esta naturaleza) y con el equipo en el Centro T\u00e9cnico de Marussia en Banbury. Este an\u00e1lisis externo se ha llevado a cabo de manera aut\u00f3noma de la propia investigaci\u00f3n interna del equipo.<\/p>\n<p>&nbsp;<\/p>\n<p>Como ser\u00eda el procedimiento normal, los resultados del equipo han sido compartidas con la Health &amp; Safety Executive (HSE), el independiente regulador del Reino Unido que act\u00faa en el inter\u00e9s p\u00fablico en materia de accidentes de trabajo.<\/p>\n<p>&nbsp;<\/p>\n<p><strong>John Booth, jefe de equipo del equipo Marussia F1, coment\u00f3:<\/strong> \u00abEstamos satisfechos de que los resultados de nuestra investigaci\u00f3n interna excluye el coche como un factor en el accidente. Hemos compartido y discutido nuestras conclusiones con las agencias de seguridad para su consideraci\u00f3n como parte de su investigaci\u00f3n en curso. Este ha sido un proceso necesariamente exhaustivo con el fin de comprender la causa del accidente. Hemos llegado a la conclusi\u00f3n de nuestro trabajo de investigaci\u00f3n y otra vez volvemos a centrarnos en nuestra prioridad, que sigue siendo el bienestar de Mar\u00eda. En ese sentido, seguimos apoyando Mar\u00eda y la familia De Villota, en cualquier forma que podamos. \u00ab<\/p>\n<div class=\"sharedaddy sd-sharing-enabled\"><div class=\"robots-nocontent sd-block sd-social sd-social-official sd-sharing\"><h3 class=\"sd-title\">Opciones Sociales:<\/h3><div class=\"sd-content\"><ul><li class=\"share-facebook\"><div class=\"fb-share-button\" data-href=\"http:\/\/www.michael-schumacher.es\/noticias-f1\/2012\/07\/17\/finalizada-la-investigacion-del-accidente-de-maria-de-villota\/\" data-layout=\"button_count\"><\/div><\/li><li class=\"share-twitter\"><a href=\"https:\/\/twitter.com\/share\" class=\"twitter-share-button\" data-url=\"http:\/\/www.michael-schumacher.es\/noticias-f1\/2012\/07\/17\/finalizada-la-investigacion-del-accidente-de-maria-de-villota\/\" data-text=\"Finalizada la Investigaci\u00f3n del accidente de Maria de Villota\"  >Tweet<\/a><\/li><li class=\"share-email\"><a rel=\"nofollow noopener noreferrer\" data-shared=\"\" class=\"share-email sd-button\" href=\"http:\/\/www.michael-schumacher.es\/noticias-f1\/2012\/07\/17\/finalizada-la-investigacion-del-accidente-de-maria-de-villota\/?share=email\" target=\"_blank\" title=\"Haz clic para enviar por correo electr\u00f3nico a un amigo\"><span>Correo electr\u00f3nico<\/span><\/a><\/li><li class=\"share-end\"><\/li><\/ul><\/div><\/div><\/div>","protected":false},"excerpt":{"rendered":"<p>Comunicado de Marussiaf1team 14 d\u00edas despu\u00e9s del accidente de Mar\u00eda de Villota del aer\u00f3dromo de Duxford, el Equipo de Marussia F1 ha completado ahora su propia investigaci\u00f3n detallada sobre la causa del accidente. El accidente se produjo el 3 de julio durante una prueba de l\u00ednea recta, en la que Mar\u00eda estaba haciendo su debut [&hellip;]<\/p>\n<div class=\"sharedaddy sd-sharing-enabled\"><div class=\"robots-nocontent sd-block sd-social sd-social-official sd-sharing\"><h3 class=\"sd-title\">Opciones Sociales:<\/h3><div class=\"sd-content\"><ul><li class=\"share-facebook\"><div class=\"fb-share-button\" data-href=\"http:\/\/www.michael-schumacher.es\/noticias-f1\/2012\/07\/17\/finalizada-la-investigacion-del-accidente-de-maria-de-villota\/\" data-layout=\"button_count\"><\/div><\/li><li class=\"share-twitter\"><a href=\"https:\/\/twitter.com\/share\" class=\"twitter-share-button\" data-url=\"http:\/\/www.michael-schumacher.es\/noticias-f1\/2012\/07\/17\/finalizada-la-investigacion-del-accidente-de-maria-de-villota\/\" data-text=\"Finalizada la Investigaci\u00f3n del accidente de Maria de Villota\"  >Tweet<\/a><\/li><li class=\"share-email\"><a rel=\"nofollow noopener noreferrer\" data-shared=\"\" class=\"share-email sd-button\" href=\"http:\/\/www.michael-schumacher.es\/noticias-f1\/2012\/07\/17\/finalizada-la-investigacion-del-accidente-de-maria-de-villota\/?share=email\" target=\"_blank\" title=\"Haz clic para enviar por correo electr\u00f3nico a un amigo\"><span>Correo electr\u00f3nico<\/span><\/a><\/li><li class=\"share-end\"><\/li><\/ul><\/div><\/div><\/div>","protected":false},"author":3,"featured_media":0,"comment_status":"open","ping_status":"open","sticky":false,"template":"","format":"standard","meta":{"_monsterinsights_skip_tracking":false,"_monsterinsights_sitenote_active":false,"_monsterinsights_sitenote_note":"","_monsterinsights_sitenote_category":0,"spay_email":"","jetpack_publicize_message":"","jetpack_is_tweetstorm":false,"jetpack_publicize_feature_enabled":true},"categories":[3],"tags":[464,401,465,183,562,550,461,429,463,460,139,462,282,125],"jetpack_featured_media_url":"","jetpack_publicize_connections":[],"jetpack_sharing_enabled":true,"jetpack_shortlink":"https:\/\/wp.me\/p27q3P-vg","_links":{"self":[{"href":"http:\/\/www.michael-schumacher.es\/noticias-f1\/wp-json\/wp\/v2\/posts\/1938"}],"collection":[{"href":"http:\/\/www.michael-schumacher.es\/noticias-f1\/wp-json\/wp\/v2\/posts"}],"about":[{"href":"http:\/\/www.michael-schumacher.es\/noticias-f1\/wp-json\/wp\/v2\/types\/post"}],"author":[{"embeddable":true,"href":"http:\/\/www.michael-schumacher.es\/noticias-f1\/wp-json\/wp\/v2\/users\/3"}],"replies":[{"embeddable":true,"href":"http:\/\/www.michael-schumacher.es\/noticias-f1\/wp-json\/wp\/v2\/comments?post=1938"}],"version-history":[{"count":0,"href":"http:\/\/www.michael-schumacher.es\/noticias-f1\/wp-json\/wp\/v2\/posts\/1938\/revisions"}],"wp:attachment":[{"href":"http:\/\/www.michael-schumacher.es\/noticias-f1\/wp-json\/wp\/v2\/media?parent=1938"}],"wp:term":[{"taxonomy":"category","embeddable":true,"href":"http:\/\/www.michael-schumacher.es\/noticias-f1\/wp-json\/wp\/v2\/categories?post=1938"},{"taxonomy":"post_tag","embeddable":true,"href":"http:\/\/www.michael-schumacher.es\/noticias-f1\/wp-json\/wp\/v2\/tags?post=1938"}],"curies":[{"name":"wp","href":"https:\/\/api.w.org\/{rel}","templated":true}]}}