{"id":1953,"date":"2012-07-17T23:48:37","date_gmt":"2012-07-17T21:48:37","guid":{"rendered":"http:\/\/www.michael-schumacher.es\/noticias-f1\/?p=1953"},"modified":"2012-07-17T23:48:37","modified_gmt":"2012-07-17T21:48:37","slug":"previo-gp-de-alemania-hockenheim-2012-marussia","status":"publish","type":"post","link":"http:\/\/www.michael-schumacher.es\/noticias-f1\/2012\/07\/17\/previo-gp-de-alemania-hockenheim-2012-marussia\/","title":{"rendered":"Previo GP de Alemania, Hockenheim 2012. Marussia"},"content":{"rendered":"<p><img loading=\"lazy\" class=\"alignleft\" title=\"Marussia\" src=\"http:\/\/img.michael-schumacher.es\/noticias-f1\/marussia\/marussia-1-mini.jpeg\" alt=\"\" width=\"202\" height=\"100\" \/>El equipo Marussia y los pilotos Charles Pic y en especial Timo Glock que corre en casa ante su afici\u00f3n, est\u00e1n ansiosos por probar el paquete de actualizaciones en Hockenheim, este fin de semana, ya que en la \u00faltima carrera aunque vieron signos positivos , el mal tiempo no les permiti\u00f3 exprimir las mejoras y esperan hacerlo aqu\u00ed.<\/p>\n<p><!--more--> <!--noteaser--><\/p>\n<p><img loading=\"lazy\" class=\"aligncenter\" title=\"Marussia\" src=\"http:\/\/img.michael-schumacher.es\/noticias-f1\/marussia\/marussia-1.jpeg\" alt=\"\" width=\"605\" height=\"300\" \/><\/p>\n<p>El equipo Marussia y los pilotos Charles Pic y en especial Timo Glock que corre en casa ante su afici\u00f3n, est\u00e1n ansiosos por probar el paquete de actualizaciones en Hockenheim, este fin de semana, ya que en la \u00faltima carrera aunque vieron signos positivos , el mal tiempo no les permiti\u00f3 exprimir las mejoras y esperan hacerlo aqu\u00ed.<\/p>\n<p><strong>\u00a0<\/strong><\/p>\n<p><strong>Timo Glock:<\/strong> \u00abCada vez que llega esta carrera es muy bueno para m\u00ed. Hemos visto el apoyo que el equipo tuvo hace dos semanas en el Gran Premio de Gran Breta\u00f1a y tambi\u00e9n a los pilotos brit\u00e1nicos como Lewis y Jenson. Con cinco pilotos alemanes diferentes que hay muchos para los fans que \u00a0apoyar. Ser\u00e1 un fin de semana muy especial para m\u00ed, que tendr\u00e1 lugar tan s\u00f3lo 30 minutos de casa de mi familia. He conseguido algunos buenos resultados en esta carrera en el pasado y siempre es bueno tener algunos amigos y familiares a m\u00ed alrededor para compartir la experiencia. Espero que el tiempo ser\u00e1 bueno para nosotros y, b\u00e1sicamente, s\u00f3lo estoy contando los d\u00edas hoy y hasta el fin de semana para comenzar. Creo que hicimos un buen comienzo con nuestro nuevo paquete en Silverstone hace dos semanas y espero que vayamos a ver un paso m\u00e1s con \u00e9l. \u00bb<\/p>\n<p>&nbsp;<\/p>\n<p><strong>Charles Pic:<\/strong> \u00abEstoy ansioso por volverme a subir en el coche despu\u00e9s de que los signos positivos que vimos con nuestra nueva actualizaci\u00f3n aerodin\u00e1mica en Silverstone. Estaba claro que todav\u00eda hay mucho m\u00e1s que podemos extraer de \u00e9l y espero continuar con este progreso en el fin de semana. Ser\u00e1 otro fin de semana especial para el equipo, ya que es la carrera de Timo en \u00a0casa, que es grande para \u00e9l. He corrido en el circuito de Hockenheim una vez antes, en 2010 en la GP2, y consegu\u00ed la pole position y acab\u00f3 en el podio en 3 \u00aa posici\u00f3n. \u00bb<\/p>\n<p>&nbsp;<\/p>\n<p><strong>John Booth, director del equipo:<\/strong> \u00abTodos estamos deseando de volver al circuito de Hockenheim, por primera vez desde nuestra primera temporada de competici\u00f3n en la F1 en 2010. Este es el evento de \u00abcasa\u00bb nuestra tercera vez consecutiva, que viene despu\u00e9s del GP de Gran Breta\u00f1a en la puerta \u00a0de nuestra de f\u00e1brica y despu\u00e9s de eventos de la semana pasada en Rusia. A continuaci\u00f3n, es la carrera de Timo casa, y podemos esperar ver un gran apoyo para \u00e9l y para el equipo. Esto proporcionar\u00e1 un gran impulso para \u00e9l, yo estoy seguro, ya que siempre es una sensaci\u00f3n especial estar para su afici\u00f3n con usted.<\/p>\n<p>Este fin de semana vamos a explorar m\u00e1s el potencial del paquete de actualizaci\u00f3n aerodin\u00e1mica importante que debut\u00f3 en Silverstone hace dos semanas. Tuvimos una buena carrera, pero hubo algunos destellos que prometen a\u00fan mas \u00a0durante el curso del fin de semana que no pudimos podido llevar a buen puerto debido al mal tiempo.<\/p>\n<p>Es dif\u00edcil de creer que hemos llegado a la mitad de la temporada, los primeros seis meses han pasado tan r\u00e1pido. Este es el primero de las carreras que nos llevan a las vacaciones de verano, cuando todos en el equipo ser\u00e1 capaz de disfrutar de un merecido descanso, por lo que ser\u00eda bueno ver a algunos pasos muy positivos en estas dos carreras y poner fin a esta etapa de la temporada con una nota alta. \u00ab<\/p>\n<div class=\"sharedaddy sd-sharing-enabled\"><div class=\"robots-nocontent sd-block sd-social sd-social-official sd-sharing\"><h3 class=\"sd-title\">Opciones Sociales:<\/h3><div class=\"sd-content\"><ul><li class=\"share-facebook\"><div class=\"fb-share-button\" data-href=\"http:\/\/www.michael-schumacher.es\/noticias-f1\/2012\/07\/17\/previo-gp-de-alemania-hockenheim-2012-marussia\/\" data-layout=\"button_count\"><\/div><\/li><li class=\"share-twitter\"><a href=\"https:\/\/twitter.com\/share\" class=\"twitter-share-button\" data-url=\"http:\/\/www.michael-schumacher.es\/noticias-f1\/2012\/07\/17\/previo-gp-de-alemania-hockenheim-2012-marussia\/\" data-text=\"Previo GP de Alemania, Hockenheim 2012. Marussia\"  >Tweet<\/a><\/li><li class=\"share-email\"><a rel=\"nofollow noopener noreferrer\" data-shared=\"\" class=\"share-email sd-button\" href=\"http:\/\/www.michael-schumacher.es\/noticias-f1\/2012\/07\/17\/previo-gp-de-alemania-hockenheim-2012-marussia\/?share=email\" target=\"_blank\" title=\"Haz clic para enviar por correo electr\u00f3nico a un amigo\"><span>Correo electr\u00f3nico<\/span><\/a><\/li><li class=\"share-end\"><\/li><\/ul><\/div><\/div><\/div>","protected":false},"excerpt":{"rendered":"<p>El equipo Marussia y los pilotos Charles Pic y en especial Timo Glock que corre en casa ante su afici\u00f3n, est\u00e1n ansiosos por probar el paquete de actualizaciones en Hockenheim, este fin de semana, ya que en la \u00faltima carrera aunque vieron signos positivos , el mal tiempo no les permiti\u00f3 exprimir las mejoras y [&hellip;]<\/p>\n<div class=\"sharedaddy sd-sharing-enabled\"><div class=\"robots-nocontent sd-block sd-social sd-social-official sd-sharing\"><h3 class=\"sd-title\">Opciones Sociales:<\/h3><div class=\"sd-content\"><ul><li class=\"share-facebook\"><div class=\"fb-share-button\" data-href=\"http:\/\/www.michael-schumacher.es\/noticias-f1\/2012\/07\/17\/previo-gp-de-alemania-hockenheim-2012-marussia\/\" data-layout=\"button_count\"><\/div><\/li><li class=\"share-twitter\"><a href=\"https:\/\/twitter.com\/share\" class=\"twitter-share-button\" data-url=\"http:\/\/www.michael-schumacher.es\/noticias-f1\/2012\/07\/17\/previo-gp-de-alemania-hockenheim-2012-marussia\/\" data-text=\"Previo GP de Alemania, Hockenheim 2012. Marussia\"  >Tweet<\/a><\/li><li class=\"share-email\"><a rel=\"nofollow noopener noreferrer\" data-shared=\"\" class=\"share-email sd-button\" href=\"http:\/\/www.michael-schumacher.es\/noticias-f1\/2012\/07\/17\/previo-gp-de-alemania-hockenheim-2012-marussia\/?share=email\" target=\"_blank\" title=\"Haz clic para enviar por correo electr\u00f3nico a un amigo\"><span>Correo electr\u00f3nico<\/span><\/a><\/li><li class=\"share-end\"><\/li><\/ul><\/div><\/div><\/div>","protected":false},"author":3,"featured_media":0,"comment_status":"open","ping_status":"open","sticky":false,"template":"","format":"standard","meta":{"_monsterinsights_skip_tracking":false,"_monsterinsights_sitenote_active":false,"_monsterinsights_sitenote_note":"","_monsterinsights_sitenote_category":0,"spay_email":"","jetpack_publicize_message":"","jetpack_is_tweetstorm":false,"jetpack_publicize_feature_enabled":true},"categories":[3,22],"tags":[14,543,116,17,15,119,6,542,139,117,5,118],"jetpack_featured_media_url":"","jetpack_publicize_connections":[],"jetpack_sharing_enabled":true,"jetpack_shortlink":"https:\/\/wp.me\/p27q3P-vv","_links":{"self":[{"href":"http:\/\/www.michael-schumacher.es\/noticias-f1\/wp-json\/wp\/v2\/posts\/1953"}],"collection":[{"href":"http:\/\/www.michael-schumacher.es\/noticias-f1\/wp-json\/wp\/v2\/posts"}],"about":[{"href":"http:\/\/www.michael-schumacher.es\/noticias-f1\/wp-json\/wp\/v2\/types\/post"}],"author":[{"embeddable":true,"href":"http:\/\/www.michael-schumacher.es\/noticias-f1\/wp-json\/wp\/v2\/users\/3"}],"replies":[{"embeddable":true,"href":"http:\/\/www.michael-schumacher.es\/noticias-f1\/wp-json\/wp\/v2\/comments?post=1953"}],"version-history":[{"count":0,"href":"http:\/\/www.michael-schumacher.es\/noticias-f1\/wp-json\/wp\/v2\/posts\/1953\/revisions"}],"wp:attachment":[{"href":"http:\/\/www.michael-schumacher.es\/noticias-f1\/wp-json\/wp\/v2\/media?parent=1953"}],"wp:term":[{"taxonomy":"category","embeddable":true,"href":"http:\/\/www.michael-schumacher.es\/noticias-f1\/wp-json\/wp\/v2\/categories?post=1953"},{"taxonomy":"post_tag","embeddable":true,"href":"http:\/\/www.michael-schumacher.es\/noticias-f1\/wp-json\/wp\/v2\/tags?post=1953"}],"curies":[{"name":"wp","href":"https:\/\/api.w.org\/{rel}","templated":true}]}}