{"id":2018,"date":"2012-07-21T00:45:30","date_gmt":"2012-07-20T22:45:30","guid":{"rendered":"http:\/\/www.michael-schumacher.es\/noticias-f1\/?p=2018"},"modified":"2012-07-21T00:45:30","modified_gmt":"2012-07-20T22:45:30","slug":"entrenamientos-gp-de-alemania-hockenheim-2012-williams","status":"publish","type":"post","link":"http:\/\/www.michael-schumacher.es\/noticias-f1\/2012\/07\/21\/entrenamientos-gp-de-alemania-hockenheim-2012-williams\/","title":{"rendered":"Entrenamientos GP de Alemania, Hockenheim 2012. Williams"},"content":{"rendered":"<p><img loading=\"lazy\" class=\"alignleft\" title=\"Williams\" src=\"http:\/\/img.michael-schumacher.es\/noticias-f1\/williams\/williams-1-mini.jpg\" alt=\"\" width=\"202\" height=\"100\" \/>Williams ha tenido una sesi\u00f3n de trabajo intensa en especial para los mec\u00e1nicos cuando Valtteri Bottas \u00a0ha tenido un bloqueo, que le causo chocar con la valla y el equipo trabajo duro para tenerlo a punto para Bruno Senna, Pastor Maldonado ha logrado un excelente tiempo y conf\u00eda en tener un buen resultado este fin de semana de Gran Premio en Alemania.<\/p>\n<p><!--more--> <!--noteaser--><\/p>\n<p><img loading=\"lazy\" class=\"aligncenter\" title=\"Williams\" src=\"http:\/\/img.michael-schumacher.es\/noticias-f1\/williams\/williams-1.jpg\" alt=\"\" width=\"605\" height=\"300\" \/><\/p>\n<p>Williams ha tenido una sesi\u00f3n de trabajo intensa en especial para los mec\u00e1nicos cuando Valtteri Bottas \u00a0ha tenido un bloqueo, que le causo chocar con la valla y el equipo trabajo duro para tenerlo a punto para Bruno Senna, Pastor Maldonado ha logrado un excelente tiempo y conf\u00eda en tener un buen resultado este fin de semana de Gran Premio en Alemania.<\/p>\n<p>&nbsp;<\/p>\n<p><strong>Pastor Maldonado:<\/strong> \u201cFue una sesi\u00f3n de pr\u00e1ctica dif\u00edcil para todos, porque las condiciones de la pista estaba cambiando mucho y yo estaba tratando de adaptar m\u00ed estilo de conducci\u00f3n y el coche que mejor se adapte a esas condiciones. Tenemos un buen equilibrio en el coche en condiciones de humedad, incluso con una pista h\u00fameda, y el tiempo me puse en el segundo per\u00edodo de sesiones demuestra que si llueve ma\u00f1ana seremos competitivos.\u201d<\/p>\n<p>&nbsp;<\/p>\n<p><strong>\u00a0Bruno Senna:<\/strong> \u201cFue un dia un poco frustrante, porque el tiempo era tan cambiante. Empezamos con extremos, pero la pista se sec\u00f3 muy r\u00e1pidamente y que luego pas\u00f3 a los intermediarios que nuestro ritmo era competitivo, que es prometedor. Lamentablemente nos perdimos la ventana para obtener algunas buenas vueltas en la pista seca, pero en general el coche se siente bien y con un poco m\u00e1s el trabajo de puesta a punto podemos tener un buen fin de semana\u201d.<\/p>\n<p>&nbsp;<\/p>\n<p><strong>Valtteri Bottas:<\/strong> \u201cPor desgracia la lluvia afect\u00f3 lo que est\u00e1bamos probando y hemos tenido que adaptar a las condiciones clim\u00e1ticas, pero nos las arreglamos para hacer un buen n\u00famero de vueltas y completar la mayor parte de lo que est\u00e1bamos buscando. La sesi\u00f3n termin\u00f3 decepcionante para m\u00ed cuando perd\u00ed la parte trasera del coche en la zona del estadio, se bloqueo de la parte trasera cuando pise el freno, pero quiero dar las gracias al equipo, ya que hizo un gran trabajo para poner el coche de vuelta para Bruno en la sesi\u00f3n de la tarde.<\/p>\n<p>&nbsp;<\/p>\n<p><strong>Mark Gillan, Ingeniero Jefe de Operaciones:<\/strong> \u201cLas sesiones de hoy fueron dominadas por el clima, con la segunda sesi\u00f3n a partir de plenas condiciones de humedad y, posteriormente, la transici\u00f3n a la carrera intermedia. Pastor ha pilotado bien hoy y fue particularmente fuerte en el segundo per\u00edodo de sesiones sobre las sustancias intermedias. Valtteri fue bien a trav\u00e9s de un programa de desarrollo en la ma\u00f1ana, pero por desgracia, hacia el final de la sesi\u00f3n, bloqueo \u00a0sus frenos traseros en la entrada a T13 y se estrell\u00f3 en la barrera. Los mec\u00e1nicos han trabajado muy r\u00e1pidamente e hicieron un trabajo excelente para tener el coche listo de nuevo para Bruno en el comienzo de la segunda sesi\u00f3n. Bruno lleg\u00f3 a la pista temprano y trabajado en la puesta en marcha en las condiciones cambiantes. El pron\u00f3stico indica que la calificaci\u00f3n ser\u00e1 h\u00famedo y la carrera en seco por lo que parece que va a ser otro fin de semana muy interesante.\u201d<\/p>\n<div class=\"sharedaddy sd-sharing-enabled\"><div class=\"robots-nocontent sd-block sd-social sd-social-official sd-sharing\"><h3 class=\"sd-title\">Opciones Sociales:<\/h3><div class=\"sd-content\"><ul><li class=\"share-facebook\"><div class=\"fb-share-button\" data-href=\"http:\/\/www.michael-schumacher.es\/noticias-f1\/2012\/07\/21\/entrenamientos-gp-de-alemania-hockenheim-2012-williams\/\" data-layout=\"button_count\"><\/div><\/li><li class=\"share-twitter\"><a href=\"https:\/\/twitter.com\/share\" class=\"twitter-share-button\" data-url=\"http:\/\/www.michael-schumacher.es\/noticias-f1\/2012\/07\/21\/entrenamientos-gp-de-alemania-hockenheim-2012-williams\/\" data-text=\"Entrenamientos GP de Alemania, Hockenheim 2012. Williams\"  >Tweet<\/a><\/li><li class=\"share-email\"><a rel=\"nofollow noopener noreferrer\" data-shared=\"\" class=\"share-email sd-button\" href=\"http:\/\/www.michael-schumacher.es\/noticias-f1\/2012\/07\/21\/entrenamientos-gp-de-alemania-hockenheim-2012-williams\/?share=email\" target=\"_blank\" title=\"Haz clic para enviar por correo electr\u00f3nico a un amigo\"><span>Correo electr\u00f3nico<\/span><\/a><\/li><li class=\"share-end\"><\/li><\/ul><\/div><\/div><\/div>","protected":false},"excerpt":{"rendered":"<p>Williams ha tenido una sesi\u00f3n de trabajo intensa en especial para los mec\u00e1nicos cuando Valtteri Bottas \u00a0ha tenido un bloqueo, que le causo chocar con la valla y el equipo trabajo duro para tenerlo a punto para Bruno Senna, Pastor Maldonado ha logrado un excelente tiempo y conf\u00eda en tener un buen resultado este fin [&hellip;]<\/p>\n<div class=\"sharedaddy sd-sharing-enabled\"><div class=\"robots-nocontent sd-block sd-social sd-social-official sd-sharing\"><h3 class=\"sd-title\">Opciones Sociales:<\/h3><div class=\"sd-content\"><ul><li class=\"share-facebook\"><div class=\"fb-share-button\" data-href=\"http:\/\/www.michael-schumacher.es\/noticias-f1\/2012\/07\/21\/entrenamientos-gp-de-alemania-hockenheim-2012-williams\/\" data-layout=\"button_count\"><\/div><\/li><li class=\"share-twitter\"><a href=\"https:\/\/twitter.com\/share\" class=\"twitter-share-button\" data-url=\"http:\/\/www.michael-schumacher.es\/noticias-f1\/2012\/07\/21\/entrenamientos-gp-de-alemania-hockenheim-2012-williams\/\" data-text=\"Entrenamientos GP de Alemania, Hockenheim 2012. Williams\"  >Tweet<\/a><\/li><li class=\"share-email\"><a rel=\"nofollow noopener noreferrer\" data-shared=\"\" class=\"share-email sd-button\" href=\"http:\/\/www.michael-schumacher.es\/noticias-f1\/2012\/07\/21\/entrenamientos-gp-de-alemania-hockenheim-2012-williams\/?share=email\" target=\"_blank\" title=\"Haz clic para enviar por correo electr\u00f3nico a un amigo\"><span>Correo electr\u00f3nico<\/span><\/a><\/li><li class=\"share-end\"><\/li><\/ul><\/div><\/div><\/div>","protected":false},"author":3,"featured_media":0,"comment_status":"open","ping_status":"open","sticky":false,"template":"","format":"standard","meta":{"_monsterinsights_skip_tracking":false,"_monsterinsights_sitenote_active":false,"_monsterinsights_sitenote_note":"","_monsterinsights_sitenote_category":0,"spay_email":"","jetpack_publicize_message":"","jetpack_is_tweetstorm":false,"jetpack_publicize_feature_enabled":true},"categories":[67,3],"tags":[14,543,94,131,17,15,6,542,97,96,95,93],"jetpack_featured_media_url":"","jetpack_publicize_connections":[],"jetpack_sharing_enabled":true,"jetpack_shortlink":"https:\/\/wp.me\/p27q3P-wy","_links":{"self":[{"href":"http:\/\/www.michael-schumacher.es\/noticias-f1\/wp-json\/wp\/v2\/posts\/2018"}],"collection":[{"href":"http:\/\/www.michael-schumacher.es\/noticias-f1\/wp-json\/wp\/v2\/posts"}],"about":[{"href":"http:\/\/www.michael-schumacher.es\/noticias-f1\/wp-json\/wp\/v2\/types\/post"}],"author":[{"embeddable":true,"href":"http:\/\/www.michael-schumacher.es\/noticias-f1\/wp-json\/wp\/v2\/users\/3"}],"replies":[{"embeddable":true,"href":"http:\/\/www.michael-schumacher.es\/noticias-f1\/wp-json\/wp\/v2\/comments?post=2018"}],"version-history":[{"count":0,"href":"http:\/\/www.michael-schumacher.es\/noticias-f1\/wp-json\/wp\/v2\/posts\/2018\/revisions"}],"wp:attachment":[{"href":"http:\/\/www.michael-schumacher.es\/noticias-f1\/wp-json\/wp\/v2\/media?parent=2018"}],"wp:term":[{"taxonomy":"category","embeddable":true,"href":"http:\/\/www.michael-schumacher.es\/noticias-f1\/wp-json\/wp\/v2\/categories?post=2018"},{"taxonomy":"post_tag","embeddable":true,"href":"http:\/\/www.michael-schumacher.es\/noticias-f1\/wp-json\/wp\/v2\/tags?post=2018"}],"curies":[{"name":"wp","href":"https:\/\/api.w.org\/{rel}","templated":true}]}}