{"id":2023,"date":"2012-07-21T00:56:45","date_gmt":"2012-07-20T22:56:45","guid":{"rendered":"http:\/\/www.michael-schumacher.es\/noticias-f1\/?p=2023"},"modified":"2012-07-21T01:04:03","modified_gmt":"2012-07-20T23:04:03","slug":"entrenamientos-gp-de-alemania-hockenheim-2012-toro-rosso","status":"publish","type":"post","link":"http:\/\/www.michael-schumacher.es\/noticias-f1\/2012\/07\/21\/entrenamientos-gp-de-alemania-hockenheim-2012-toro-rosso\/","title":{"rendered":"Entrenamientos GP de Alemania, Hockenheim 2012. Toro Rosso"},"content":{"rendered":"<p><img loading=\"lazy\" class=\"alignleft\" title=\"Toro Rosso\" src=\" http:\/\/img.michael-schumacher.es\/noticias-f1\/toro-rosso\/toro-rosso-1-mini.jpg\" alt=\"\" width=\"202\" height=\"100\" \/>Toro Rosso est\u00e1 bastante satisfecho con el rendimiento en seco y h\u00famedo, se ven competitivos y han podido realizar mucho trabajo, son conscientes de que est\u00e1n m\u00e1s fuertes y que las condiciones h\u00famedas les favorecen<\/p>\n<p><!--more--> <!--noteaser--><\/p>\n<p><img loading=\"lazy\" class=\"aligncenter\" title=\"Toro Rosso\" src=\"http:\/\/img.michael-schumacher.es\/noticias-f1\/toro-rosso\/toro-rosso-1.jpg\" alt=\"\" width=\"605\" height=\"300\" \/><\/p>\n<p>Toro Rosso est\u00e1 bastante satisfecho con el rendimiento en seco y h\u00famedo, se ven competitivos y han podido realizar mucho trabajo, son conscientes de que est\u00e1n m\u00e1s fuertes y que las condiciones h\u00famedas les favorecen<\/p>\n<p>&nbsp;<\/p>\n<p><strong>Daniel Ricciardo:<\/strong> \u00abLa ma\u00f1ana ha ido bien en t\u00e9rminos de hacer un mont\u00f3n de vueltas y conseguir un mont\u00f3n de tiempo en pista. Se evaluaron algunos cambios en el aler\u00f3n delantero, haciendo un lado y otro \u00a0de prueba, en una especie de mini-aero prueba, para proporcionar a los chicos con algunos datos. Entonces, hemos sido capaces de seguir adelante con el programa habitual de los viernes. Teniendo en cuenta cu\u00e1ntas vueltas que hice, creo que el tiempo de vuelta no fue tan malo y espero que podamos ser m\u00e1s competitivos aqu\u00ed que en Silverstone. Esta tarde, me fui fuera de la pista y \u00a0se desliz\u00f3 hacia la grava. No hubo da\u00f1o hecho y estoy contento de no haber no golpeado con nada. La carrera ha ido bien h\u00fameda y podr\u00eda ser \u00fatil si tenemos la lluvia para la calificaci\u00f3n. \u00bb<\/p>\n<p>&nbsp;<\/p>\n<p><strong>Jean-Eric Vergne :<\/strong> \u00abEn seco esta ma\u00f1ana, el coche ha funcionado bastante bien y los tiempos de vuelta no significa mucho, ya que estaba ejecutando el duro prototipo de neum\u00e1tico Pirelli ha tra\u00eddo aqu\u00ed con fines de evaluaci\u00f3n . Sent\u00ed que el coche era fuerte en la FP1, lo que significa que tenemos un buen coche para condiciones secas, si eso es lo que viene para el resto del fin de semana. Luego, en mojado de esta tarde, me qued\u00e9 agradablemente sorprendido con lo bien que fue en los neum\u00e1ticos de lluvia extrema. Cuando me encontr\u00e9 con los productos intermedios, que no tienen el equilibrio adecuado en el coche, pero estoy seguro de que podemos arreglar eso, en cuyo caso yo ser\u00eda feliz si tuvi\u00e9ramos la lluvia por la tarde de ma\u00f1ana para la calificaci\u00f3n. Debe ser bueno \u00ab!<\/p>\n<p>&nbsp;<\/p>\n<p><strong>Laurent Mekies (Ingeniero Jefe):<\/strong> \u00abSab\u00edamos que iba a llover, por lo que hicimos tantas vueltas como fue posible en la ma\u00f1ana, m\u00e1s que cualquier otro equipo. Ten\u00edamos un nuevo aler\u00f3n delantero para evaluar en el coche de Daniel, y lo hemos conseguido, a pesar de que las condiciones no eran tan estables, pero fue suficiente para obtener datos \u00fatiles. Esta tarde estaba completamente mojado y otra vez, tratamos de hacer un mont\u00f3n de trabajo y ellos lo hicieron bien en no cometer errores cuando se fueron los primeros en salir a pista, en el momento de las condiciones m\u00e1s h\u00famedas. Sacamos lo mejor de hoy y, como fue el caso en Silverstone, que somos un poco m\u00e1s competitivos en mojado. \u00ab<\/p>\n<div class=\"sharedaddy sd-sharing-enabled\"><div class=\"robots-nocontent sd-block sd-social sd-social-official sd-sharing\"><h3 class=\"sd-title\">Opciones Sociales:<\/h3><div class=\"sd-content\"><ul><li class=\"share-facebook\"><div class=\"fb-share-button\" data-href=\"http:\/\/www.michael-schumacher.es\/noticias-f1\/2012\/07\/21\/entrenamientos-gp-de-alemania-hockenheim-2012-toro-rosso\/\" data-layout=\"button_count\"><\/div><\/li><li class=\"share-twitter\"><a href=\"https:\/\/twitter.com\/share\" class=\"twitter-share-button\" data-url=\"http:\/\/www.michael-schumacher.es\/noticias-f1\/2012\/07\/21\/entrenamientos-gp-de-alemania-hockenheim-2012-toro-rosso\/\" data-text=\"Entrenamientos GP de Alemania, Hockenheim 2012. Toro Rosso\"  >Tweet<\/a><\/li><li class=\"share-email\"><a rel=\"nofollow noopener noreferrer\" data-shared=\"\" class=\"share-email sd-button\" href=\"http:\/\/www.michael-schumacher.es\/noticias-f1\/2012\/07\/21\/entrenamientos-gp-de-alemania-hockenheim-2012-toro-rosso\/?share=email\" target=\"_blank\" title=\"Haz clic para enviar por correo electr\u00f3nico a un amigo\"><span>Correo electr\u00f3nico<\/span><\/a><\/li><li class=\"share-end\"><\/li><\/ul><\/div><\/div><\/div>","protected":false},"excerpt":{"rendered":"<p>Toro Rosso est\u00e1 bastante satisfecho con el rendimiento en seco y h\u00famedo, se ven competitivos y han podido realizar mucho trabajo, son conscientes de que est\u00e1n m\u00e1s fuertes y que las condiciones h\u00famedas les favorecen<\/p>\n<div class=\"sharedaddy sd-sharing-enabled\"><div class=\"robots-nocontent sd-block sd-social sd-social-official sd-sharing\"><h3 class=\"sd-title\">Opciones Sociales:<\/h3><div class=\"sd-content\"><ul><li class=\"share-facebook\"><div class=\"fb-share-button\" data-href=\"http:\/\/www.michael-schumacher.es\/noticias-f1\/2012\/07\/21\/entrenamientos-gp-de-alemania-hockenheim-2012-toro-rosso\/\" data-layout=\"button_count\"><\/div><\/li><li class=\"share-twitter\"><a href=\"https:\/\/twitter.com\/share\" class=\"twitter-share-button\" data-url=\"http:\/\/www.michael-schumacher.es\/noticias-f1\/2012\/07\/21\/entrenamientos-gp-de-alemania-hockenheim-2012-toro-rosso\/\" data-text=\"Entrenamientos GP de Alemania, Hockenheim 2012. Toro Rosso\"  >Tweet<\/a><\/li><li class=\"share-email\"><a rel=\"nofollow noopener noreferrer\" data-shared=\"\" class=\"share-email sd-button\" href=\"http:\/\/www.michael-schumacher.es\/noticias-f1\/2012\/07\/21\/entrenamientos-gp-de-alemania-hockenheim-2012-toro-rosso\/?share=email\" target=\"_blank\" title=\"Haz clic para enviar por correo electr\u00f3nico a un amigo\"><span>Correo electr\u00f3nico<\/span><\/a><\/li><li class=\"share-end\"><\/li><\/ul><\/div><\/div><\/div>","protected":false},"author":3,"featured_media":0,"comment_status":"open","ping_status":"open","sticky":false,"template":"","format":"standard","meta":{"_monsterinsights_skip_tracking":false,"_monsterinsights_sitenote_active":false,"_monsterinsights_sitenote_note":"","_monsterinsights_sitenote_category":0,"spay_email":"","jetpack_publicize_message":"","jetpack_is_tweetstorm":false,"jetpack_publicize_feature_enabled":true},"categories":[67,3],"tags":[14,543,101,131,17,15,6,542,99,102,103,100],"jetpack_featured_media_url":"","jetpack_publicize_connections":[],"jetpack_sharing_enabled":true,"jetpack_shortlink":"https:\/\/wp.me\/p27q3P-wD","_links":{"self":[{"href":"http:\/\/www.michael-schumacher.es\/noticias-f1\/wp-json\/wp\/v2\/posts\/2023"}],"collection":[{"href":"http:\/\/www.michael-schumacher.es\/noticias-f1\/wp-json\/wp\/v2\/posts"}],"about":[{"href":"http:\/\/www.michael-schumacher.es\/noticias-f1\/wp-json\/wp\/v2\/types\/post"}],"author":[{"embeddable":true,"href":"http:\/\/www.michael-schumacher.es\/noticias-f1\/wp-json\/wp\/v2\/users\/3"}],"replies":[{"embeddable":true,"href":"http:\/\/www.michael-schumacher.es\/noticias-f1\/wp-json\/wp\/v2\/comments?post=2023"}],"version-history":[{"count":0,"href":"http:\/\/www.michael-schumacher.es\/noticias-f1\/wp-json\/wp\/v2\/posts\/2023\/revisions"}],"wp:attachment":[{"href":"http:\/\/www.michael-schumacher.es\/noticias-f1\/wp-json\/wp\/v2\/media?parent=2023"}],"wp:term":[{"taxonomy":"category","embeddable":true,"href":"http:\/\/www.michael-schumacher.es\/noticias-f1\/wp-json\/wp\/v2\/categories?post=2023"},{"taxonomy":"post_tag","embeddable":true,"href":"http:\/\/www.michael-schumacher.es\/noticias-f1\/wp-json\/wp\/v2\/tags?post=2023"}],"curies":[{"name":"wp","href":"https:\/\/api.w.org\/{rel}","templated":true}]}}