{"id":2061,"date":"2012-07-22T02:55:56","date_gmt":"2012-07-22T00:55:56","guid":{"rendered":"http:\/\/www.michael-schumacher.es\/noticias-f1\/?p=2061"},"modified":"2012-07-22T03:00:53","modified_gmt":"2012-07-22T01:00:53","slug":"calificacion-gp-de-alemania-hockenheim-2012-toro-rosso","status":"publish","type":"post","link":"http:\/\/www.michael-schumacher.es\/noticias-f1\/2012\/07\/22\/calificacion-gp-de-alemania-hockenheim-2012-toro-rosso\/","title":{"rendered":"Calificaci\u00f3n GP de Alemania, Hockenheim 2012. Toro Rosso"},"content":{"rendered":"<p><img loading=\"lazy\" class=\"alignleft\" title=\"Toro Rosso\" src=\"http:\/\/img.michael-schumacher.es\/noticias-f1\/toro-rosso\/toro-rosso-1-mini.jpg\" alt=\"\" width=\"202\" height=\"100\" \/>Toro Rosso \u00a0satisfechos del rendimiento con Daniel Ricciardo, que ha rozado la Q3 y ha logrado calificar en und\u00e9cima posici\u00f3n, en cambio para Jean-Eric Vergne, la calificaci\u00f3n no ha sido tan buena y se a quedado en la q1 y saldr\u00e1 en posici\u00f3n d\u00e9cimo octava<\/p>\n<p><!--more--> <!--noteaser--><\/p>\n<p><img loading=\"lazy\" class=\"aligncenter\" title=\"Toro Rosso\" src=\"http:\/\/img.michael-schumacher.es\/noticias-f1\/toro-rosso\/toro-rosso-1.jpg\" alt=\"\" width=\"605\" height=\"300\" \/><\/p>\n<p>Toro Rosso \u00a0satisfechos del rendimiento con Daniel Ricciardo, que ha rozado la Q3 y ha logrado calificar en und\u00e9cima posici\u00f3n, en cambio para Jean-Eric Vergne, la calificaci\u00f3n no ha sido tan buena y se a quedado en la q1 y saldr\u00e1 en posici\u00f3n d\u00e9cimo octava<\/p>\n<p>&nbsp;<\/p>\n<p><strong>Daniel Ricciardo:<\/strong>\u00a0 \u00abEstoy satisfecho con el rendimiento. Und\u00e9cimo es muy bueno para nosotros, en el borde de la Q3. Por supuesto, estoy un poco decepcionado porque me perd\u00ed el top ten, pero, en general, este resultado nos pone en una buena posici\u00f3n para ma\u00f1ana y espero que podamos estar en los puntos, incluso si la carrera es en seco, como esta predicho. En cuanto a mi vuelta r\u00e1pida, en realidad mejor\u00f3 durante la carrera, porque aunque yo estaba en Intermedios, me pareci\u00f3 encontrar m\u00e1s agarre cuando no hab\u00eda m\u00e1s agua en la pista. Por esa raz\u00f3n, mi mejor vuelta fue justo al final y fue un caso de cambio de l\u00edneas en algunas curvas de vuelta en vuelta busqu\u00e9 qu\u00e9 trayectorias funcionaban mejor en estas condiciones. Ha sido una sesi\u00f3n dif\u00edcil y me he divertido esta tarde. \u00bb<\/p>\n<p>&nbsp;<\/p>\n<p><strong>Jean-Eric Vergne:<\/strong> \u00abS\u00f3lo dos d\u00e9cimas entre m\u00ed y P13 en la Q1, que es muy estrecha y, de hecho, creo que he perdido dos d\u00e9cimas en la \u00faltima curva, pero aparte de eso, siento que mi vuelta fue bastante buena . Estoy decepcionado de que la lluvia lleg\u00f3 un poco demasiado tarde para m\u00ed. Salimos de inmediato en la opci\u00f3n de lo que esper\u00e1bamos que la lluvia caiga en la Q1. Todav\u00eda tengo esperanzas de tener una buena carrera ma\u00f1ana, ya que parece que estamos un poco m\u00e1s competitivos en seco de lo que est\u00e1bamos hace dos semanas. . Con la lluvia que afecta a varias sesiones, no hemos hecho el trabajo con los neum\u00e1ticos de seco como de costumbre y ver c\u00f3mo se comportan ser\u00e1 un factor interesante ma\u00f1ana \u00bb<\/p>\n<p>&nbsp;<\/p>\n<p><strong>Laurent Mekies (Ingeniero Jefe):<\/strong> \u00abUna calificaci\u00f3n muy entretenido y un gran espect\u00e1culo para la observaci\u00f3n de todo el mundo. En estas condiciones, siempre va a ser muy apretado y Jean-Eric perdi\u00f3 la ventana de la Q2 por alrededor de seis cent\u00e9simas y luego no pas\u00f3 el corte en la Q3 con Daniel tambi\u00e9n por 6 cent\u00e9simas. As\u00ed que fue una tarde de suerte dispar, con P11 es un buen resultado para Daniel, mientras que con Jean es una pena que solo perdi\u00f3 una oportunidad de correr en la Q2 mojado. Ma\u00f1ana se calcula que estar seco para la carrera y ser\u00e1 interesante ver la pelea en el medio campo, ya que tenemos un coche a la cabeza de este grupo y el otro en la parte posterior de la misma. Este fin de semana es el aspecto de copia de Silverstone con una h\u00fameda y una seca Viernes s\u00e1bado por la ma\u00f1ana, seguida de una calificaci\u00f3n sobre mojado, con la carrera se espera que sea seco. Vamos a intentar todo lo posible y los puntos tienen que ser nuestro objetivo, por lo menos con Daniel. \u00ab<\/p>\n<div class=\"sharedaddy sd-sharing-enabled\"><div class=\"robots-nocontent sd-block sd-social sd-social-official sd-sharing\"><h3 class=\"sd-title\">Opciones Sociales:<\/h3><div class=\"sd-content\"><ul><li class=\"share-facebook\"><div class=\"fb-share-button\" data-href=\"http:\/\/www.michael-schumacher.es\/noticias-f1\/2012\/07\/22\/calificacion-gp-de-alemania-hockenheim-2012-toro-rosso\/\" data-layout=\"button_count\"><\/div><\/li><li class=\"share-twitter\"><a href=\"https:\/\/twitter.com\/share\" class=\"twitter-share-button\" data-url=\"http:\/\/www.michael-schumacher.es\/noticias-f1\/2012\/07\/22\/calificacion-gp-de-alemania-hockenheim-2012-toro-rosso\/\" data-text=\"Calificaci\u00f3n GP de Alemania, Hockenheim 2012. Toro Rosso  \"  >Tweet<\/a><\/li><li class=\"share-email\"><a rel=\"nofollow noopener noreferrer\" data-shared=\"\" class=\"share-email sd-button\" href=\"http:\/\/www.michael-schumacher.es\/noticias-f1\/2012\/07\/22\/calificacion-gp-de-alemania-hockenheim-2012-toro-rosso\/?share=email\" target=\"_blank\" title=\"Haz clic para enviar por correo electr\u00f3nico a un amigo\"><span>Correo electr\u00f3nico<\/span><\/a><\/li><li class=\"share-end\"><\/li><\/ul><\/div><\/div><\/div>","protected":false},"excerpt":{"rendered":"<p>Toro Rosso \u00a0satisfechos del rendimiento con Daniel Ricciardo, que ha rozado la Q3 y ha logrado calificar en und\u00e9cima posici\u00f3n, en cambio para Jean-Eric Vergne, la calificaci\u00f3n no ha sido tan buena y se a quedado en la q1 y saldr\u00e1 en posici\u00f3n d\u00e9cimo octava<\/p>\n<div class=\"sharedaddy sd-sharing-enabled\"><div class=\"robots-nocontent sd-block sd-social sd-social-official sd-sharing\"><h3 class=\"sd-title\">Opciones Sociales:<\/h3><div class=\"sd-content\"><ul><li class=\"share-facebook\"><div class=\"fb-share-button\" data-href=\"http:\/\/www.michael-schumacher.es\/noticias-f1\/2012\/07\/22\/calificacion-gp-de-alemania-hockenheim-2012-toro-rosso\/\" data-layout=\"button_count\"><\/div><\/li><li class=\"share-twitter\"><a href=\"https:\/\/twitter.com\/share\" class=\"twitter-share-button\" data-url=\"http:\/\/www.michael-schumacher.es\/noticias-f1\/2012\/07\/22\/calificacion-gp-de-alemania-hockenheim-2012-toro-rosso\/\" data-text=\"Calificaci\u00f3n GP de Alemania, Hockenheim 2012. Toro Rosso  \"  >Tweet<\/a><\/li><li class=\"share-email\"><a rel=\"nofollow noopener noreferrer\" data-shared=\"\" class=\"share-email sd-button\" href=\"http:\/\/www.michael-schumacher.es\/noticias-f1\/2012\/07\/22\/calificacion-gp-de-alemania-hockenheim-2012-toro-rosso\/?share=email\" target=\"_blank\" title=\"Haz clic para enviar por correo electr\u00f3nico a un amigo\"><span>Correo electr\u00f3nico<\/span><\/a><\/li><li class=\"share-end\"><\/li><\/ul><\/div><\/div><\/div>","protected":false},"author":3,"featured_media":0,"comment_status":"open","ping_status":"open","sticky":false,"template":"","format":"standard","meta":{"_monsterinsights_skip_tracking":false,"_monsterinsights_sitenote_active":false,"_monsterinsights_sitenote_note":"","_monsterinsights_sitenote_category":0,"spay_email":"","jetpack_publicize_message":"","jetpack_is_tweetstorm":false,"jetpack_publicize_feature_enabled":true},"categories":[68,3],"tags":[14,543,155,159,101,17,15,6,542,99,102,103,100],"jetpack_featured_media_url":"","jetpack_publicize_connections":[],"jetpack_sharing_enabled":true,"jetpack_shortlink":"https:\/\/wp.me\/p27q3P-xf","_links":{"self":[{"href":"http:\/\/www.michael-schumacher.es\/noticias-f1\/wp-json\/wp\/v2\/posts\/2061"}],"collection":[{"href":"http:\/\/www.michael-schumacher.es\/noticias-f1\/wp-json\/wp\/v2\/posts"}],"about":[{"href":"http:\/\/www.michael-schumacher.es\/noticias-f1\/wp-json\/wp\/v2\/types\/post"}],"author":[{"embeddable":true,"href":"http:\/\/www.michael-schumacher.es\/noticias-f1\/wp-json\/wp\/v2\/users\/3"}],"replies":[{"embeddable":true,"href":"http:\/\/www.michael-schumacher.es\/noticias-f1\/wp-json\/wp\/v2\/comments?post=2061"}],"version-history":[{"count":0,"href":"http:\/\/www.michael-schumacher.es\/noticias-f1\/wp-json\/wp\/v2\/posts\/2061\/revisions"}],"wp:attachment":[{"href":"http:\/\/www.michael-schumacher.es\/noticias-f1\/wp-json\/wp\/v2\/media?parent=2061"}],"wp:term":[{"taxonomy":"category","embeddable":true,"href":"http:\/\/www.michael-schumacher.es\/noticias-f1\/wp-json\/wp\/v2\/categories?post=2061"},{"taxonomy":"post_tag","embeddable":true,"href":"http:\/\/www.michael-schumacher.es\/noticias-f1\/wp-json\/wp\/v2\/tags?post=2061"}],"curies":[{"name":"wp","href":"https:\/\/api.w.org\/{rel}","templated":true}]}}