{"id":2115,"date":"2012-07-23T01:14:25","date_gmt":"2012-07-22T23:14:25","guid":{"rendered":"http:\/\/www.michael-schumacher.es\/noticias-f1\/?p=2115"},"modified":"2012-07-23T01:14:25","modified_gmt":"2012-07-22T23:14:25","slug":"balance-gp-de-alemania-hockenheim-2012-sauber","status":"publish","type":"post","link":"http:\/\/www.michael-schumacher.es\/noticias-f1\/2012\/07\/23\/balance-gp-de-alemania-hockenheim-2012-sauber\/","title":{"rendered":"Balance GP de Alemania, Hockenheim 2012. Sauber"},"content":{"rendered":"<p><img loading=\"lazy\" class=\"alignleft\" title=\"Sauber\" src=\"http:\/\/img.michael-schumacher.es\/noticias-f1\/sauber\/sauber-1-mini.jpg\" alt=\"\" width=\"202\" height=\"100\" \/>Estos niveles de rendimiento son el mejor resultado en esta temporada, como alcanzaron el equipo suizo en Malasia. Kamui Kobayashi, una vez m\u00e1s igualado su mejor resultado de la carrera, quinto por tercera vez en su carrera de F\u00f3rmula 1 Sergio P\u00e9rez fue despu\u00e9s de una mala calificaci\u00f3n ha conseguido terminar sexto.<\/p>\n<p><!--more--> <!--noteaser--><\/p>\n<p><img loading=\"lazy\" class=\"aligncenter\" title=\"Sauber\" src=\"http:\/\/img.michael-schumacher.es\/noticias-f1\/sauber\/sauber-1.jpg\" alt=\"\" width=\"605\" height=\"300\" \/><\/p>\n<p>Estos niveles de rendimiento son el mejor resultado en esta temporada, como alcanzaron el equipo suizo en Malasia. Kamui Kobayashi, una vez m\u00e1s igualado su mejor resultado de la carrera, quinto por tercera vez en su carrera de F\u00f3rmula 1 Sergio P\u00e9rez fue despu\u00e9s de una mala calificaci\u00f3n ha conseguido terminar sexto.<\/p>\n<p>&nbsp;<\/p>\n<p><strong>Kamui Kobayashi :<\/strong> \u00abEstoy muy contento por el equipo que finalmente hemos conseguido un buen resultado. En las dos \u00faltimas carreras hemos tenido un mont\u00f3n de mala suerte y una pobre sesi\u00f3n de calificaci\u00f3n de ayer. Nuestro coche es muy fuerte, sobre todo en una pista seca. Si se hubiera clasificado s\u00f3lo un poco mejor, todav\u00eda hubiera sido posible un resultado aun mejor. En el inicio de la carrera que he hecho con el medio fue un poco dif\u00edcil, pero nuestra estrategia de neum\u00e1ticos ha sido buena. Cuando se tiene en cuenta donde empezamos, 18 puntos son muy buenos. \u00bb<\/p>\n<p>&nbsp;<\/p>\n<p><strong>Sergio P\u00e9rez :<\/strong> \u00abEstoy muy contento de que nos hemos recuperado de la sesi\u00f3n de calificaci\u00f3n de ayer. Est\u00e1bamos muy r\u00e1pidos en la carrera. Mi estrategia de neum\u00e1ticos se comprometi\u00f3 un poco, de como yo hab\u00eda planeado previamente la primera parada. Algo hab\u00eda en el lado izquierdo del coche se sent\u00eda extra\u00f1o, tal vez fue un pinchazo, pero que ahora no seguro. Esto, por supuesto, m\u00e1s tarde tuve que aguantar durante m\u00e1s tiempo con un juego de neum\u00e1ticos y estaba muy desgastado, en \u00faltima instancia, en el final. El equipo hizo un gran trabajo, y que este resultado, ahora tenemos mas \u00e1nimo para la carrera de este fin de semana en Budapest \u00ab.<\/p>\n<p>&nbsp;<\/p>\n<p><strong>Peter Sauber, director del equipo:<\/strong> \u00abEmpezamos desde las posiciones de los doce y diecisiete y ocup\u00f3 al final las de quinto \u00a0y sexto. Creo que podemos decir que hemos ofrecido hoy una destacada actuaci\u00f3n que fue recompensado con 18 puntos en el campeonato. Felicitaciones a nuestros pilotos, que ambos fueron excelentes y un gran agradecimiento al equipo\u201d.<\/p>\n<p>&nbsp;<\/p>\n<p><strong>Giampaolo Dall&#8217;Ara, ingeniero jefe de la pista:<\/strong> \u00abSi nos fijamos en donde empezamos y qu\u00e9 resultados hemos conseguido, est\u00e1 claro que se trataba de una excelente carrera. Tanto los pilotos y el equipo, todo sali\u00f3 como estaba previsto. Las dificultades que hab\u00edamos tenido en cuenta en la calificaci\u00f3n de ayer, ya han dado sus frutos en la carrera. Est\u00e1ba todo listo ayer en una carrera en seco y hemos entrado en compromisos en consecuencia. Los pilotos estaban con diferentes estrategias, ya que quer\u00edamos para cubrir mucho las situaciones de carrera, pero al final fue bien a los dos. Creo que la carrera de hoy ha demostrado que nuestro coche es muy, muy r\u00e1pido. \u00ab<\/p>\n<div class=\"sharedaddy sd-sharing-enabled\"><div class=\"robots-nocontent sd-block sd-social sd-social-official sd-sharing\"><h3 class=\"sd-title\">Opciones Sociales:<\/h3><div class=\"sd-content\"><ul><li class=\"share-facebook\"><div class=\"fb-share-button\" data-href=\"http:\/\/www.michael-schumacher.es\/noticias-f1\/2012\/07\/23\/balance-gp-de-alemania-hockenheim-2012-sauber\/\" data-layout=\"button_count\"><\/div><\/li><li class=\"share-twitter\"><a href=\"https:\/\/twitter.com\/share\" class=\"twitter-share-button\" data-url=\"http:\/\/www.michael-schumacher.es\/noticias-f1\/2012\/07\/23\/balance-gp-de-alemania-hockenheim-2012-sauber\/\" data-text=\"Balance GP de Alemania, Hockenheim 2012. Sauber\"  >Tweet<\/a><\/li><li class=\"share-email\"><a rel=\"nofollow noopener noreferrer\" data-shared=\"\" class=\"share-email sd-button\" href=\"http:\/\/www.michael-schumacher.es\/noticias-f1\/2012\/07\/23\/balance-gp-de-alemania-hockenheim-2012-sauber\/?share=email\" target=\"_blank\" title=\"Haz clic para enviar por correo electr\u00f3nico a un amigo\"><span>Correo electr\u00f3nico<\/span><\/a><\/li><li class=\"share-end\"><\/li><\/ul><\/div><\/div><\/div>","protected":false},"excerpt":{"rendered":"<p>Estos niveles de rendimiento son el mejor resultado en esta temporada, como alcanzaron el equipo suizo en Malasia. Kamui Kobayashi, una vez m\u00e1s igualado su mejor resultado de la carrera, quinto por tercera vez en su carrera de F\u00f3rmula 1 Sergio P\u00e9rez fue despu\u00e9s de una mala calificaci\u00f3n ha conseguido terminar sexto.<\/p>\n<div class=\"sharedaddy sd-sharing-enabled\"><div class=\"robots-nocontent sd-block sd-social sd-social-official sd-sharing\"><h3 class=\"sd-title\">Opciones Sociales:<\/h3><div class=\"sd-content\"><ul><li class=\"share-facebook\"><div class=\"fb-share-button\" data-href=\"http:\/\/www.michael-schumacher.es\/noticias-f1\/2012\/07\/23\/balance-gp-de-alemania-hockenheim-2012-sauber\/\" data-layout=\"button_count\"><\/div><\/li><li class=\"share-twitter\"><a href=\"https:\/\/twitter.com\/share\" class=\"twitter-share-button\" data-url=\"http:\/\/www.michael-schumacher.es\/noticias-f1\/2012\/07\/23\/balance-gp-de-alemania-hockenheim-2012-sauber\/\" data-text=\"Balance GP de Alemania, Hockenheim 2012. Sauber\"  >Tweet<\/a><\/li><li class=\"share-email\"><a rel=\"nofollow noopener noreferrer\" data-shared=\"\" class=\"share-email sd-button\" href=\"http:\/\/www.michael-schumacher.es\/noticias-f1\/2012\/07\/23\/balance-gp-de-alemania-hockenheim-2012-sauber\/?share=email\" target=\"_blank\" title=\"Haz clic para enviar por correo electr\u00f3nico a un amigo\"><span>Correo electr\u00f3nico<\/span><\/a><\/li><li class=\"share-end\"><\/li><\/ul><\/div><\/div><\/div>","protected":false},"author":3,"featured_media":0,"comment_status":"open","ping_status":"open","sticky":false,"template":"","format":"standard","meta":{"_monsterinsights_skip_tracking":false,"_monsterinsights_sitenote_active":false,"_monsterinsights_sitenote_note":"","_monsterinsights_sitenote_category":0,"spay_email":"","jetpack_publicize_message":"","jetpack_is_tweetstorm":false,"jetpack_publicize_feature_enabled":true},"categories":[4,3],"tags":[14,401,64,417,17,15,6,87,88,451,90,86,89],"jetpack_featured_media_url":"","jetpack_publicize_connections":[],"jetpack_sharing_enabled":true,"jetpack_shortlink":"https:\/\/wp.me\/p27q3P-y7","_links":{"self":[{"href":"http:\/\/www.michael-schumacher.es\/noticias-f1\/wp-json\/wp\/v2\/posts\/2115"}],"collection":[{"href":"http:\/\/www.michael-schumacher.es\/noticias-f1\/wp-json\/wp\/v2\/posts"}],"about":[{"href":"http:\/\/www.michael-schumacher.es\/noticias-f1\/wp-json\/wp\/v2\/types\/post"}],"author":[{"embeddable":true,"href":"http:\/\/www.michael-schumacher.es\/noticias-f1\/wp-json\/wp\/v2\/users\/3"}],"replies":[{"embeddable":true,"href":"http:\/\/www.michael-schumacher.es\/noticias-f1\/wp-json\/wp\/v2\/comments?post=2115"}],"version-history":[{"count":0,"href":"http:\/\/www.michael-schumacher.es\/noticias-f1\/wp-json\/wp\/v2\/posts\/2115\/revisions"}],"wp:attachment":[{"href":"http:\/\/www.michael-schumacher.es\/noticias-f1\/wp-json\/wp\/v2\/media?parent=2115"}],"wp:term":[{"taxonomy":"category","embeddable":true,"href":"http:\/\/www.michael-schumacher.es\/noticias-f1\/wp-json\/wp\/v2\/categories?post=2115"},{"taxonomy":"post_tag","embeddable":true,"href":"http:\/\/www.michael-schumacher.es\/noticias-f1\/wp-json\/wp\/v2\/tags?post=2115"}],"curies":[{"name":"wp","href":"https:\/\/api.w.org\/{rel}","templated":true}]}}