{"id":2150,"date":"2012-07-23T22:18:40","date_gmt":"2012-07-23T20:18:40","guid":{"rendered":"http:\/\/www.michael-schumacher.es\/noticias-f1\/?p=2150"},"modified":"2012-07-23T22:18:40","modified_gmt":"2012-07-23T20:18:40","slug":"ferrari-apoya-a-massa","status":"publish","type":"post","link":"http:\/\/www.michael-schumacher.es\/noticias-f1\/2012\/07\/23\/ferrari-apoya-a-massa\/","title":{"rendered":"Ferrari apoya a Massa"},"content":{"rendered":"<p><img loading=\"lazy\" class=\"alignleft\" title=\"Domenicali\" src=\"http:\/\/img.michael-schumacher.es\/noticias-f1\/ferrari\/domenicali-1-mini.jpg\" alt=\"\" width=\"200\" height=\"100\" \/>Muchos son los rumores de que Massa ser\u00e1 reemplazado en 2013, sin embargo Domenicali insiste en que Ferrari no ha perdido la fe en su piloto. Massa ha anotado s\u00f3lo 23 puntos este a\u00f1o, frente a 154 su compa\u00f1ero de equipo Fernando Alonso y en el Gran Premio de Alemania volvi\u00f3 a tener mala suerte despu\u00e9s de perder su aler\u00f3n delantero en la primera vuelta.<\/p>\n<p><!--more--> <!--noteaser--><\/p>\n<p><img loading=\"lazy\" class=\"aligncenter\" title=\"Domenicali \" src=\"http:\/\/img.michael-schumacher.es\/noticias-f1\/ferrari\/domenicali-1.jpg\" alt=\"\" width=\"605\" height=\"300\" \/><\/p>\n<p>Muchos son los rumores de que Massa ser\u00e1 reemplazado en 2013, sin embargo Domenicali insiste en que Ferrari no ha perdido la fe en su piloto. Massa ha anotado s\u00f3lo 23 puntos este a\u00f1o, frente a 154 su compa\u00f1ero de equipo Fernando Alonso y en el Gran Premio de Alemania volvi\u00f3 a tener mala suerte despu\u00e9s de perder su aler\u00f3n delantero en la primera vuelta.<\/p>\n<p>&nbsp;<\/p>\n<p>El jueves antes del Gran Premio de Alemania, Massa dijo que necesitaba conseguir gran cantidad de \u00a0puntos con el fin de ayudar a Alonso extender su ventaja en el campeonato sobre sus competidores: <strong>\u00abPor supuesto que [Alonso] me necesita. En un campeonato tan competitivo como este es muy importante tener los dos coches para anotar puntos y eso es lo \u00fanico que estoy buscando.\u00bb<\/strong><\/p>\n<p>&nbsp;<\/p>\n<p>Stefano Domenicali, el director del equipo Ferrari dijo: \u00a0<strong>\u00abVimos, por ejemplo, en Silverstone, que en t\u00e9rminos de ritmo de carrera y de calificaci\u00f3n que era mucho m\u00e1s cercano de Fernando. Tenemos que creer que Felipe puede hacer bien el trabajo para el equipo y es por eso que siempre se dijo que no hay presi\u00f3n en ese sentido. Queremos que se de cuenta de que \u00e9l es parte de nosotros y lo vamos a proteger en todas las condiciones.\u00a0 Seguro que va a devolver lo que el equipo est\u00e1 dando.\u00bb<\/strong><\/p>\n<div class=\"sharedaddy sd-sharing-enabled\"><div class=\"robots-nocontent sd-block sd-social sd-social-official sd-sharing\"><h3 class=\"sd-title\">Opciones Sociales:<\/h3><div class=\"sd-content\"><ul><li class=\"share-facebook\"><div class=\"fb-share-button\" data-href=\"http:\/\/www.michael-schumacher.es\/noticias-f1\/2012\/07\/23\/ferrari-apoya-a-massa\/\" data-layout=\"button_count\"><\/div><\/li><li class=\"share-twitter\"><a href=\"https:\/\/twitter.com\/share\" class=\"twitter-share-button\" data-url=\"http:\/\/www.michael-schumacher.es\/noticias-f1\/2012\/07\/23\/ferrari-apoya-a-massa\/\" data-text=\"Ferrari apoya a Massa \"  >Tweet<\/a><\/li><li class=\"share-email\"><a rel=\"nofollow noopener noreferrer\" data-shared=\"\" class=\"share-email sd-button\" href=\"http:\/\/www.michael-schumacher.es\/noticias-f1\/2012\/07\/23\/ferrari-apoya-a-massa\/?share=email\" target=\"_blank\" title=\"Haz clic para enviar por correo electr\u00f3nico a un amigo\"><span>Correo electr\u00f3nico<\/span><\/a><\/li><li class=\"share-end\"><\/li><\/ul><\/div><\/div><\/div>","protected":false},"excerpt":{"rendered":"<p>Muchos son los rumores de que Massa ser\u00e1 reemplazado en 2013, sin embargo Domenicali insiste en que Ferrari no ha perdido la fe en su piloto. Massa ha anotado s\u00f3lo 23 puntos este a\u00f1o, frente a 154 su compa\u00f1ero de equipo Fernando Alonso y en el Gran Premio de Alemania volvi\u00f3 a tener mala suerte [&hellip;]<\/p>\n<div class=\"sharedaddy sd-sharing-enabled\"><div class=\"robots-nocontent sd-block sd-social sd-social-official sd-sharing\"><h3 class=\"sd-title\">Opciones Sociales:<\/h3><div class=\"sd-content\"><ul><li class=\"share-facebook\"><div class=\"fb-share-button\" data-href=\"http:\/\/www.michael-schumacher.es\/noticias-f1\/2012\/07\/23\/ferrari-apoya-a-massa\/\" data-layout=\"button_count\"><\/div><\/li><li class=\"share-twitter\"><a href=\"https:\/\/twitter.com\/share\" class=\"twitter-share-button\" data-url=\"http:\/\/www.michael-schumacher.es\/noticias-f1\/2012\/07\/23\/ferrari-apoya-a-massa\/\" data-text=\"Ferrari apoya a Massa \"  >Tweet<\/a><\/li><li class=\"share-email\"><a rel=\"nofollow noopener noreferrer\" data-shared=\"\" class=\"share-email sd-button\" href=\"http:\/\/www.michael-schumacher.es\/noticias-f1\/2012\/07\/23\/ferrari-apoya-a-massa\/?share=email\" target=\"_blank\" title=\"Haz clic para enviar por correo electr\u00f3nico a un amigo\"><span>Correo electr\u00f3nico<\/span><\/a><\/li><li class=\"share-end\"><\/li><\/ul><\/div><\/div><\/div>","protected":false},"author":3,"featured_media":0,"comment_status":"open","ping_status":"open","sticky":false,"template":"","format":"standard","meta":{"_monsterinsights_skip_tracking":false,"_monsterinsights_sitenote_active":false,"_monsterinsights_sitenote_note":"","_monsterinsights_sitenote_category":0,"spay_email":"","jetpack_publicize_message":"","jetpack_is_tweetstorm":false,"jetpack_publicize_feature_enabled":true},"categories":[3],"tags":[589,506,17,106,141,15,108,590,185,191],"jetpack_featured_media_url":"","jetpack_publicize_connections":[],"jetpack_sharing_enabled":true,"jetpack_shortlink":"https:\/\/wp.me\/p27q3P-yG","_links":{"self":[{"href":"http:\/\/www.michael-schumacher.es\/noticias-f1\/wp-json\/wp\/v2\/posts\/2150"}],"collection":[{"href":"http:\/\/www.michael-schumacher.es\/noticias-f1\/wp-json\/wp\/v2\/posts"}],"about":[{"href":"http:\/\/www.michael-schumacher.es\/noticias-f1\/wp-json\/wp\/v2\/types\/post"}],"author":[{"embeddable":true,"href":"http:\/\/www.michael-schumacher.es\/noticias-f1\/wp-json\/wp\/v2\/users\/3"}],"replies":[{"embeddable":true,"href":"http:\/\/www.michael-schumacher.es\/noticias-f1\/wp-json\/wp\/v2\/comments?post=2150"}],"version-history":[{"count":0,"href":"http:\/\/www.michael-schumacher.es\/noticias-f1\/wp-json\/wp\/v2\/posts\/2150\/revisions"}],"wp:attachment":[{"href":"http:\/\/www.michael-schumacher.es\/noticias-f1\/wp-json\/wp\/v2\/media?parent=2150"}],"wp:term":[{"taxonomy":"category","embeddable":true,"href":"http:\/\/www.michael-schumacher.es\/noticias-f1\/wp-json\/wp\/v2\/categories?post=2150"},{"taxonomy":"post_tag","embeddable":true,"href":"http:\/\/www.michael-schumacher.es\/noticias-f1\/wp-json\/wp\/v2\/tags?post=2150"}],"curies":[{"name":"wp","href":"https:\/\/api.w.org\/{rel}","templated":true}]}}