{"id":2163,"date":"2012-07-24T00:27:05","date_gmt":"2012-07-23T22:27:05","guid":{"rendered":"http:\/\/www.michael-schumacher.es\/noticias-f1\/?p=2163"},"modified":"2012-07-24T00:27:05","modified_gmt":"2012-07-23T22:27:05","slug":"dani-clos-confirmado-para-la-primera-practica-en-hungria","status":"publish","type":"post","link":"http:\/\/www.michael-schumacher.es\/noticias-f1\/2012\/07\/24\/dani-clos-confirmado-para-la-primera-practica-en-hungria\/","title":{"rendered":"Dani Clos confirmado para la primera pr\u00e1ctica en Hungr\u00eda"},"content":{"rendered":"<p><img loading=\"lazy\" class=\"alignleft\" title=\"Dani Clos\" src=\"http:\/\/img.michael-schumacher.es\/noticias-f1\/dani-clos\/dani-clos-1-mini.jpg\" alt=\"Dani Clos\" width=\"200\" height=\"100\" \/>Dani Clos piloto \u00a0reserva de HRT tendr\u00e1 otra oportunidad de probar al volante de un monoplaza de F1 con el coche de Narain Karthikeyan en la primera sesi\u00f3n de entrenamientos libres en Hungaroring el viernes. Luis P\u00e9rez-Sala, el director del equipo: <strong>\u00abDani pilotara en los primeros entrenamientos libres, una vez m\u00e1s \u00ab, \u00abSu trabajo, al igual que en eventos anteriores, sin duda ser\u00e1 de gran utilidad para el equipo\u00bb.<\/strong><\/p>\n<p><!--more--> <!--noteaser--><\/p>\n<p style=\"text-align: center;\">\u00a0<strong><img loading=\"lazy\" class=\"aligncenter\" title=\"Dani Clos\" src=\"http:\/\/img.michael-schumacher.es\/noticias-f1\/dani-clos\/dani-clos-1.jpg\" alt=\"Dani Clos\" width=\"605\" height=\"300\" \/><\/strong><\/p>\n<p>Dani Clos piloto \u00a0reserva de HRT tendr\u00e1 otra oportunidad de probar al volante de un monoplaza de F1 con el coche de Narain Karthikeyan en la primera sesi\u00f3n de entrenamientos libres en Hungaroring el viernes. Luis P\u00e9rez-Sala, el director del equipo: <strong>\u00abDani pilotara en los primeros entrenamientos libres, una vez m\u00e1s \u00ab, \u00abSu trabajo, al igual que en eventos anteriores, sin duda ser\u00e1 de gran utilidad para el equipo\u00bb.<\/strong><\/p>\n<p>&nbsp;<\/p>\n<p>Dani Clos, ex piloto de GP2 ha tenido tres pruebas de FP1 esta temporada desde que ficho con la HRT al inicio de 2012, y est\u00e1 esperando con impaciencia a su pr\u00f3xima oportunidad al volante: <strong>\u00abEstoy muy emocionado de tener otra oportunidad de conducir el coche en la primera sesi\u00f3n de entrenamientos libres en Hungr\u00eda. Va a ser la tercera consecutiva de Grand Premio y la cuarta vez esta temporada que me meto en el F112 \u00ab, dijo Clos. \u00abEspero que la continuidad se transforme en un buen ritmo y un resultado positivo en la pista con la que hacer mi contribuci\u00f3n al equipo.\u00bb<\/strong><\/p>\n<p>&nbsp;<\/p>\n<p>Dani Clos, el piloto de 23 a\u00f1os de edad, de Barcelona. Ha pasado de competir una temporada completa en la GP2, a s\u00f3lo dos fines de semana de carreras en la serie Bahrein, en abril. Y admite que no se pierde las ganas y el empuje de la competencia de carreras. <strong>\u00abNo competir es algo nuevo para m\u00ed. As\u00ed que tengo que disfrutar y sacar el m\u00e1ximo provecho de estas oportunidades que se presentan a m\u00ed para continuar aprendiendo.\u00bb <\/strong><\/p>\n<p>&nbsp;<\/p>\n<p><strong>Esperemos que en Hungaroring, el tiempo respete durante la ma\u00f1ana del viernes y Dani Clos pueda sacar el m\u00e1ximo partido de esta nueva oportunidad. Ya que el piloto mejora su rendimiento visiblemente en cada ocasi\u00f3n \u00a0y se acerca a los tiempo de Pedro de la Rosa, pese a tener el volante en muy pocas ocasiones..Mucha suerte Dani.<\/strong><\/p>\n<div class=\"sharedaddy sd-sharing-enabled\"><div class=\"robots-nocontent sd-block sd-social sd-social-official sd-sharing\"><h3 class=\"sd-title\">Opciones Sociales:<\/h3><div class=\"sd-content\"><ul><li class=\"share-facebook\"><div class=\"fb-share-button\" data-href=\"http:\/\/www.michael-schumacher.es\/noticias-f1\/2012\/07\/24\/dani-clos-confirmado-para-la-primera-practica-en-hungria\/\" data-layout=\"button_count\"><\/div><\/li><li class=\"share-twitter\"><a href=\"https:\/\/twitter.com\/share\" class=\"twitter-share-button\" data-url=\"http:\/\/www.michael-schumacher.es\/noticias-f1\/2012\/07\/24\/dani-clos-confirmado-para-la-primera-practica-en-hungria\/\" data-text=\"Dani Clos confirmado para la primera pr\u00e1ctica en Hungr\u00eda\"  >Tweet<\/a><\/li><li class=\"share-email\"><a rel=\"nofollow noopener noreferrer\" data-shared=\"\" class=\"share-email sd-button\" href=\"http:\/\/www.michael-schumacher.es\/noticias-f1\/2012\/07\/24\/dani-clos-confirmado-para-la-primera-practica-en-hungria\/?share=email\" target=\"_blank\" title=\"Haz clic para enviar por correo electr\u00f3nico a un amigo\"><span>Correo electr\u00f3nico<\/span><\/a><\/li><li class=\"share-end\"><\/li><\/ul><\/div><\/div><\/div>","protected":false},"excerpt":{"rendered":"<p>Dani Clos piloto \u00a0reserva de HRT tendr\u00e1 otra oportunidad de probar al volante de un monoplaza de F1 con el coche de Narain Karthikeyan en la primera sesi\u00f3n de entrenamientos libres en Hungaroring el viernes. Luis P\u00e9rez-Sala, el director del equipo: \u00abDani pilotara en los primeros entrenamientos libres, una vez m\u00e1s \u00ab, \u00abSu trabajo, al [&hellip;]<\/p>\n<div class=\"sharedaddy sd-sharing-enabled\"><div class=\"robots-nocontent sd-block sd-social sd-social-official sd-sharing\"><h3 class=\"sd-title\">Opciones Sociales:<\/h3><div class=\"sd-content\"><ul><li class=\"share-facebook\"><div class=\"fb-share-button\" data-href=\"http:\/\/www.michael-schumacher.es\/noticias-f1\/2012\/07\/24\/dani-clos-confirmado-para-la-primera-practica-en-hungria\/\" data-layout=\"button_count\"><\/div><\/li><li class=\"share-twitter\"><a href=\"https:\/\/twitter.com\/share\" class=\"twitter-share-button\" data-url=\"http:\/\/www.michael-schumacher.es\/noticias-f1\/2012\/07\/24\/dani-clos-confirmado-para-la-primera-practica-en-hungria\/\" data-text=\"Dani Clos confirmado para la primera pr\u00e1ctica en Hungr\u00eda\"  >Tweet<\/a><\/li><li class=\"share-email\"><a rel=\"nofollow noopener noreferrer\" data-shared=\"\" class=\"share-email sd-button\" href=\"http:\/\/www.michael-schumacher.es\/noticias-f1\/2012\/07\/24\/dani-clos-confirmado-para-la-primera-practica-en-hungria\/?share=email\" target=\"_blank\" title=\"Haz clic para enviar por correo electr\u00f3nico a un amigo\"><span>Correo electr\u00f3nico<\/span><\/a><\/li><li class=\"share-end\"><\/li><\/ul><\/div><\/div><\/div>","protected":false},"author":3,"featured_media":0,"comment_status":"open","ping_status":"open","sticky":false,"template":"","format":"standard","meta":{"_monsterinsights_skip_tracking":false,"_monsterinsights_sitenote_active":false,"_monsterinsights_sitenote_note":"","_monsterinsights_sitenote_category":0,"spay_email":"","jetpack_publicize_message":"","jetpack_is_tweetstorm":false,"jetpack_publicize_feature_enabled":true},"categories":[3],"tags":[398,198,600,131,17,15,75,379,601,132,76,604,602,187,603],"jetpack_featured_media_url":"","jetpack_publicize_connections":[],"jetpack_sharing_enabled":true,"jetpack_shortlink":"https:\/\/wp.me\/p27q3P-yT","_links":{"self":[{"href":"http:\/\/www.michael-schumacher.es\/noticias-f1\/wp-json\/wp\/v2\/posts\/2163"}],"collection":[{"href":"http:\/\/www.michael-schumacher.es\/noticias-f1\/wp-json\/wp\/v2\/posts"}],"about":[{"href":"http:\/\/www.michael-schumacher.es\/noticias-f1\/wp-json\/wp\/v2\/types\/post"}],"author":[{"embeddable":true,"href":"http:\/\/www.michael-schumacher.es\/noticias-f1\/wp-json\/wp\/v2\/users\/3"}],"replies":[{"embeddable":true,"href":"http:\/\/www.michael-schumacher.es\/noticias-f1\/wp-json\/wp\/v2\/comments?post=2163"}],"version-history":[{"count":0,"href":"http:\/\/www.michael-schumacher.es\/noticias-f1\/wp-json\/wp\/v2\/posts\/2163\/revisions"}],"wp:attachment":[{"href":"http:\/\/www.michael-schumacher.es\/noticias-f1\/wp-json\/wp\/v2\/media?parent=2163"}],"wp:term":[{"taxonomy":"category","embeddable":true,"href":"http:\/\/www.michael-schumacher.es\/noticias-f1\/wp-json\/wp\/v2\/categories?post=2163"},{"taxonomy":"post_tag","embeddable":true,"href":"http:\/\/www.michael-schumacher.es\/noticias-f1\/wp-json\/wp\/v2\/tags?post=2163"}],"curies":[{"name":"wp","href":"https:\/\/api.w.org\/{rel}","templated":true}]}}