{"id":2175,"date":"2012-07-25T01:30:35","date_gmt":"2012-07-24T23:30:35","guid":{"rendered":"http:\/\/www.michael-schumacher.es\/noticias-f1\/?p=2175"},"modified":"2012-07-25T01:30:35","modified_gmt":"2012-07-24T23:30:35","slug":"para-alguersuari-vettel-cometio-dos-errores-en-el-gp-de-alemania","status":"publish","type":"post","link":"http:\/\/www.michael-schumacher.es\/noticias-f1\/2012\/07\/25\/para-alguersuari-vettel-cometio-dos-errores-en-el-gp-de-alemania\/","title":{"rendered":"Para Alguersuari, Vettel cometio dos errores en el GP de Alemania"},"content":{"rendered":"<p><img loading=\"lazy\" class=\"alignleft\" title=\"Toro Rosso\" src=\"http:\/\/img.michael-schumacher.es\/noticias-f1\/toro-rosso\/toro-rosso-1-mini.jpg\" alt=\"\" width=\"202\" height=\"100\" \/>Alguersuari ,el ex piloto de Toro Rosso que ahora ejerce de comentarista para la televisi\u00f3n brit\u00e1nica, cree que los errores de Vettel se debieron a que fue demasiado \u00abimpaciente\u00bb. Segun Alguersuari en su publicaci\u00f3n para la BBC <strong>:\u00bbLa primera ocurri\u00f3 cuando Lewis Hamilton , se desdoblo del Red Bull. Vettel levanto sus manos en se\u00f1al de frustraci\u00f3n y m\u00e1s tarde describi\u00f3 la maniobra \u00a0como \u00ab. est\u00fapido\u00bb Pero Hamilton ten\u00eda toda la raz\u00f3n para hacerlo. \u201c<\/strong><\/p>\n<p><!--more--> <!--noteaser--><\/p>\n<p><img loading=\"lazy\" class=\"aligncenter\" title=\"Toro Rosso\" src=\"http:\/\/img.michael-schumacher.es\/noticias-f1\/toro-rosso\/toro-rosso-1.jpg\" alt=\"\" width=\"605\" height=\"300\" \/><\/p>\n<p>Alguersuari ,el ex piloto de Toro Rosso que ahora ejerce de comentarista para la televisi\u00f3n brit\u00e1nica, cree que los errores de Vettel se debieron a que fue demasiado \u00abimpaciente\u00bb. Segun Alguersuari en su publicaci\u00f3n para la BBC <strong>:\u00bbLa primera ocurri\u00f3 cuando Lewis Hamilton , se desdoblo del Red Bull. Vettel levanto sus manos en se\u00f1al de frustraci\u00f3n y m\u00e1s tarde describi\u00f3 la maniobra \u00a0como \u00ab. est\u00fapido\u00bb Pero Hamilton ten\u00eda toda la raz\u00f3n para hacerlo. \u201c<\/strong><\/p>\n<p>&nbsp;<\/p>\n<p>Vettel estaba en la lucha contra Fernando Alonso y no aprecio, ver el piloto de McLaren a interferir entre \u00e9l y el Ferrari estaban luchando por la victoria. <strong>\u00abPero si un piloto puede recuperar el terreno perdido, con los l\u00edderes, volver al juego y puede anotar puntos, \u00bfpor qu\u00e9 no habr\u00eda de hacerlo?\u00bb<\/strong> dijo Alguersuari.<strong> \u201cVettel ha cometido el mayor error de la carrera en la pen\u00faltima vuelta, adelantando al piloto de McLaren , Jenson Button , por \u00a0fuera para capturar el segundo lugar, dej\u00f3 el circuito en el calor del momento . \u00abLa pista tiene l\u00edmites y Vettel no ha cumplido. Su maniobra fue ilegal y la pena de la que fue reclasificado al 5 \u00ba lugar estaba en lo cierto \u00ab<\/strong><\/p>\n<p>&nbsp;<\/p>\n<p><strong>\u00abCreo que Vettel estaba ansioso por ganar en Alemania. Fue su Gran Premio de casa, quer\u00eda ganar, pero no ten\u00eda bastante ritmo para atacar a Alonso. Vettel fue demasiado ansioso por ganar. Hizo errores y fue muy duro. \u00c9l quer\u00eda forzar la situaci\u00f3n y eso le cost\u00f3 puntos. Normalmente, el estilo de Vettel, es estar tranquilo y sereno. Pero en Alemania estaba impaciente\u00bb,<\/strong> dijo Alguersuari. <strong>\u00abUsted tiene que saber cu\u00e1ndo es tu dia y cuando no es el caso. Alonso entiende y por eso lidera el campeonato. Ha quedado acreditado, sabe c\u00f3mo manejar la presi\u00f3n y sabe la importancia de marcar puntos sobre una base regular, sobre cuando el \u00a0conjunto de la F1 es tan ahora tan fuerte. \u00ab<\/strong><\/p>\n<div class=\"sharedaddy sd-sharing-enabled\"><div class=\"robots-nocontent sd-block sd-social sd-social-official sd-sharing\"><h3 class=\"sd-title\">Opciones Sociales:<\/h3><div class=\"sd-content\"><ul><li class=\"share-facebook\"><div class=\"fb-share-button\" data-href=\"http:\/\/www.michael-schumacher.es\/noticias-f1\/2012\/07\/25\/para-alguersuari-vettel-cometio-dos-errores-en-el-gp-de-alemania\/\" data-layout=\"button_count\"><\/div><\/li><li class=\"share-twitter\"><a href=\"https:\/\/twitter.com\/share\" class=\"twitter-share-button\" data-url=\"http:\/\/www.michael-schumacher.es\/noticias-f1\/2012\/07\/25\/para-alguersuari-vettel-cometio-dos-errores-en-el-gp-de-alemania\/\" data-text=\"Para Alguersuari, Vettel cometio dos errores en el GP de Alemania\"  >Tweet<\/a><\/li><li class=\"share-email\"><a rel=\"nofollow noopener noreferrer\" data-shared=\"\" class=\"share-email sd-button\" href=\"http:\/\/www.michael-schumacher.es\/noticias-f1\/2012\/07\/25\/para-alguersuari-vettel-cometio-dos-errores-en-el-gp-de-alemania\/?share=email\" target=\"_blank\" title=\"Haz clic para enviar por correo electr\u00f3nico a un amigo\"><span>Correo electr\u00f3nico<\/span><\/a><\/li><li class=\"share-end\"><\/li><\/ul><\/div><\/div><\/div>","protected":false},"excerpt":{"rendered":"<p>Alguersuari ,el ex piloto de Toro Rosso que ahora ejerce de comentarista para la televisi\u00f3n brit\u00e1nica, cree que los errores de Vettel se debieron a que fue demasiado \u00abimpaciente\u00bb. Segun Alguersuari en su publicaci\u00f3n para la BBC :\u00bbLa primera ocurri\u00f3 cuando Lewis Hamilton , se desdoblo del Red Bull. Vettel levanto sus manos en se\u00f1al [&hellip;]<\/p>\n<div class=\"sharedaddy sd-sharing-enabled\"><div class=\"robots-nocontent sd-block sd-social sd-social-official sd-sharing\"><h3 class=\"sd-title\">Opciones Sociales:<\/h3><div class=\"sd-content\"><ul><li class=\"share-facebook\"><div class=\"fb-share-button\" data-href=\"http:\/\/www.michael-schumacher.es\/noticias-f1\/2012\/07\/25\/para-alguersuari-vettel-cometio-dos-errores-en-el-gp-de-alemania\/\" data-layout=\"button_count\"><\/div><\/li><li class=\"share-twitter\"><a href=\"https:\/\/twitter.com\/share\" class=\"twitter-share-button\" data-url=\"http:\/\/www.michael-schumacher.es\/noticias-f1\/2012\/07\/25\/para-alguersuari-vettel-cometio-dos-errores-en-el-gp-de-alemania\/\" data-text=\"Para Alguersuari, Vettel cometio dos errores en el GP de Alemania\"  >Tweet<\/a><\/li><li class=\"share-email\"><a rel=\"nofollow noopener noreferrer\" data-shared=\"\" class=\"share-email sd-button\" href=\"http:\/\/www.michael-schumacher.es\/noticias-f1\/2012\/07\/25\/para-alguersuari-vettel-cometio-dos-errores-en-el-gp-de-alemania\/?share=email\" target=\"_blank\" title=\"Haz clic para enviar por correo electr\u00f3nico a un amigo\"><span>Correo electr\u00f3nico<\/span><\/a><\/li><li class=\"share-end\"><\/li><\/ul><\/div><\/div><\/div>","protected":false},"author":3,"featured_media":0,"comment_status":"open","ping_status":"open","sticky":false,"template":"","format":"standard","meta":{"_monsterinsights_skip_tracking":false,"_monsterinsights_sitenote_active":false,"_monsterinsights_sitenote_note":"","_monsterinsights_sitenote_category":0,"spay_email":"","jetpack_publicize_message":"","jetpack_is_tweetstorm":false,"jetpack_publicize_feature_enabled":true},"categories":[3],"tags":[543,355,615,17,15,6,542,614,352,51,71,103,30],"jetpack_featured_media_url":"","jetpack_publicize_connections":[],"jetpack_sharing_enabled":true,"jetpack_shortlink":"https:\/\/wp.me\/p27q3P-z5","_links":{"self":[{"href":"http:\/\/www.michael-schumacher.es\/noticias-f1\/wp-json\/wp\/v2\/posts\/2175"}],"collection":[{"href":"http:\/\/www.michael-schumacher.es\/noticias-f1\/wp-json\/wp\/v2\/posts"}],"about":[{"href":"http:\/\/www.michael-schumacher.es\/noticias-f1\/wp-json\/wp\/v2\/types\/post"}],"author":[{"embeddable":true,"href":"http:\/\/www.michael-schumacher.es\/noticias-f1\/wp-json\/wp\/v2\/users\/3"}],"replies":[{"embeddable":true,"href":"http:\/\/www.michael-schumacher.es\/noticias-f1\/wp-json\/wp\/v2\/comments?post=2175"}],"version-history":[{"count":0,"href":"http:\/\/www.michael-schumacher.es\/noticias-f1\/wp-json\/wp\/v2\/posts\/2175\/revisions"}],"wp:attachment":[{"href":"http:\/\/www.michael-schumacher.es\/noticias-f1\/wp-json\/wp\/v2\/media?parent=2175"}],"wp:term":[{"taxonomy":"category","embeddable":true,"href":"http:\/\/www.michael-schumacher.es\/noticias-f1\/wp-json\/wp\/v2\/categories?post=2175"},{"taxonomy":"post_tag","embeddable":true,"href":"http:\/\/www.michael-schumacher.es\/noticias-f1\/wp-json\/wp\/v2\/tags?post=2175"}],"curies":[{"name":"wp","href":"https:\/\/api.w.org\/{rel}","templated":true}]}}