{"id":2214,"date":"2012-07-26T01:21:18","date_gmt":"2012-07-25T23:21:18","guid":{"rendered":"http:\/\/www.michael-schumacher.es\/noticias-f1\/?p=2214"},"modified":"2012-07-26T01:21:18","modified_gmt":"2012-07-25T23:21:18","slug":"previo-gp-de-hungria-hungaroring-2012-hrt","status":"publish","type":"post","link":"http:\/\/www.michael-schumacher.es\/noticias-f1\/2012\/07\/26\/previo-gp-de-hungria-hungaroring-2012-hrt\/","title":{"rendered":"Previo GP de Hungr\u00eda, Hungaroring 2012. HRT"},"content":{"rendered":"<p><img loading=\"lazy\" class=\"alignleft\" title=\"Dani Clos\" src=\"http:\/\/img.michael-schumacher.es\/noticias-f1\/dani-clos\/dani-clos-1-mini.jpg\" alt=\"\" width=\"200\" height=\"100\" \/>En el Hungaroring Pedro de la Rosa consigui\u00f3 el mejor resultado de su carrera en F\u00f3rmula 1, al acabar segundo el Gran Premio de 2006. Narain Karthikeyan, por su parte, solo ha corrido una vez en el trazado h\u00fangaro en 2005 y termin\u00f3 12\u00ba. El equipo buscar\u00e1 mantener el buen nivel mostrado en Hockenheim y realizar\u00e1 un \u00faltimo esfuerzo antes de poder reponer energ\u00edas en el par\u00f3n veraniego. Dani Clos participar\u00e1 en la primera sesi\u00f3n de entrenamientos libres por cuarta vez esta temporada y reemplazar\u00e1 a Narain Karthikeyan.<\/p>\n<p><!--more--> <!--noteaser--><\/p>\n<p><img loading=\"lazy\" class=\"aligncenter\" title=\"Dani Clos\" src=\"http:\/\/img.michael-schumacher.es\/noticias-f1\/dani-clos\/dani-clos-1.jpg\" alt=\"\" width=\"605\" height=\"300\" \/><\/p>\n<p>En el Hungaroring Pedro de la Rosa consigui\u00f3 el mejor resultado de su carrera en F\u00f3rmula 1, al acabar segundo el Gran Premio de 2006. Narain Karthikeyan, por su parte, solo ha corrido una vez en el trazado h\u00fangaro en 2005 y termin\u00f3 12\u00ba. El equipo buscar\u00e1 mantener el buen nivel mostrado en Hockenheim y realizar\u00e1 un \u00faltimo esfuerzo antes de poder reponer energ\u00edas en el par\u00f3n veraniego. Dani Clos participar\u00e1 en la primera sesi\u00f3n de entrenamientos libres por cuarta vez esta temporada y reemplazar\u00e1 a Narain Karthikeyan.<\/p>\n<p>&nbsp;<\/p>\n<p><strong>Pedro de la Rosa:<\/strong> \u00abEl Hungaroring es el M\u00f3naco permanente y un circuito del que guardo muy buenos recuerdos ya que ah\u00ed consegu\u00ed subir al podio en 2006. Tengo muchas ganas de ir este a\u00f1o porque es un circuito en donde nuestro coche deber\u00eda adaptarse bien dado que hay muchas curvas lentas. Es parecido a M\u00f3naco, y ah\u00ed fuimos bastante competitivos as\u00ed que albergo buenas esperanzas. A lo largo del fin de semana, el asfalto evoluciona mucho y el circuito se va haciendo m\u00e1s r\u00e1pido de modo que es muy importante saber interpretarlo. En Alemania tuvimos un buen rendimiento y una buena carrera por lo que llegamos ilusionados a Hungr\u00eda, ya que nos deber\u00eda ir mejor\u201d.<\/p>\n<p>&nbsp;<\/p>\n<p><strong>Narain Karthikeyan:<\/strong> \u00abSolo he corrido una vez en Hungr\u00eda, en el a\u00f1o 2005, y lo recuerdo como un circuito bastante t\u00e9cnico y exigente. Han pasado siete a\u00f1os desde entonces as\u00ed que voy a tener que trabajar a fondo y aprovechar al m\u00e1ximo el tiempo en entrenamientos para ir haci\u00e9ndome al trazado. El coche deber\u00eda adaptarse bien y nosotros tambi\u00e9n llegamos con buenas sensaciones despu\u00e9s del Gran Premio de Alemania, as\u00ed que lo ideal ser\u00eda rematar ese buen trabajo con otro resultado positivo en Hungr\u00eda para irnos de vacaciones con buen sabor de boca\u201d.<\/p>\n<p>&nbsp;<\/p>\n<p><strong>Dani Clos:<\/strong> \u00abEstoy muy ilusionado por volver a tener la oportunidad de pilotar el coche en la primera sesi\u00f3n de entrenamientos libres en Hungr\u00eda. Ser\u00e1 el tercer Gran Premio consecutivo y la cuarta vez esta temporada que me subo al F112 y esa continuidad espero transformarla en un buen ritmo y un buen trabajo en pista con el que contribuir al equipo. Estar sin competir es algo nuevo para m\u00ed as\u00ed que tengo que aprovechar y disfrutar al m\u00e1ximo estas oportunidades que se me presentan para seguir aprendiendo\u201d.<\/p>\n<p>&nbsp;<\/p>\n<p><strong>Luis P\u00e9rez-Sala, Team Principal:<\/strong> \u00abLlegamos a un circuito distinto al anterior de Alemania ya que el Hungaroring cuenta con muchas curvas lentas y pocas rectas, de modo que adelantar es un poco m\u00e1s complicado. Dani saldr\u00e1 de nuevo en la primera sesi\u00f3n de libres y su trabajo, al igual que en las pruebas anteriores, seguro que ser\u00e1 de gran utilidad al equipo. Tanto Pedro como Narain se encuentran en un buen momento y, dado que en principio nuestro monoplaza deber\u00eda adaptarse mejor a las caracter\u00edsticas de este trazado, espero que podamos seguir en esta l\u00ednea de progresi\u00f3n para lograr un buen resultado antes de marcharnos de vacaciones\u201d.<\/p>\n<div class=\"sharedaddy sd-sharing-enabled\"><div class=\"robots-nocontent sd-block sd-social sd-social-official sd-sharing\"><h3 class=\"sd-title\">Opciones Sociales:<\/h3><div class=\"sd-content\"><ul><li class=\"share-facebook\"><div class=\"fb-share-button\" data-href=\"http:\/\/www.michael-schumacher.es\/noticias-f1\/2012\/07\/26\/previo-gp-de-hungria-hungaroring-2012-hrt\/\" data-layout=\"button_count\"><\/div><\/li><li class=\"share-twitter\"><a href=\"https:\/\/twitter.com\/share\" class=\"twitter-share-button\" data-url=\"http:\/\/www.michael-schumacher.es\/noticias-f1\/2012\/07\/26\/previo-gp-de-hungria-hungaroring-2012-hrt\/\" data-text=\"Previo GP de Hungr\u00eda, Hungaroring 2012. HRT\"  >Tweet<\/a><\/li><li class=\"share-email\"><a rel=\"nofollow noopener noreferrer\" data-shared=\"\" class=\"share-email sd-button\" href=\"http:\/\/www.michael-schumacher.es\/noticias-f1\/2012\/07\/26\/previo-gp-de-hungria-hungaroring-2012-hrt\/?share=email\" target=\"_blank\" title=\"Haz clic para enviar por correo electr\u00f3nico a un amigo\"><span>Correo electr\u00f3nico<\/span><\/a><\/li><li class=\"share-end\"><\/li><\/ul><\/div><\/div><\/div>","protected":false},"excerpt":{"rendered":"<p>En el Hungaroring Pedro de la Rosa consigui\u00f3 el mejor resultado de su carrera en F\u00f3rmula 1, al acabar segundo el Gran Premio de 2006. Narain Karthikeyan, por su parte, solo ha corrido una vez en el trazado h\u00fangaro en 2005 y termin\u00f3 12\u00ba. El equipo buscar\u00e1 mantener el buen nivel mostrado en Hockenheim y [&hellip;]<\/p>\n<div class=\"sharedaddy sd-sharing-enabled\"><div class=\"robots-nocontent sd-block sd-social sd-social-official sd-sharing\"><h3 class=\"sd-title\">Opciones Sociales:<\/h3><div class=\"sd-content\"><ul><li class=\"share-facebook\"><div class=\"fb-share-button\" data-href=\"http:\/\/www.michael-schumacher.es\/noticias-f1\/2012\/07\/26\/previo-gp-de-hungria-hungaroring-2012-hrt\/\" data-layout=\"button_count\"><\/div><\/li><li class=\"share-twitter\"><a href=\"https:\/\/twitter.com\/share\" class=\"twitter-share-button\" data-url=\"http:\/\/www.michael-schumacher.es\/noticias-f1\/2012\/07\/26\/previo-gp-de-hungria-hungaroring-2012-hrt\/\" data-text=\"Previo GP de Hungr\u00eda, Hungaroring 2012. HRT\"  >Tweet<\/a><\/li><li class=\"share-email\"><a rel=\"nofollow noopener noreferrer\" data-shared=\"\" class=\"share-email sd-button\" href=\"http:\/\/www.michael-schumacher.es\/noticias-f1\/2012\/07\/26\/previo-gp-de-hungria-hungaroring-2012-hrt\/?share=email\" target=\"_blank\" title=\"Haz clic para enviar por correo electr\u00f3nico a un amigo\"><span>Correo electr\u00f3nico<\/span><\/a><\/li><li class=\"share-end\"><\/li><\/ul><\/div><\/div><\/div>","protected":false},"author":3,"featured_media":0,"comment_status":"open","ping_status":"open","sticky":false,"template":"","format":"standard","meta":{"_monsterinsights_skip_tracking":false,"_monsterinsights_sitenote_active":false,"_monsterinsights_sitenote_note":"","_monsterinsights_sitenote_category":0,"spay_email":"","jetpack_publicize_message":"","jetpack_is_tweetstorm":false,"jetpack_publicize_feature_enabled":true},"categories":[3,22],"tags":[14,398,369,78,17,15,6,75,629,274,79,556,76,5],"jetpack_featured_media_url":"","jetpack_publicize_connections":[],"jetpack_sharing_enabled":true,"jetpack_shortlink":"https:\/\/wp.me\/p27q3P-zI","_links":{"self":[{"href":"http:\/\/www.michael-schumacher.es\/noticias-f1\/wp-json\/wp\/v2\/posts\/2214"}],"collection":[{"href":"http:\/\/www.michael-schumacher.es\/noticias-f1\/wp-json\/wp\/v2\/posts"}],"about":[{"href":"http:\/\/www.michael-schumacher.es\/noticias-f1\/wp-json\/wp\/v2\/types\/post"}],"author":[{"embeddable":true,"href":"http:\/\/www.michael-schumacher.es\/noticias-f1\/wp-json\/wp\/v2\/users\/3"}],"replies":[{"embeddable":true,"href":"http:\/\/www.michael-schumacher.es\/noticias-f1\/wp-json\/wp\/v2\/comments?post=2214"}],"version-history":[{"count":0,"href":"http:\/\/www.michael-schumacher.es\/noticias-f1\/wp-json\/wp\/v2\/posts\/2214\/revisions"}],"wp:attachment":[{"href":"http:\/\/www.michael-schumacher.es\/noticias-f1\/wp-json\/wp\/v2\/media?parent=2214"}],"wp:term":[{"taxonomy":"category","embeddable":true,"href":"http:\/\/www.michael-schumacher.es\/noticias-f1\/wp-json\/wp\/v2\/categories?post=2214"},{"taxonomy":"post_tag","embeddable":true,"href":"http:\/\/www.michael-schumacher.es\/noticias-f1\/wp-json\/wp\/v2\/tags?post=2214"}],"curies":[{"name":"wp","href":"https:\/\/api.w.org\/{rel}","templated":true}]}}