{"id":2339,"date":"2012-07-29T01:22:10","date_gmt":"2012-07-28T23:22:10","guid":{"rendered":"http:\/\/www.michael-schumacher.es\/noticias-f1\/?p=2339"},"modified":"2012-07-29T01:22:10","modified_gmt":"2012-07-28T23:22:10","slug":"calificacion-gp-de-hungria-hungaroring-2012-toro-rosso","status":"publish","type":"post","link":"http:\/\/www.michael-schumacher.es\/noticias-f1\/2012\/07\/29\/calificacion-gp-de-hungria-hungaroring-2012-toro-rosso\/","title":{"rendered":"Calificaci\u00f3n GP de Hungr\u00eda, Hungaroring 2012. Toro Rosso"},"content":{"rendered":"<p><img loading=\"lazy\" class=\"alignleft\" title=\"Toro Rosso\" src=\"http:\/\/img.michael-schumacher.es\/noticias-f1\/toro-rosso\/toro-rosso-1-mini.jpg\" alt=\"\" width=\"202\" height=\"100\" \/>El equipo afronta con optimismo la carrera de ma\u00f1ana con Jean Eric Verge en la posici\u00f3n decimosexta y\u00a0 aunque Daniel Ricciardo no ha pasado a la Q2 y se queda en posici\u00f3n decimoctavo, han experimentado un acercamiento a los rivales y esperan hacer un buen resultado ma\u00f1ana.<\/p>\n<p><!--more--> <!--noteaser--><\/p>\n<p style=\"text-align: center;\">\u00a0<strong><img loading=\"lazy\" class=\"aligncenter\" title=\"Toro Rosso\" src=\"http:\/\/img.michael-schumacher.es\/noticias-f1\/toro-rosso\/toro-rosso-1.jpg\" alt=\"\" width=\"605\" height=\"300\" \/><\/strong><\/p>\n<p>El equipo afronta con optimismo la carrera de ma\u00f1ana con Jean Eric Verge en la posici\u00f3n decimosexta y\u00a0 aunque Daniel Ricciardo no ha pasado a la Q2 y se queda en posici\u00f3n decimoctavo, han experimentado un acercamiento a los rivales y esperan hacer un buen resultado ma\u00f1ana.<\/p>\n<p>&nbsp;<\/p>\n<p><strong>Jean-Eric Vergne :<\/strong> \u00abSiento que tengo el m\u00e1ximo partido del coche que tenemos en este momento y no creo que podr\u00eda haber ido mucho m\u00e1s r\u00e1pido. Hemos mejorado nuestro rendimiento en las condiciones de seco y nos colocaron un poco m\u00e1s cerca de los chicos por delante de nosotros. Siempre es dif\u00edcil adelantar aqu\u00ed, pero hay muchos factores a tener en cuenta en esta pista, incluida la degradaci\u00f3n de los neum\u00e1ticos. En cuanto a lo que se refiere, a \u00a0la tanda larga que hemos hecho esta ma\u00f1ana parec\u00eda bastante bueno. Adem\u00e1s, cuando nos fijamos en que la brecha entre nosotros y nuestros rivales es siempre menor en la carrera que el s\u00e1bado y, como parece que hemos encontrado el rendimiento un poco m\u00e1s aqu\u00ed, creo que podemos esperar tener una buena carrera ma\u00f1ana. \u00bb<\/p>\n<p>&nbsp;<\/p>\n<p><strong>Daniel Ricciardo :<\/strong> \u00abEs frustrante y un poco decepcionante no haber hecho el corte a la Q2, ya que esta es la primera vez que he estado atrapado en la Q1 en toda la temporada y hubiera sido bueno mantener esa porter\u00eda a cero. El tiempo que \u00a0puse en mi primera carrera con los neum\u00e1ticos duros no fue tan malo, pero yo no estaba del todo contento con el coche, as\u00ed que hicimos algunos cambios antes de la opci\u00f3n blanda. De inmediato sent\u00ed muy bien, pero cuando entr\u00e9 en la recta principal, un Lotus de sal\u00eda de los boxes delante de m\u00ed y se qued\u00f3 all\u00ed durante la mayor parte de mi vuelta. Desde el exterior, a lo mejor no se ve como el tr\u00e1fico, pero tener a alguien un par de segundos delante para una vuelta completa, puede realmente afectar, sobre todo en la calificaci\u00f3n, cuando se necesita toda la ayuda que pueda conseguir. No ayuda a mi causa. En t\u00e9rminos de nuestra estrategia, que fue la decisi\u00f3n correcta para ir s\u00f3lo con un conjunto de duros, estoy seguro de que podr\u00eda haber hecho el corte con una primera vuelta limpia. Voy a tratar de compensar esta decepci\u00f3n ma\u00f1ana\u201d.<\/p>\n<p>&nbsp;<\/p>\n<p><strong>Laurent Mekies (Ingeniero Jefe):<\/strong> \u00abEn general, hoy, nuestro rendimiento es ligeramente mejor que en el d\u00eda de ayer, ya que estamos un poco m\u00e1s cerca de aquellos que estan por lo general delante de nosotros, incluso sin alcanzarlos todav\u00eda. Pero las diferencias son sin duda un poco m\u00e1s peque\u00f1o que los que hemos visto recientemente en las condiciones de pista seca. En concreto aqu\u00ed, no estaban contentos con los reglajes del coche hasta que ayer se cambiaron los ajustes durante la noche, y se ha producido esta mejora. Sin embargo, no nos ha llevado mucho m\u00e1s arriba en la orden de la parrilla: el tiempo de Daniel no es tan representativa porque tuvo tr\u00e1fico en su vuelta r\u00e1pida. Jean-Eric hizo el corte de la Q2 y tuvo una lucha justa en ese per\u00edodo de sesiones, durante el cual s\u00f3lo se ejecut\u00f3 un conjunto de opciones, as\u00ed que tal vez podr\u00edamos haber hecho algo un poco mejor con otro juego, pero vamos a ver tener los neum\u00e1ticos extra que a ver que nos dan ma\u00f1ana. Es una carrera larga aqu\u00ed y que deja la puerta abierta para las diversas estrategias, lo que debe producir otra carrera interesante\u201d.<\/p>\n<div class=\"sharedaddy sd-sharing-enabled\"><div class=\"robots-nocontent sd-block sd-social sd-social-official sd-sharing\"><h3 class=\"sd-title\">Opciones Sociales:<\/h3><div class=\"sd-content\"><ul><li class=\"share-facebook\"><div class=\"fb-share-button\" data-href=\"http:\/\/www.michael-schumacher.es\/noticias-f1\/2012\/07\/29\/calificacion-gp-de-hungria-hungaroring-2012-toro-rosso\/\" data-layout=\"button_count\"><\/div><\/li><li class=\"share-twitter\"><a href=\"https:\/\/twitter.com\/share\" class=\"twitter-share-button\" data-url=\"http:\/\/www.michael-schumacher.es\/noticias-f1\/2012\/07\/29\/calificacion-gp-de-hungria-hungaroring-2012-toro-rosso\/\" data-text=\"Calificaci\u00f3n GP de Hungr\u00eda, Hungaroring 2012. Toro Rosso\"  >Tweet<\/a><\/li><li class=\"share-email\"><a rel=\"nofollow noopener noreferrer\" data-shared=\"\" class=\"share-email sd-button\" href=\"http:\/\/www.michael-schumacher.es\/noticias-f1\/2012\/07\/29\/calificacion-gp-de-hungria-hungaroring-2012-toro-rosso\/?share=email\" target=\"_blank\" title=\"Haz clic para enviar por correo electr\u00f3nico a un amigo\"><span>Correo electr\u00f3nico<\/span><\/a><\/li><li class=\"share-end\"><\/li><\/ul><\/div><\/div><\/div>","protected":false},"excerpt":{"rendered":"<p>El equipo afronta con optimismo la carrera de ma\u00f1ana con Jean Eric Verge en la posici\u00f3n decimosexta y\u00a0 aunque Daniel Ricciardo no ha pasado a la Q2 y se queda en posici\u00f3n decimoctavo, han experimentado un acercamiento a los rivales y esperan hacer un buen resultado ma\u00f1ana.<\/p>\n<div class=\"sharedaddy sd-sharing-enabled\"><div class=\"robots-nocontent sd-block sd-social sd-social-official sd-sharing\"><h3 class=\"sd-title\">Opciones Sociales:<\/h3><div class=\"sd-content\"><ul><li class=\"share-facebook\"><div class=\"fb-share-button\" data-href=\"http:\/\/www.michael-schumacher.es\/noticias-f1\/2012\/07\/29\/calificacion-gp-de-hungria-hungaroring-2012-toro-rosso\/\" data-layout=\"button_count\"><\/div><\/li><li class=\"share-twitter\"><a href=\"https:\/\/twitter.com\/share\" class=\"twitter-share-button\" data-url=\"http:\/\/www.michael-schumacher.es\/noticias-f1\/2012\/07\/29\/calificacion-gp-de-hungria-hungaroring-2012-toro-rosso\/\" data-text=\"Calificaci\u00f3n GP de Hungr\u00eda, Hungaroring 2012. Toro Rosso\"  >Tweet<\/a><\/li><li class=\"share-email\"><a rel=\"nofollow noopener noreferrer\" data-shared=\"\" class=\"share-email sd-button\" href=\"http:\/\/www.michael-schumacher.es\/noticias-f1\/2012\/07\/29\/calificacion-gp-de-hungria-hungaroring-2012-toro-rosso\/?share=email\" target=\"_blank\" title=\"Haz clic para enviar por correo electr\u00f3nico a un amigo\"><span>Correo electr\u00f3nico<\/span><\/a><\/li><li class=\"share-end\"><\/li><\/ul><\/div><\/div><\/div>","protected":false},"author":3,"featured_media":0,"comment_status":"open","ping_status":"open","sticky":false,"template":"","format":"standard","meta":{"_monsterinsights_skip_tracking":false,"_monsterinsights_sitenote_active":false,"_monsterinsights_sitenote_note":"","_monsterinsights_sitenote_category":0,"spay_email":"","jetpack_publicize_message":"","jetpack_is_tweetstorm":false,"jetpack_publicize_feature_enabled":true},"categories":[68,3],"tags":[14,155,159,101,17,15,6,629,274,99,102,103,100],"jetpack_featured_media_url":"","jetpack_publicize_connections":[],"jetpack_sharing_enabled":true,"jetpack_shortlink":"https:\/\/wp.me\/p27q3P-BJ","_links":{"self":[{"href":"http:\/\/www.michael-schumacher.es\/noticias-f1\/wp-json\/wp\/v2\/posts\/2339"}],"collection":[{"href":"http:\/\/www.michael-schumacher.es\/noticias-f1\/wp-json\/wp\/v2\/posts"}],"about":[{"href":"http:\/\/www.michael-schumacher.es\/noticias-f1\/wp-json\/wp\/v2\/types\/post"}],"author":[{"embeddable":true,"href":"http:\/\/www.michael-schumacher.es\/noticias-f1\/wp-json\/wp\/v2\/users\/3"}],"replies":[{"embeddable":true,"href":"http:\/\/www.michael-schumacher.es\/noticias-f1\/wp-json\/wp\/v2\/comments?post=2339"}],"version-history":[{"count":0,"href":"http:\/\/www.michael-schumacher.es\/noticias-f1\/wp-json\/wp\/v2\/posts\/2339\/revisions"}],"wp:attachment":[{"href":"http:\/\/www.michael-schumacher.es\/noticias-f1\/wp-json\/wp\/v2\/media?parent=2339"}],"wp:term":[{"taxonomy":"category","embeddable":true,"href":"http:\/\/www.michael-schumacher.es\/noticias-f1\/wp-json\/wp\/v2\/categories?post=2339"},{"taxonomy":"post_tag","embeddable":true,"href":"http:\/\/www.michael-schumacher.es\/noticias-f1\/wp-json\/wp\/v2\/tags?post=2339"}],"curies":[{"name":"wp","href":"https:\/\/api.w.org\/{rel}","templated":true}]}}