{"id":2352,"date":"2012-07-29T02:21:53","date_gmt":"2012-07-29T00:21:53","guid":{"rendered":"http:\/\/www.michael-schumacher.es\/noticias-f1\/?p=2352"},"modified":"2012-07-29T02:21:53","modified_gmt":"2012-07-29T00:21:53","slug":"calificacion-gp-de-hungria-hungaroring-2012-sauber","status":"publish","type":"post","link":"http:\/\/www.michael-schumacher.es\/noticias-f1\/2012\/07\/29\/calificacion-gp-de-hungria-hungaroring-2012-sauber\/","title":{"rendered":"Calificaci\u00f3n GP de Hungr\u00eda, Hungaroring 2012. Sauber"},"content":{"rendered":"<p><img loading=\"lazy\" class=\"alignleft\" title=\"Sauber\" src=\"http:\/\/img.michael-schumacher.es\/noticias-f1\/sauber\/sauber-1-mini.jpg\" alt=\"\" width=\"202\" height=\"100\" \/>Para los dos pilotos de Sauber F1 Team resulto dif\u00edcil en todas las sesiones de entrenamientos libres, y por lo tanto no es de extra\u00f1ar que los malos resultados fue en la clasificaci\u00f3n. Sergio P\u00e9rez calific\u00f3 en 14 \u00ba para el Gran Premio de Hungr\u00eda, Kamui Kobayashi fue el 15 ambos pilotos esperan una dura carrera el domingo, pero la carrera es ma\u00f1ana y rinden mejor en carrera.<\/p>\n<p><!--more--> <!--noteaser--><\/p>\n<p style=\"text-align: center;\">\u00a0<img loading=\"lazy\" class=\"aligncenter\" title=\"Sauber\" src=\"http:\/\/img.michael-schumacher.es\/noticias-f1\/sauber\/sauber-1.jpg\" alt=\"\" width=\"605\" height=\"300\" \/><\/p>\n<p>Para los dos pilotos de Sauber F1 Team resulto dif\u00edcil en todas las sesiones de entrenamientos libres, y por lo tanto no es de extra\u00f1ar que los malos resultados fue en la clasificaci\u00f3n. Sergio P\u00e9rez calific\u00f3 en 14 \u00ba para el Gran Premio de Hungr\u00eda, Kamui Kobayashi fue el 15 ambos pilotos esperan una dura carrera el domingo, pero la carrera es ma\u00f1ana y rinden mejor en carrera.<\/p>\n<p>&nbsp;<\/p>\n<p><strong>Sergio P\u00e9rez:<\/strong> \u00abEsto era lo m\u00e1ximo posible hoy. Por alguna raz\u00f3n nos encontramos aqu\u00ed, todo \u00a0el fin de semana hasta el momento con dificultades con el equilibrio del coche y con \u00a0los neum\u00e1ticos, sin entender c\u00f3mo trabajan en esta pista. Yo ten\u00eda la sensaci\u00f3n, con respecto al equilibrio de mi coche despu\u00e9s de los entrenamientos libres de la ma\u00f1ana antes de la calificaci\u00f3n, que se hab\u00eda logrado una mejora significativa. En la Q1 vi que efectivamente no se veia mal. Pero el coche no se comporta de forma consistente, y en la Q2 fue muy dif\u00edcil conseguir una vuelta perfecta, as\u00ed que no he logrado pasar a la Q3 \u00ab.<\/p>\n<p>&nbsp;<\/p>\n<p><strong>Kamui Kobayashi:<\/strong> \u00abBueno, despu\u00e9s que hemos tenido dificultades en todas las sesiones de entrenamientos libres, la calificaci\u00f3n ha sido esperada. Hubiera sido casi como un milagro si se hubiera podido \u00a0entrar en la Q3. No entiendo por qu\u00e9 no conseguimos buen trabajo de los neum\u00e1ticos \u00a0en esta pista. Esto se aplica tanto a la adhesi\u00f3n necesaria, se \u00a0conecta con la pista, con baches, el polvo o lo que sea. Esta es otra carrera dura para nosotros, porque adelantar es muy dif\u00edcil. Pero no vamos a darnos \u00a0por vencidos y haremos nuestro mejor trabajo ma\u00f1ana\u201d.<\/p>\n<p>&nbsp;<\/p>\n<p><strong>Giampaolo Dall&#8217;Ara, ingeniero jefe de la pista:<\/strong> \u00abUn fin de semana dif\u00edcil para nosotros. En general, hasta ahora lo hemos hecho ha sido muy dif\u00edcil. En comparaci\u00f3n al viernes hemos hecho progresos significativos de acuerdo a llevar los neum\u00e1ticos a trabajar, pero claramente no es suficiente. Si nos fijamos en los tiempos de vuelta, entonces, Sergio no est\u00e1 muy lejos de la cuarta o quinta posicion. Kamui tiene dificultades a\u00fan mayores. Nosotros le dimos un juego extra de neum\u00e1ticos blandos, cuando nos dimos cuenta de eso. Realmente no entiendo por qu\u00e9 es tan dificil para nosotros. Pero el domingo es otro d\u00eda y sabemos que somos m\u00e1s fuertes \u00a0en la carrera que en calificaci\u00f3n. \u00ab<\/p>\n<div class=\"sharedaddy sd-sharing-enabled\"><div class=\"robots-nocontent sd-block sd-social sd-social-official sd-sharing\"><h3 class=\"sd-title\">Opciones Sociales:<\/h3><div class=\"sd-content\"><ul><li class=\"share-facebook\"><div class=\"fb-share-button\" data-href=\"http:\/\/www.michael-schumacher.es\/noticias-f1\/2012\/07\/29\/calificacion-gp-de-hungria-hungaroring-2012-sauber\/\" data-layout=\"button_count\"><\/div><\/li><li class=\"share-twitter\"><a href=\"https:\/\/twitter.com\/share\" class=\"twitter-share-button\" data-url=\"http:\/\/www.michael-schumacher.es\/noticias-f1\/2012\/07\/29\/calificacion-gp-de-hungria-hungaroring-2012-sauber\/\" data-text=\"Calificaci\u00f3n GP de Hungr\u00eda, Hungaroring 2012. Sauber\"  >Tweet<\/a><\/li><li class=\"share-email\"><a rel=\"nofollow noopener noreferrer\" data-shared=\"\" class=\"share-email sd-button\" href=\"http:\/\/www.michael-schumacher.es\/noticias-f1\/2012\/07\/29\/calificacion-gp-de-hungria-hungaroring-2012-sauber\/?share=email\" target=\"_blank\" title=\"Haz clic para enviar por correo electr\u00f3nico a un amigo\"><span>Correo electr\u00f3nico<\/span><\/a><\/li><li class=\"share-end\"><\/li><\/ul><\/div><\/div><\/div>","protected":false},"excerpt":{"rendered":"<p>Para los dos pilotos de Sauber F1 Team resulto dif\u00edcil en todas las sesiones de entrenamientos libres, y por lo tanto no es de extra\u00f1ar que los malos resultados fue en la clasificaci\u00f3n. Sergio P\u00e9rez calific\u00f3 en 14 \u00ba para el Gran Premio de Hungr\u00eda, Kamui Kobayashi fue el 15 ambos pilotos esperan una dura [&hellip;]<\/p>\n<div class=\"sharedaddy sd-sharing-enabled\"><div class=\"robots-nocontent sd-block sd-social sd-social-official sd-sharing\"><h3 class=\"sd-title\">Opciones Sociales:<\/h3><div class=\"sd-content\"><ul><li class=\"share-facebook\"><div class=\"fb-share-button\" data-href=\"http:\/\/www.michael-schumacher.es\/noticias-f1\/2012\/07\/29\/calificacion-gp-de-hungria-hungaroring-2012-sauber\/\" data-layout=\"button_count\"><\/div><\/li><li class=\"share-twitter\"><a href=\"https:\/\/twitter.com\/share\" class=\"twitter-share-button\" data-url=\"http:\/\/www.michael-schumacher.es\/noticias-f1\/2012\/07\/29\/calificacion-gp-de-hungria-hungaroring-2012-sauber\/\" data-text=\"Calificaci\u00f3n GP de Hungr\u00eda, Hungaroring 2012. Sauber\"  >Tweet<\/a><\/li><li class=\"share-email\"><a rel=\"nofollow noopener noreferrer\" data-shared=\"\" class=\"share-email sd-button\" href=\"http:\/\/www.michael-schumacher.es\/noticias-f1\/2012\/07\/29\/calificacion-gp-de-hungria-hungaroring-2012-sauber\/?share=email\" target=\"_blank\" title=\"Haz clic para enviar por correo electr\u00f3nico a un amigo\"><span>Correo electr\u00f3nico<\/span><\/a><\/li><li class=\"share-end\"><\/li><\/ul><\/div><\/div><\/div>","protected":false},"author":3,"featured_media":0,"comment_status":"open","ping_status":"open","sticky":false,"template":"","format":"standard","meta":{"_monsterinsights_skip_tracking":false,"_monsterinsights_sitenote_active":false,"_monsterinsights_sitenote_note":"","_monsterinsights_sitenote_category":0,"spay_email":"","jetpack_publicize_message":"","jetpack_is_tweetstorm":false,"jetpack_publicize_feature_enabled":true},"categories":[68,3],"tags":[14,155,159,17,15,6,629,274,87,88,90,86,89],"jetpack_featured_media_url":"","jetpack_publicize_connections":[],"jetpack_sharing_enabled":true,"jetpack_shortlink":"https:\/\/wp.me\/p27q3P-BW","_links":{"self":[{"href":"http:\/\/www.michael-schumacher.es\/noticias-f1\/wp-json\/wp\/v2\/posts\/2352"}],"collection":[{"href":"http:\/\/www.michael-schumacher.es\/noticias-f1\/wp-json\/wp\/v2\/posts"}],"about":[{"href":"http:\/\/www.michael-schumacher.es\/noticias-f1\/wp-json\/wp\/v2\/types\/post"}],"author":[{"embeddable":true,"href":"http:\/\/www.michael-schumacher.es\/noticias-f1\/wp-json\/wp\/v2\/users\/3"}],"replies":[{"embeddable":true,"href":"http:\/\/www.michael-schumacher.es\/noticias-f1\/wp-json\/wp\/v2\/comments?post=2352"}],"version-history":[{"count":0,"href":"http:\/\/www.michael-schumacher.es\/noticias-f1\/wp-json\/wp\/v2\/posts\/2352\/revisions"}],"wp:attachment":[{"href":"http:\/\/www.michael-schumacher.es\/noticias-f1\/wp-json\/wp\/v2\/media?parent=2352"}],"wp:term":[{"taxonomy":"category","embeddable":true,"href":"http:\/\/www.michael-schumacher.es\/noticias-f1\/wp-json\/wp\/v2\/categories?post=2352"},{"taxonomy":"post_tag","embeddable":true,"href":"http:\/\/www.michael-schumacher.es\/noticias-f1\/wp-json\/wp\/v2\/tags?post=2352"}],"curies":[{"name":"wp","href":"https:\/\/api.w.org\/{rel}","templated":true}]}}