{"id":2412,"date":"2012-07-31T02:31:38","date_gmt":"2012-07-31T00:31:38","guid":{"rendered":"http:\/\/www.michael-schumacher.es\/noticias-f1\/?p=2412"},"modified":"2012-07-31T02:31:38","modified_gmt":"2012-07-31T00:31:38","slug":"red-bull-harto-de-criticas","status":"publish","type":"post","link":"http:\/\/www.michael-schumacher.es\/noticias-f1\/2012\/07\/31\/red-bull-harto-de-criticas\/","title":{"rendered":"Red Bull harto de criticas"},"content":{"rendered":"<p><img loading=\"lazy\" class=\"alignleft\" title=\"Red Bull\" src=\"http:\/\/img.michael-schumacher.es\/noticias-f1\/sebastian-vettel\/vettel-1-mini.jpg\" alt=\"\" width=\"202\" height=\"100\" \/>Despu\u00e9s del Gran Premio de Alemania, la FIA\u00a0 clarifico el reglamento, referente a la Cartografia de Motor, para cerrar una laguna, presuntamente explotada por el equipo Red Bull. Tras el Gran Premio de Hungria, Horner declaro que nunca han encontrado algo que rompa el reglamento en sus coches y que se les deber\u00eda elogiar por su manera de interpretar las normas: <strong>\u00abEl resultado final es la hoja de resultados que sale al final de la fase de clasificaci\u00f3n o el final de la carrera y el coche cumple con las regulaciones. Todo lo dem\u00e1s es critica, al final del d\u00eda todo se reduce a la FIA y los comisarios de la judicial deciden \u00a0si el coche cumple o no. Cada vez que nuestro coche ha sido cuestionado por otros equipos siempre ha sido cumplidor\u00a0 con las reglas. Por supuesto que la naturaleza de la F\u00f3rmula Uno es competitiva, pero las normas est\u00e1n escritas de tal manera que est\u00e1n abiertas a la interpretaci\u00f3n, desde TRH hasta Red Bull, todos los equipos, cada uno interpreta las normas, de lo contrario tendr\u00edamos todos los coches id\u00e9nticos.\u00a0 Parte de nuestra fuerza es nuestro ingenio y no creo que debamos ser criticados por ser creativos. \u00ab<\/strong><\/p>\n<p><!--more--> <!--noteaser--><\/p>\n<p><img loading=\"lazy\" class=\"aligncenter\" title=\"Red Bull\" src=\"http:\/\/img.michael-schumacher.es\/noticias-f1\/sebastian-vettel\/vettel-1.jpg\" alt=\"\" width=\"605\" height=\"300\" \/><\/p>\n<p>Despu\u00e9s del Gran Premio de Alemania, la FIA\u00a0 clarifico el reglamento, referente a la Cartografia de Motor, para cerrar una laguna, presuntamente explotada por el equipo Red Bull. Tras el Gran Premio de Hungria, Horner declaro que nunca han encontrado algo que rompa el reglamento en sus coches y que se les deber\u00eda elogiar por su manera de interpretar las normas: <strong>\u00abEl resultado final es la hoja de resultados que sale al final de la fase de clasificaci\u00f3n o el final de la carrera y el coche cumple con las regulaciones. Todo lo dem\u00e1s es critica, al final del d\u00eda todo se reduce a la FIA y los comisarios de la judicial deciden \u00a0si el coche cumple o no. Cada vez que nuestro coche ha sido cuestionado por otros equipos siempre ha sido cumplidor\u00a0 con las reglas. Por supuesto que la naturaleza de la F\u00f3rmula Uno es competitiva, pero las normas est\u00e1n escritas de tal manera que est\u00e1n abiertas a la interpretaci\u00f3n, desde TRH hasta Red Bull, todos los equipos, cada uno interpreta las normas, de lo contrario tendr\u00edamos todos los coches id\u00e9nticos.\u00a0 Parte de nuestra fuerza es nuestro ingenio y no creo que debamos ser criticados por ser creativos. \u00ab<\/strong><\/p>\n<p>&nbsp;<\/p>\n<p>Christian Horner de Red Bull est\u00e1 satisfecho con su actual situaci\u00f3n, en la tabla de posiciones: <strong>\u00abNos vamos de vacaciones de verano con 53 puntos de liderazgo en el campeonato de constructores y nuestros dos pilotos son segundo y tercero en el campeonato de pilotos. Hay 225 puntos a\u00fan disponibles, nueve carreras por delante.. As\u00ed que Creo que definitivamente vamos a usar esta semana antes del cierre con buenos resultados y entonces es una buena oportunidad para que todo el mundo dentro de la empresa pueda recargar sus bater\u00edas antes de un episodio man\u00edaco \u00faltimos tres meses. \u00ab<\/strong><\/p>\n<div class=\"sharedaddy sd-sharing-enabled\"><div class=\"robots-nocontent sd-block sd-social sd-social-official sd-sharing\"><h3 class=\"sd-title\">Opciones Sociales:<\/h3><div class=\"sd-content\"><ul><li class=\"share-facebook\"><div class=\"fb-share-button\" data-href=\"http:\/\/www.michael-schumacher.es\/noticias-f1\/2012\/07\/31\/red-bull-harto-de-criticas\/\" data-layout=\"button_count\"><\/div><\/li><li class=\"share-twitter\"><a href=\"https:\/\/twitter.com\/share\" class=\"twitter-share-button\" data-url=\"http:\/\/www.michael-schumacher.es\/noticias-f1\/2012\/07\/31\/red-bull-harto-de-criticas\/\" data-text=\"Red Bull harto de criticas\"  >Tweet<\/a><\/li><li class=\"share-email\"><a rel=\"nofollow noopener noreferrer\" data-shared=\"\" class=\"share-email sd-button\" href=\"http:\/\/www.michael-schumacher.es\/noticias-f1\/2012\/07\/31\/red-bull-harto-de-criticas\/?share=email\" target=\"_blank\" title=\"Haz clic para enviar por correo electr\u00f3nico a un amigo\"><span>Correo electr\u00f3nico<\/span><\/a><\/li><li class=\"share-end\"><\/li><\/ul><\/div><\/div><\/div>","protected":false},"excerpt":{"rendered":"<p>Despu\u00e9s del Gran Premio de Alemania, la FIA\u00a0 clarifico el reglamento, referente a la Cartografia de Motor, para cerrar una laguna, presuntamente explotada por el equipo Red Bull. Tras el Gran Premio de Hungria, Horner declaro que nunca han encontrado algo que rompa el reglamento en sus coches y que se les deber\u00eda elogiar por [&hellip;]<\/p>\n<div class=\"sharedaddy sd-sharing-enabled\"><div class=\"robots-nocontent sd-block sd-social sd-social-official sd-sharing\"><h3 class=\"sd-title\">Opciones Sociales:<\/h3><div class=\"sd-content\"><ul><li class=\"share-facebook\"><div class=\"fb-share-button\" data-href=\"http:\/\/www.michael-schumacher.es\/noticias-f1\/2012\/07\/31\/red-bull-harto-de-criticas\/\" data-layout=\"button_count\"><\/div><\/li><li class=\"share-twitter\"><a href=\"https:\/\/twitter.com\/share\" class=\"twitter-share-button\" data-url=\"http:\/\/www.michael-schumacher.es\/noticias-f1\/2012\/07\/31\/red-bull-harto-de-criticas\/\" data-text=\"Red Bull harto de criticas\"  >Tweet<\/a><\/li><li class=\"share-email\"><a rel=\"nofollow noopener noreferrer\" data-shared=\"\" class=\"share-email sd-button\" href=\"http:\/\/www.michael-schumacher.es\/noticias-f1\/2012\/07\/31\/red-bull-harto-de-criticas\/?share=email\" target=\"_blank\" title=\"Haz clic para enviar por correo electr\u00f3nico a un amigo\"><span>Correo electr\u00f3nico<\/span><\/a><\/li><li class=\"share-end\"><\/li><\/ul><\/div><\/div><\/div>","protected":false},"author":3,"featured_media":0,"comment_status":"open","ping_status":"open","sticky":false,"template":"","format":"standard","meta":{"_monsterinsights_skip_tracking":false,"_monsterinsights_sitenote_active":false,"_monsterinsights_sitenote_note":"","_monsterinsights_sitenote_category":0,"spay_email":"","jetpack_publicize_message":"","jetpack_is_tweetstorm":false,"jetpack_publicize_feature_enabled":true},"categories":[3],"tags":[44,598,646,358,240,295,643,171,644,43,51,645],"jetpack_featured_media_url":"","jetpack_publicize_connections":[],"jetpack_sharing_enabled":true,"jetpack_shortlink":"https:\/\/wp.me\/p27q3P-CU","_links":{"self":[{"href":"http:\/\/www.michael-schumacher.es\/noticias-f1\/wp-json\/wp\/v2\/posts\/2412"}],"collection":[{"href":"http:\/\/www.michael-schumacher.es\/noticias-f1\/wp-json\/wp\/v2\/posts"}],"about":[{"href":"http:\/\/www.michael-schumacher.es\/noticias-f1\/wp-json\/wp\/v2\/types\/post"}],"author":[{"embeddable":true,"href":"http:\/\/www.michael-schumacher.es\/noticias-f1\/wp-json\/wp\/v2\/users\/3"}],"replies":[{"embeddable":true,"href":"http:\/\/www.michael-schumacher.es\/noticias-f1\/wp-json\/wp\/v2\/comments?post=2412"}],"version-history":[{"count":0,"href":"http:\/\/www.michael-schumacher.es\/noticias-f1\/wp-json\/wp\/v2\/posts\/2412\/revisions"}],"wp:attachment":[{"href":"http:\/\/www.michael-schumacher.es\/noticias-f1\/wp-json\/wp\/v2\/media?parent=2412"}],"wp:term":[{"taxonomy":"category","embeddable":true,"href":"http:\/\/www.michael-schumacher.es\/noticias-f1\/wp-json\/wp\/v2\/categories?post=2412"},{"taxonomy":"post_tag","embeddable":true,"href":"http:\/\/www.michael-schumacher.es\/noticias-f1\/wp-json\/wp\/v2\/tags?post=2412"}],"curies":[{"name":"wp","href":"https:\/\/api.w.org\/{rel}","templated":true}]}}