{"id":2505,"date":"2012-08-03T10:56:22","date_gmt":"2012-08-03T08:56:22","guid":{"rendered":"http:\/\/www.michael-schumacher.es\/noticias-f1\/?p=2505"},"modified":"2012-08-03T10:56:22","modified_gmt":"2012-08-03T08:56:22","slug":"sebastian-vettel-la-polemica-nos-une-mas","status":"publish","type":"post","link":"http:\/\/www.michael-schumacher.es\/noticias-f1\/2012\/08\/03\/sebastian-vettel-la-polemica-nos-une-mas\/","title":{"rendered":"Sebastian Vettel: La pol\u00e9mica nos une mas"},"content":{"rendered":"<p><a href=\"http:\/\/www.michael-schumacher.es\/noticias-f1\/wp-content\/uploads\/2012\/08\/david_sarro.vettel-1-mini.jpg\"><img loading=\"lazy\" class=\"wp-image-2484 alignleft\" title=\"Sebastian Vettel 1 - miniatura\" src=\"http:\/\/www.michael-schumacher.es\/noticias-f1\/wp-content\/uploads\/2012\/08\/david_sarro.vettel-1-mini.jpg\" alt=\"\" width=\"200\" height=\"133\" \/><\/a>Ni Sebastian Vettel,\u00a0 ni su equipo est\u00e1n perturbados por todas las cr\u00edticas que sacudieron a Red Bull Racing desde el comienzo de la temporada. Las muchas polemicas que empa\u00f1aron a los campeones del mundo en la carrera por el t\u00edtulo no ser\u00e1 causa de desuni\u00f3n en el \u00a0equipo.<\/p>\n<p><!--more--> <!--noteaser--><\/p>\n<p><a href=\"http:\/\/www.michael-schumacher.es\/noticias-f1\/wp-content\/uploads\/2012\/08\/david_sarro.vettel-1.jpg\"><img loading=\"lazy\" class=\"aligncenter size-full wp-image-2485\" title=\"Sebastian Vettel 1 \" src=\"http:\/\/www.michael-schumacher.es\/noticias-f1\/wp-content\/uploads\/2012\/08\/david_sarro.vettel-1.jpg\" alt=\"\" width=\"600\" height=\"399\" srcset=\"http:\/\/www.michael-schumacher.es\/noticias-f1\/wp-content\/uploads\/2012\/08\/david_sarro.vettel-1.jpg 600w, http:\/\/www.michael-schumacher.es\/noticias-f1\/wp-content\/uploads\/2012\/08\/david_sarro.vettel-1-300x199.jpg 300w\" sizes=\"(max-width: 600px) 100vw, 600px\" \/><\/a><\/p>\n<p>&nbsp;<\/p>\n<p>Ni Sebastian Vettel,\u00a0 ni su equipo est\u00e1n perturbados por todas las cr\u00edticas que sacudieron a Red Bull Racing desde el comienzo de la temporada. Las muchas polemicas que empa\u00f1aron a los campeones del mundo en la carrera por el t\u00edtulo no ser\u00e1 causa de desuni\u00f3n en el \u00a0equipo.<\/p>\n<p>&nbsp;<\/p>\n<p>El piloto alem\u00e1n, fue el centro de uno de ellos en Alemania. Una sanci\u00f3n en el final de la carrera le ha privado de un podio y Helmut Marko lo hab\u00eda comparado <strong>con \u00abla pena de muerte aplicada al robo de un pollo volando.\u00bb<\/strong><\/p>\n<p>&nbsp;<\/p>\n<p>Por todo esto, Vettel, sin duda est\u00e1 contento de empezar sus vacaciones.<strong> \u00abEs una temporada larga. Si se compara con muchos otros deportes, este es uno de los m\u00e1s largos para un atleta. Creo que es importante tener un descanso, aunque a veces desea continuar con el impulso. Es importante hacer un buen uso de la pausa. \u00ab<\/strong><\/p>\n<p>&nbsp;<\/p>\n<p>Sebastian Vettel casi cree en conspiraciones contra el Red Bull. <strong>\u00abTuvimos un buen coche con un difusor doble, fue prohibido. Tuvimos un buen coche con el difusor soplado, lo mismo. \u00bfPor qu\u00e9? No tengo ni idea\u00bb. \u00a0<\/strong>Y este a\u00f1o la pol\u00e9mica con los agujeros en el fondo plano, cubos de las ruedas, la cartograf\u00eda del motor o ajustar la altura del coche. <strong>\u00abTodos estos trastornos no nos rompen. En su lugar, nos unen a\u00fan m\u00e1s. \u00ab<\/strong><\/p>\n<p><strong>Imagen:<\/strong> David Sarr\u00f3<\/p>\n<div class=\"sharedaddy sd-sharing-enabled\"><div class=\"robots-nocontent sd-block sd-social sd-social-official sd-sharing\"><h3 class=\"sd-title\">Opciones Sociales:<\/h3><div class=\"sd-content\"><ul><li class=\"share-facebook\"><div class=\"fb-share-button\" data-href=\"http:\/\/www.michael-schumacher.es\/noticias-f1\/2012\/08\/03\/sebastian-vettel-la-polemica-nos-une-mas\/\" data-layout=\"button_count\"><\/div><\/li><li class=\"share-twitter\"><a href=\"https:\/\/twitter.com\/share\" class=\"twitter-share-button\" data-url=\"http:\/\/www.michael-schumacher.es\/noticias-f1\/2012\/08\/03\/sebastian-vettel-la-polemica-nos-une-mas\/\" data-text=\"Sebastian Vettel: La pol\u00e9mica nos une mas\"  >Tweet<\/a><\/li><li class=\"share-email\"><a rel=\"nofollow noopener noreferrer\" data-shared=\"\" class=\"share-email sd-button\" href=\"http:\/\/www.michael-schumacher.es\/noticias-f1\/2012\/08\/03\/sebastian-vettel-la-polemica-nos-une-mas\/?share=email\" target=\"_blank\" title=\"Haz clic para enviar por correo electr\u00f3nico a un amigo\"><span>Correo electr\u00f3nico<\/span><\/a><\/li><li class=\"share-end\"><\/li><\/ul><\/div><\/div><\/div>","protected":false},"excerpt":{"rendered":"<p>Ni Sebastian Vettel,\u00a0 ni su equipo est\u00e1n perturbados por todas las cr\u00edticas que sacudieron a Red Bull Racing desde el comienzo de la temporada. Las muchas polemicas que empa\u00f1aron a los campeones del mundo en la carrera por el t\u00edtulo no ser\u00e1 causa de desuni\u00f3n en el \u00a0equipo.<\/p>\n<div class=\"sharedaddy sd-sharing-enabled\"><div class=\"robots-nocontent sd-block sd-social sd-social-official sd-sharing\"><h3 class=\"sd-title\">Opciones Sociales:<\/h3><div class=\"sd-content\"><ul><li class=\"share-facebook\"><div class=\"fb-share-button\" data-href=\"http:\/\/www.michael-schumacher.es\/noticias-f1\/2012\/08\/03\/sebastian-vettel-la-polemica-nos-une-mas\/\" data-layout=\"button_count\"><\/div><\/li><li class=\"share-twitter\"><a href=\"https:\/\/twitter.com\/share\" class=\"twitter-share-button\" data-url=\"http:\/\/www.michael-schumacher.es\/noticias-f1\/2012\/08\/03\/sebastian-vettel-la-polemica-nos-une-mas\/\" data-text=\"Sebastian Vettel: La pol\u00e9mica nos une mas\"  >Tweet<\/a><\/li><li class=\"share-email\"><a rel=\"nofollow noopener noreferrer\" data-shared=\"\" class=\"share-email sd-button\" href=\"http:\/\/www.michael-schumacher.es\/noticias-f1\/2012\/08\/03\/sebastian-vettel-la-polemica-nos-une-mas\/?share=email\" target=\"_blank\" title=\"Haz clic para enviar por correo electr\u00f3nico a un amigo\"><span>Correo electr\u00f3nico<\/span><\/a><\/li><li class=\"share-end\"><\/li><\/ul><\/div><\/div><\/div>","protected":false},"author":3,"featured_media":0,"comment_status":"open","ping_status":"open","sticky":false,"template":"","format":"standard","meta":{"_monsterinsights_skip_tracking":false,"_monsterinsights_sitenote_active":false,"_monsterinsights_sitenote_note":"","_monsterinsights_sitenote_category":0,"spay_email":"","jetpack_publicize_message":"","jetpack_is_tweetstorm":false,"jetpack_publicize_feature_enabled":true},"categories":[3],"tags":[14,17,141,15,270,690,692,693,149,346,71,689,691,30],"jetpack_featured_media_url":"","jetpack_publicize_connections":[],"jetpack_sharing_enabled":true,"jetpack_shortlink":"https:\/\/wp.me\/p27q3P-Ep","_links":{"self":[{"href":"http:\/\/www.michael-schumacher.es\/noticias-f1\/wp-json\/wp\/v2\/posts\/2505"}],"collection":[{"href":"http:\/\/www.michael-schumacher.es\/noticias-f1\/wp-json\/wp\/v2\/posts"}],"about":[{"href":"http:\/\/www.michael-schumacher.es\/noticias-f1\/wp-json\/wp\/v2\/types\/post"}],"author":[{"embeddable":true,"href":"http:\/\/www.michael-schumacher.es\/noticias-f1\/wp-json\/wp\/v2\/users\/3"}],"replies":[{"embeddable":true,"href":"http:\/\/www.michael-schumacher.es\/noticias-f1\/wp-json\/wp\/v2\/comments?post=2505"}],"version-history":[{"count":0,"href":"http:\/\/www.michael-schumacher.es\/noticias-f1\/wp-json\/wp\/v2\/posts\/2505\/revisions"}],"wp:attachment":[{"href":"http:\/\/www.michael-schumacher.es\/noticias-f1\/wp-json\/wp\/v2\/media?parent=2505"}],"wp:term":[{"taxonomy":"category","embeddable":true,"href":"http:\/\/www.michael-schumacher.es\/noticias-f1\/wp-json\/wp\/v2\/categories?post=2505"},{"taxonomy":"post_tag","embeddable":true,"href":"http:\/\/www.michael-schumacher.es\/noticias-f1\/wp-json\/wp\/v2\/tags?post=2505"}],"curies":[{"name":"wp","href":"https:\/\/api.w.org\/{rel}","templated":true}]}}