{"id":2573,"date":"2012-08-06T11:16:45","date_gmt":"2012-08-06T09:16:45","guid":{"rendered":"http:\/\/www.michael-schumacher.es\/noticias-f1\/?p=2573"},"modified":"2012-08-06T11:16:45","modified_gmt":"2012-08-06T09:16:45","slug":"adrian-sutil-busca-equipo-para-regresar-a-la-f1","status":"publish","type":"post","link":"http:\/\/www.michael-schumacher.es\/noticias-f1\/2012\/08\/06\/adrian-sutil-busca-equipo-para-regresar-a-la-f1\/","title":{"rendered":"Adrian Sutil busca equipo para regresar a la F1"},"content":{"rendered":"<p style=\"text-align: left;\"><a href=\"http:\/\/www.michael-schumacher.es\/noticias-f1\/wp-content\/uploads\/2012\/08\/adrian-sutil_.jpg\"><img loading=\"lazy\" class=\"alignleft\" title=\"adrian-sutil\" src=\"http:\/\/www.michael-schumacher.es\/noticias-f1\/wp-content\/uploads\/2012\/08\/adrian-sutil_.jpg\" alt=\"\" width=\"200\" height=\"145\" \/><\/a>La semana pasada salto el rumor de negociaciones del piloto con el equipo Ferrari, pero su manager se apresur\u00f3 a desmentir tales informaciones <strong>\u00ab\u00c9l estaba all\u00ed con unos amigos para un d\u00eda de pruebas en la conducci\u00f3n de Ferrari en el circuito de Fiorano. Tambi\u00e9n visitaron la f\u00e1brica, eso es todo. En la actualidad, no hay negociaci\u00f3n con Ferrari\u201d. \u201cSin embargo, creemos que Adri\u00e1n estar\u00e1 de vuelta en F1 el pr\u00f3ximo a\u00f1o\u00bb:<\/strong> dijo Manfred Zimmermann el manager de Sutil.<\/p>\n<p><!--more--> <!--noteaser--><\/p>\n<p style=\"text-align: center;\">\u00a0<a href=\"http:\/\/www.michael-schumacher.es\/noticias-f1\/wp-content\/uploads\/2012\/08\/adrian-sutil_.jpg\"><img loading=\"lazy\" class=\"aligncenter\" title=\"adrian-sutil\" src=\"http:\/\/www.michael-schumacher.es\/noticias-f1\/wp-content\/uploads\/2012\/08\/adrian-sutil_.jpg\" alt=\"\" width=\"576\" height=\"432\" \/><\/a><\/p>\n<p>La semana pasada salto el rumor de negociaciones del piloto con el equipo Ferrari, pero su manager se apresur\u00f3 a desmentir tales informaciones <strong>\u00ab\u00c9l estaba all\u00ed con unos amigos para un d\u00eda de pruebas en la conducci\u00f3n de Ferrari en el circuito de Fiorano. Tambi\u00e9n visitaron la f\u00e1brica, eso es todo. En la actualidad, no hay negociaci\u00f3n con Ferrari\u201d. \u201cSin embargo, creemos que Adri\u00e1n estar\u00e1 de vuelta en F1 el pr\u00f3ximo a\u00f1o\u00bb:<\/strong> dijo Manfred Zimmermann el manager de Sutil.<\/p>\n<p>&nbsp;<\/p>\n<p>Ahora el rumor situa a \u00a0Adrian Sutil en negociaciones con Force India para volver a la F\u00f3rmula 1 en el equipo que lo dej\u00f3 en el banquillo al final de la temporada pasada, Force India. Con la suposici\u00f3n de que Paul di Resta y Nico Hulkenberg podr\u00edan estar en negociaciones con otros equipos y alguno de ellos abandone Force India.<\/p>\n<p>&nbsp;<\/p>\n<p>Parece que Adrian Sutil ha conseguido importantes patrocinadores, lo que ser\u00eda un punto a su favor ya que no es tarea sencilla su retorno, tras la mala imagen en torno al piloto, por su pelea con Eric Lux en un club nocturno el a\u00f1o pasado.<\/p>\n<div class=\"sharedaddy sd-sharing-enabled\"><div class=\"robots-nocontent sd-block sd-social sd-social-official sd-sharing\"><h3 class=\"sd-title\">Opciones Sociales:<\/h3><div class=\"sd-content\"><ul><li class=\"share-facebook\"><div class=\"fb-share-button\" data-href=\"http:\/\/www.michael-schumacher.es\/noticias-f1\/2012\/08\/06\/adrian-sutil-busca-equipo-para-regresar-a-la-f1\/\" data-layout=\"button_count\"><\/div><\/li><li class=\"share-twitter\"><a href=\"https:\/\/twitter.com\/share\" class=\"twitter-share-button\" data-url=\"http:\/\/www.michael-schumacher.es\/noticias-f1\/2012\/08\/06\/adrian-sutil-busca-equipo-para-regresar-a-la-f1\/\" data-text=\"Adrian Sutil busca equipo para regresar a la F1\"  >Tweet<\/a><\/li><li class=\"share-email\"><a rel=\"nofollow noopener noreferrer\" data-shared=\"\" class=\"share-email sd-button\" href=\"http:\/\/www.michael-schumacher.es\/noticias-f1\/2012\/08\/06\/adrian-sutil-busca-equipo-para-regresar-a-la-f1\/?share=email\" target=\"_blank\" title=\"Haz clic para enviar por correo electr\u00f3nico a un amigo\"><span>Correo electr\u00f3nico<\/span><\/a><\/li><li class=\"share-end\"><\/li><\/ul><\/div><\/div><\/div>","protected":false},"excerpt":{"rendered":"<p>La semana pasada salto el rumor de negociaciones del piloto con el equipo Ferrari, pero su manager se apresur\u00f3 a desmentir tales informaciones \u00ab\u00c9l estaba all\u00ed con unos amigos para un d\u00eda de pruebas en la conducci\u00f3n de Ferrari en el circuito de Fiorano. Tambi\u00e9n visitaron la f\u00e1brica, eso es todo. En la actualidad, no [&hellip;]<\/p>\n<div class=\"sharedaddy sd-sharing-enabled\"><div class=\"robots-nocontent sd-block sd-social sd-social-official sd-sharing\"><h3 class=\"sd-title\">Opciones Sociales:<\/h3><div class=\"sd-content\"><ul><li class=\"share-facebook\"><div class=\"fb-share-button\" data-href=\"http:\/\/www.michael-schumacher.es\/noticias-f1\/2012\/08\/06\/adrian-sutil-busca-equipo-para-regresar-a-la-f1\/\" data-layout=\"button_count\"><\/div><\/li><li class=\"share-twitter\"><a href=\"https:\/\/twitter.com\/share\" class=\"twitter-share-button\" data-url=\"http:\/\/www.michael-schumacher.es\/noticias-f1\/2012\/08\/06\/adrian-sutil-busca-equipo-para-regresar-a-la-f1\/\" data-text=\"Adrian Sutil busca equipo para regresar a la F1\"  >Tweet<\/a><\/li><li class=\"share-email\"><a rel=\"nofollow noopener noreferrer\" data-shared=\"\" class=\"share-email sd-button\" href=\"http:\/\/www.michael-schumacher.es\/noticias-f1\/2012\/08\/06\/adrian-sutil-busca-equipo-para-regresar-a-la-f1\/?share=email\" target=\"_blank\" title=\"Haz clic para enviar por correo electr\u00f3nico a un amigo\"><span>Correo electr\u00f3nico<\/span><\/a><\/li><li class=\"share-end\"><\/li><\/ul><\/div><\/div><\/div>","protected":false},"author":3,"featured_media":0,"comment_status":"open","ping_status":"open","sticky":false,"template":"","format":"standard","meta":{"_monsterinsights_skip_tracking":false,"_monsterinsights_sitenote_active":false,"_monsterinsights_sitenote_note":"","_monsterinsights_sitenote_category":0,"spay_email":"","jetpack_publicize_message":"","jetpack_is_tweetstorm":false,"jetpack_publicize_feature_enabled":true},"categories":[3],"tags":[53,373,732,38,256,17,141,126,15,6,734,735,733,323,610],"jetpack_featured_media_url":"","jetpack_publicize_connections":[],"jetpack_sharing_enabled":true,"jetpack_shortlink":"https:\/\/wp.me\/p27q3P-Fv","_links":{"self":[{"href":"http:\/\/www.michael-schumacher.es\/noticias-f1\/wp-json\/wp\/v2\/posts\/2573"}],"collection":[{"href":"http:\/\/www.michael-schumacher.es\/noticias-f1\/wp-json\/wp\/v2\/posts"}],"about":[{"href":"http:\/\/www.michael-schumacher.es\/noticias-f1\/wp-json\/wp\/v2\/types\/post"}],"author":[{"embeddable":true,"href":"http:\/\/www.michael-schumacher.es\/noticias-f1\/wp-json\/wp\/v2\/users\/3"}],"replies":[{"embeddable":true,"href":"http:\/\/www.michael-schumacher.es\/noticias-f1\/wp-json\/wp\/v2\/comments?post=2573"}],"version-history":[{"count":0,"href":"http:\/\/www.michael-schumacher.es\/noticias-f1\/wp-json\/wp\/v2\/posts\/2573\/revisions"}],"wp:attachment":[{"href":"http:\/\/www.michael-schumacher.es\/noticias-f1\/wp-json\/wp\/v2\/media?parent=2573"}],"wp:term":[{"taxonomy":"category","embeddable":true,"href":"http:\/\/www.michael-schumacher.es\/noticias-f1\/wp-json\/wp\/v2\/categories?post=2573"},{"taxonomy":"post_tag","embeddable":true,"href":"http:\/\/www.michael-schumacher.es\/noticias-f1\/wp-json\/wp\/v2\/tags?post=2573"}],"curies":[{"name":"wp","href":"https:\/\/api.w.org\/{rel}","templated":true}]}}