{"id":2581,"date":"2012-08-06T14:49:07","date_gmt":"2012-08-06T12:49:07","guid":{"rendered":"http:\/\/www.michael-schumacher.es\/noticias-f1\/?p=2581"},"modified":"2012-08-06T14:49:07","modified_gmt":"2012-08-06T12:49:07","slug":"senna-quiere-mejorar-sus-calificaciones","status":"publish","type":"post","link":"http:\/\/www.michael-schumacher.es\/noticias-f1\/2012\/08\/06\/senna-quiere-mejorar-sus-calificaciones\/","title":{"rendered":"Senna quiere mejorar sus calificaciones"},"content":{"rendered":"<p><img loading=\"lazy\" class=\"alignleft\" title=\"Williams\" src=\"http:\/\/img.michael-schumacher.es\/noticias-f1\/williams\/williams-1-mini.jpg\" alt=\"Williams\" width=\"202\" height=\"100\" \/>Bruno Senna es consciente que necesita mejorar sus calificaciones para asegurar su continuidad en el equipo.El brasile\u00f1o Bruno Senna cree que puede asegurar su futuro con el equipo Williams, si se repite la forma que lo llev\u00f3 a la s\u00e9ptima posici\u00f3n en el Gran Premio de Hungr\u00eda.El sobrino del legendario tres veces campe\u00f3n Ayrton Senna, Bruno ha tenido problemas en la calificaci\u00f3n para la mayor parte de la temporada y ha sido superado por su compa\u00f1ero de equipo Williams, el venezolano Pastor Maldonado.<\/p>\n<p><!--more--> <!--noteaser--><\/p>\n<p style=\"text-align: center;\">\u00a0<img loading=\"lazy\" class=\"aligncenter\" title=\"Williams\" src=\"http:\/\/img.michael-schumacher.es\/noticias-f1\/williams\/williams-1.jpg\" alt=\"Williams\" width=\"605\" height=\"300\" \/><\/p>\n<p>El brasile\u00f1o Bruno Senna cree que puede asegurar su futuro con el equipo Williams, si se repite la forma que lo llev\u00f3 a la s\u00e9ptima posici\u00f3n en el Gran Premio de Hungr\u00eda.El sobrino del legendario tres veces campe\u00f3n Ayrton Senna, Bruno ha tenido problemas en la calificaci\u00f3n para la mayor parte de la temporada y ha sido superado por su compa\u00f1ero de equipo Williams, el venezolano Pastor Maldonado.<\/p>\n<p>&nbsp;<\/p>\n<p>Bruno espera mantener su \u00faltimo rendimiento, considera que la carrera de Hungria ha sido la mejor de a\u00f1o y se debe en gran medida a una buena calificaci\u00f3n<strong>: \u00abLa \u00fanica raz\u00f3n por la que obtuvo buenos puntos en Hungr\u00eda es porque nos clasificamos bien, y tenemos que seguir haci\u00e9ndolo. Todo el mundo necesita una oportunidad para crecer y esto es lo m\u00edo. Necesito una oportunidad para crecer y desarrollarse con el equipo.Esta es probablemente la m\u00e1s dif\u00edcil temporada en la F\u00f3rmula 1 por \u00a0qui\u00e9n sabe cu\u00e1ntos a\u00f1os. Con una d\u00e9cima de segundo puede haber cinco o seis puestos de arriba.\u201d<\/strong> A\u00f1adi\u00f3 Senna:\u00a0 <strong>\u00abEn las carreras, creo que lo estoy haciendo bastante bien esta temporada. Como he dicho antes, clavar la calificaci\u00f3n ser\u00e1 la clave para asegurarse de que me quedo para el pr\u00f3ximo a\u00f1o y esperamos que los pr\u00f3ximos a\u00f1os. \u00ab<\/strong><\/p>\n<div class=\"sharedaddy sd-sharing-enabled\"><div class=\"robots-nocontent sd-block sd-social sd-social-official sd-sharing\"><h3 class=\"sd-title\">Opciones Sociales:<\/h3><div class=\"sd-content\"><ul><li class=\"share-facebook\"><div class=\"fb-share-button\" data-href=\"http:\/\/www.michael-schumacher.es\/noticias-f1\/2012\/08\/06\/senna-quiere-mejorar-sus-calificaciones\/\" data-layout=\"button_count\"><\/div><\/li><li class=\"share-twitter\"><a href=\"https:\/\/twitter.com\/share\" class=\"twitter-share-button\" data-url=\"http:\/\/www.michael-schumacher.es\/noticias-f1\/2012\/08\/06\/senna-quiere-mejorar-sus-calificaciones\/\" data-text=\"Senna quiere mejorar sus calificaciones\"  >Tweet<\/a><\/li><li class=\"share-email\"><a rel=\"nofollow noopener noreferrer\" data-shared=\"\" class=\"share-email sd-button\" href=\"http:\/\/www.michael-schumacher.es\/noticias-f1\/2012\/08\/06\/senna-quiere-mejorar-sus-calificaciones\/?share=email\" target=\"_blank\" title=\"Haz clic para enviar por correo electr\u00f3nico a un amigo\"><span>Correo electr\u00f3nico<\/span><\/a><\/li><li class=\"share-end\"><\/li><\/ul><\/div><\/div><\/div>","protected":false},"excerpt":{"rendered":"<p>Bruno Senna es consciente que necesita mejorar sus calificaciones para asegurar su continuidad en el equipo.El brasile\u00f1o Bruno Senna cree que puede asegurar su futuro con el equipo Williams, si se repite la forma que lo llev\u00f3 a la s\u00e9ptima posici\u00f3n en el Gran Premio de Hungr\u00eda.El sobrino del legendario tres veces campe\u00f3n Ayrton Senna, [&hellip;]<\/p>\n<div class=\"sharedaddy sd-sharing-enabled\"><div class=\"robots-nocontent sd-block sd-social sd-social-official sd-sharing\"><h3 class=\"sd-title\">Opciones Sociales:<\/h3><div class=\"sd-content\"><ul><li class=\"share-facebook\"><div class=\"fb-share-button\" data-href=\"http:\/\/www.michael-schumacher.es\/noticias-f1\/2012\/08\/06\/senna-quiere-mejorar-sus-calificaciones\/\" data-layout=\"button_count\"><\/div><\/li><li class=\"share-twitter\"><a href=\"https:\/\/twitter.com\/share\" class=\"twitter-share-button\" data-url=\"http:\/\/www.michael-schumacher.es\/noticias-f1\/2012\/08\/06\/senna-quiere-mejorar-sus-calificaciones\/\" data-text=\"Senna quiere mejorar sus calificaciones\"  >Tweet<\/a><\/li><li class=\"share-email\"><a rel=\"nofollow noopener noreferrer\" data-shared=\"\" class=\"share-email sd-button\" href=\"http:\/\/www.michael-schumacher.es\/noticias-f1\/2012\/08\/06\/senna-quiere-mejorar-sus-calificaciones\/?share=email\" target=\"_blank\" title=\"Haz clic para enviar por correo electr\u00f3nico a un amigo\"><span>Correo electr\u00f3nico<\/span><\/a><\/li><li class=\"share-end\"><\/li><\/ul><\/div><\/div><\/div>","protected":false},"author":3,"featured_media":0,"comment_status":"open","ping_status":"open","sticky":false,"template":"","format":"standard","meta":{"_monsterinsights_skip_tracking":false,"_monsterinsights_sitenote_active":false,"_monsterinsights_sitenote_note":"","_monsterinsights_sitenote_category":0,"spay_email":"","jetpack_publicize_message":"","jetpack_is_tweetstorm":false,"jetpack_publicize_feature_enabled":true},"categories":[3],"tags":[373,94,736,158,486,381,189,557,428,6,592,96,95,93],"jetpack_featured_media_url":"","jetpack_publicize_connections":[],"jetpack_sharing_enabled":true,"jetpack_shortlink":"https:\/\/wp.me\/p27q3P-FD","_links":{"self":[{"href":"http:\/\/www.michael-schumacher.es\/noticias-f1\/wp-json\/wp\/v2\/posts\/2581"}],"collection":[{"href":"http:\/\/www.michael-schumacher.es\/noticias-f1\/wp-json\/wp\/v2\/posts"}],"about":[{"href":"http:\/\/www.michael-schumacher.es\/noticias-f1\/wp-json\/wp\/v2\/types\/post"}],"author":[{"embeddable":true,"href":"http:\/\/www.michael-schumacher.es\/noticias-f1\/wp-json\/wp\/v2\/users\/3"}],"replies":[{"embeddable":true,"href":"http:\/\/www.michael-schumacher.es\/noticias-f1\/wp-json\/wp\/v2\/comments?post=2581"}],"version-history":[{"count":0,"href":"http:\/\/www.michael-schumacher.es\/noticias-f1\/wp-json\/wp\/v2\/posts\/2581\/revisions"}],"wp:attachment":[{"href":"http:\/\/www.michael-schumacher.es\/noticias-f1\/wp-json\/wp\/v2\/media?parent=2581"}],"wp:term":[{"taxonomy":"category","embeddable":true,"href":"http:\/\/www.michael-schumacher.es\/noticias-f1\/wp-json\/wp\/v2\/categories?post=2581"},{"taxonomy":"post_tag","embeddable":true,"href":"http:\/\/www.michael-schumacher.es\/noticias-f1\/wp-json\/wp\/v2\/tags?post=2581"}],"curies":[{"name":"wp","href":"https:\/\/api.w.org\/{rel}","templated":true}]}}