{"id":2595,"date":"2012-08-07T10:50:11","date_gmt":"2012-08-07T08:50:11","guid":{"rendered":"http:\/\/www.michael-schumacher.es\/noticias-f1\/?p=2595"},"modified":"2012-08-07T10:50:11","modified_gmt":"2012-08-07T08:50:11","slug":"ricciardo-espera-quedarse-en-toro-rosso","status":"publish","type":"post","link":"http:\/\/www.michael-schumacher.es\/noticias-f1\/2012\/08\/07\/ricciardo-espera-quedarse-en-toro-rosso\/","title":{"rendered":"Ricciardo espera quedarse en Toro Rosso"},"content":{"rendered":"<p><img loading=\"lazy\" class=\"alignleft\" title=\"Toro Rosso\" src=\"http:\/\/img.michael-schumacher.es\/noticias-f1\/toro-rosso\/toro-rosso-1-mini.jpg\" alt=\"\" width=\"202\" height=\"100\" \/>En su primera temporada con Toro Rosso, Ricciardo esta haciendo una temporada bastante buena con, pese a que en carrera su compa\u00f1ero Jean-\u00c9ric Vergne, suele ganarle la partida, en clasificaci\u00f3n se defiende mejor y conf\u00eda continuar con el \u00a0equipo de Faenza este a\u00f1o.<\/p>\n<p><!--more--> <!--noteaser--><\/p>\n<p><img loading=\"lazy\" class=\"aligncenter\" title=\"Toro Rosso\" src=\"http:\/\/img.michael-schumacher.es\/noticias-f1\/toro-rosso\/toro-rosso-1.jpg\" alt=\"\" width=\"605\" height=\"300\" \/><\/p>\n<p>En su primera temporada con Toro Rosso, Ricciardo esta haciendo una temporada bastante buena con, pese a que en carrera su compa\u00f1ero Jean-\u00c9ric Vergne, suele ganarle la partida, en clasificaci\u00f3n se defiende mejor y conf\u00eda continuar con el \u00a0equipo de Faenza este a\u00f1o.<\/p>\n<p>&nbsp;<\/p>\n<p>Una vez que la renovaci\u00f3n de Mark Webber es un hecho y pasar a Red Bull es imposible, el piloto conf\u00eda en su talento y tener tiempo para demostrarlo, ya que la renovaci\u00f3n de Webber no parece ser una sorpresa para el: <strong>\u00abSab\u00eda que hab\u00eda mucho que hacer. Nunca cre\u00ed que ocurrir\u00eda ,fichar por Red Bull, al menos para la siguiente temporada. S\u00e9 que este a\u00f1o tengo veinte carreras para demostrar que puedo hacer algo extraordinario y conseguir el asiento\u00bb,<\/strong> dijo Ricciardo.<\/p>\n<p>&nbsp;<\/p>\n<p>Por esto el piloto basa su inter\u00e9s y sus esperanzas en mantenerse en el equipo Toro Rosso y seguir mejorando: <strong>\u201cYo dir\u00eda que debo ser renovada a menos que las pr\u00f3ximas carreras sean \u00a0un verdadero desastre, las calificaciones siempre han ido bien para m\u00ed, aunque tengo un poco menos de \u00a0regularidad en la carrera, pero si me las arreglo para jugar lo mejor posible el Gran Premio con fuertes sesiones de calificaci\u00f3n, creo sinceramente que he hecho todo lo posible para demostrar a Toro Rosso, que merezco ser renovado. Ser\u00eda bonito jugar una segunda temporada con ellos porque todav\u00eda tengo mucho que aprender. Soy feliz en este equipo. \u00ab<\/strong><\/p>\n<p>&nbsp;<\/p>\n<p>El equipo Toro Rosso, siempre es uno de los \u00faltimos equipos de F\u00f3rmula 1 que m\u00e1s tarde\u00a0 confirma a sus pilotos, as\u00ed que puede que Ricciardo tenga que esperar meses esa esperada confirmaci\u00f3n: <strong>\u00bb La decisi\u00f3n siempre viene a finales de a\u00f1o , dice el australiano. Puesto que soy parte del programa de Red Bull, siempre ten\u00eda que esperar al menos hasta noviembre para ver lo que mi pr\u00f3xima temporada pasar\u00eda, \u00a0estar\u00eda realmente sorprendido si el\u00a0 anuncio se realizara antes de noviembre. Una vez m\u00e1s, creo que hay que tener paciencia. \u00ab<\/strong><\/p>\n<div class=\"sharedaddy sd-sharing-enabled\"><div class=\"robots-nocontent sd-block sd-social sd-social-official sd-sharing\"><h3 class=\"sd-title\">Opciones Sociales:<\/h3><div class=\"sd-content\"><ul><li class=\"share-facebook\"><div class=\"fb-share-button\" data-href=\"http:\/\/www.michael-schumacher.es\/noticias-f1\/2012\/08\/07\/ricciardo-espera-quedarse-en-toro-rosso\/\" data-layout=\"button_count\"><\/div><\/li><li class=\"share-twitter\"><a href=\"https:\/\/twitter.com\/share\" class=\"twitter-share-button\" data-url=\"http:\/\/www.michael-schumacher.es\/noticias-f1\/2012\/08\/07\/ricciardo-espera-quedarse-en-toro-rosso\/\" data-text=\"Ricciardo espera quedarse en Toro Rosso\"  >Tweet<\/a><\/li><li class=\"share-email\"><a rel=\"nofollow noopener noreferrer\" data-shared=\"\" class=\"share-email sd-button\" href=\"http:\/\/www.michael-schumacher.es\/noticias-f1\/2012\/08\/07\/ricciardo-espera-quedarse-en-toro-rosso\/?share=email\" target=\"_blank\" title=\"Haz clic para enviar por correo electr\u00f3nico a un amigo\"><span>Correo electr\u00f3nico<\/span><\/a><\/li><li class=\"share-end\"><\/li><\/ul><\/div><\/div><\/div>","protected":false},"excerpt":{"rendered":"<p>En su primera temporada con Toro Rosso, Ricciardo esta haciendo una temporada bastante buena con, pese a que en carrera su compa\u00f1ero Jean-\u00c9ric Vergne, suele ganarle la partida, en clasificaci\u00f3n se defiende mejor y conf\u00eda continuar con el \u00a0equipo de Faenza este a\u00f1o.<\/p>\n<div class=\"sharedaddy sd-sharing-enabled\"><div class=\"robots-nocontent sd-block sd-social sd-social-official sd-sharing\"><h3 class=\"sd-title\">Opciones Sociales:<\/h3><div class=\"sd-content\"><ul><li class=\"share-facebook\"><div class=\"fb-share-button\" data-href=\"http:\/\/www.michael-schumacher.es\/noticias-f1\/2012\/08\/07\/ricciardo-espera-quedarse-en-toro-rosso\/\" data-layout=\"button_count\"><\/div><\/li><li class=\"share-twitter\"><a href=\"https:\/\/twitter.com\/share\" class=\"twitter-share-button\" data-url=\"http:\/\/www.michael-schumacher.es\/noticias-f1\/2012\/08\/07\/ricciardo-espera-quedarse-en-toro-rosso\/\" data-text=\"Ricciardo espera quedarse en Toro Rosso\"  >Tweet<\/a><\/li><li class=\"share-email\"><a rel=\"nofollow noopener noreferrer\" data-shared=\"\" class=\"share-email sd-button\" href=\"http:\/\/www.michael-schumacher.es\/noticias-f1\/2012\/08\/07\/ricciardo-espera-quedarse-en-toro-rosso\/?share=email\" target=\"_blank\" title=\"Haz clic para enviar por correo electr\u00f3nico a un amigo\"><span>Correo electr\u00f3nico<\/span><\/a><\/li><li class=\"share-end\"><\/li><\/ul><\/div><\/div><\/div>","protected":false},"author":3,"featured_media":0,"comment_status":"open","ping_status":"open","sticky":false,"template":"","format":"standard","meta":{"_monsterinsights_skip_tracking":false,"_monsterinsights_sitenote_active":false,"_monsterinsights_sitenote_note":"","_monsterinsights_sitenote_category":0,"spay_email":"","jetpack_publicize_message":"","jetpack_is_tweetstorm":false,"jetpack_publicize_feature_enabled":true},"categories":[3],"tags":[373,442,101,381,17,15,6,102,103],"jetpack_featured_media_url":"","jetpack_publicize_connections":[],"jetpack_sharing_enabled":true,"jetpack_shortlink":"https:\/\/wp.me\/p27q3P-FR","_links":{"self":[{"href":"http:\/\/www.michael-schumacher.es\/noticias-f1\/wp-json\/wp\/v2\/posts\/2595"}],"collection":[{"href":"http:\/\/www.michael-schumacher.es\/noticias-f1\/wp-json\/wp\/v2\/posts"}],"about":[{"href":"http:\/\/www.michael-schumacher.es\/noticias-f1\/wp-json\/wp\/v2\/types\/post"}],"author":[{"embeddable":true,"href":"http:\/\/www.michael-schumacher.es\/noticias-f1\/wp-json\/wp\/v2\/users\/3"}],"replies":[{"embeddable":true,"href":"http:\/\/www.michael-schumacher.es\/noticias-f1\/wp-json\/wp\/v2\/comments?post=2595"}],"version-history":[{"count":0,"href":"http:\/\/www.michael-schumacher.es\/noticias-f1\/wp-json\/wp\/v2\/posts\/2595\/revisions"}],"wp:attachment":[{"href":"http:\/\/www.michael-schumacher.es\/noticias-f1\/wp-json\/wp\/v2\/media?parent=2595"}],"wp:term":[{"taxonomy":"category","embeddable":true,"href":"http:\/\/www.michael-schumacher.es\/noticias-f1\/wp-json\/wp\/v2\/categories?post=2595"},{"taxonomy":"post_tag","embeddable":true,"href":"http:\/\/www.michael-schumacher.es\/noticias-f1\/wp-json\/wp\/v2\/tags?post=2595"}],"curies":[{"name":"wp","href":"https:\/\/api.w.org\/{rel}","templated":true}]}}