{"id":2775,"date":"2012-08-13T13:15:49","date_gmt":"2012-08-13T11:15:49","guid":{"rendered":"http:\/\/www.michael-schumacher.es\/noticias-f1\/?p=2775"},"modified":"2012-08-13T13:15:49","modified_gmt":"2012-08-13T11:15:49","slug":"maldonado-se-golpea-en-la-demostracion-en-caracas","status":"publish","type":"post","link":"http:\/\/www.michael-schumacher.es\/noticias-f1\/2012\/08\/13\/maldonado-se-golpea-en-la-demostracion-en-caracas\/","title":{"rendered":"Maldonado se golpea en la  demostraci\u00f3n en Caracas"},"content":{"rendered":"<p><a href=\"http:\/\/www.michael-schumacher.es\/noticias-f1\/wp-content\/uploads\/2012\/08\/maldonado-1-mini.jpg\"><img loading=\"lazy\" class=\"alignleft size-full wp-image-2736\" title=\"maldonado-1-mini\" src=\"http:\/\/www.michael-schumacher.es\/noticias-f1\/wp-content\/uploads\/2012\/08\/maldonado-1-mini.jpg\" alt=\"\" width=\"200\" height=\"100\" \/><\/a>El piloto venezolano, \u00a0durante una carrera de demostraci\u00f3n en Caracas. Despu\u00e9s de s\u00f3lo dos pases en el circuito temporal dibujado alrededor de Los Pr\u00f3ceres, el venezolano se sali\u00f3 y da\u00f1\u00f3 su coche en una acera.<\/p>\n<p><!--more--> <!--noteaser--><\/p>\n<p><a href=\"http:\/\/www.michael-schumacher.es\/noticias-f1\/wp-content\/uploads\/2012\/08\/maldonado-1.jpg\"><img loading=\"lazy\" class=\"aligncenter size-full wp-image-2737\" title=\"maldonado-1\" src=\"http:\/\/www.michael-schumacher.es\/noticias-f1\/wp-content\/uploads\/2012\/08\/maldonado-1.jpg\" alt=\"\" width=\"605\" height=\"300\" srcset=\"http:\/\/www.michael-schumacher.es\/noticias-f1\/wp-content\/uploads\/2012\/08\/maldonado-1.jpg 605w, http:\/\/www.michael-schumacher.es\/noticias-f1\/wp-content\/uploads\/2012\/08\/maldonado-1-300x148.jpg 300w\" sizes=\"(max-width: 605px) 100vw, 605px\" \/><\/a><\/p>\n<p>El piloto venezolano, \u00a0durante una carrera de demostraci\u00f3n en Caracas. Despu\u00e9s de s\u00f3lo dos pases en el circuito temporal dibujado alrededor de Los Pr\u00f3ceres, el venezolano se sali\u00f3 y da\u00f1\u00f3 su coche en una acera.<\/p>\n<p>&nbsp;<\/p>\n<p>Maldonado se ha convertido en un icono nacional en su pa\u00eds natal desde que gan\u00f3 el Gran Premio espa\u00f1ol a principios de este a\u00f1o, la primera vez que un venezolano tiene cada vez gan\u00f3 una carrera de F1.<\/p>\n<p>&nbsp;<\/p>\n<p>Estaba planeado hacer 12 vueltas sobre Los Pr\u00f3ceres, el monumento nacional m\u00e1s conocido de Caracas\u00a0 pero tuvo un final prematuro cuando, \u00a0se estrell\u00f3 con su Williams en apenas su segunda vuelta. Su compatriota Rodolfo Gonz\u00e1lez amenizo el evento y logro completar ocho vueltas en su GP2.<\/p>\n<p>&nbsp;<\/p>\n<p>Maldonado hab\u00eda declarado lo feliz que este \u00a0viaje de seis d\u00edas a su pa\u00eds de origen con el Williams F1 Team, le hac\u00eda: <strong>\u00abYo soy un orgulloso venezolano y no puedo esperar para volver a casa despu\u00e9s de mi victoria a principios de esta temporada en el Gran Premio Espa\u00f1ol. Siempre he recibido mucho apoyo de mis compatriotas y este viaje es una oportunidad de devolver algo a los de Venezuela, quienes me han ayudado a llegar a donde estoy hoy. \u00ab<\/strong><\/p>\n<p>&nbsp;<\/p>\n<p>El evento finalizo, con una fuerte tormenta el\u00e9ctrica por calor, causando un rayo intenso, termin\u00f3 la concentraci\u00f3n, momentos \u00a0despu\u00e9s de la exhibici\u00f3n de Gonz\u00e1lez.<\/p>\n<div class=\"sharedaddy sd-sharing-enabled\"><div class=\"robots-nocontent sd-block sd-social sd-social-official sd-sharing\"><h3 class=\"sd-title\">Opciones Sociales:<\/h3><div class=\"sd-content\"><ul><li class=\"share-facebook\"><div class=\"fb-share-button\" data-href=\"http:\/\/www.michael-schumacher.es\/noticias-f1\/2012\/08\/13\/maldonado-se-golpea-en-la-demostracion-en-caracas\/\" data-layout=\"button_count\"><\/div><\/li><li class=\"share-twitter\"><a href=\"https:\/\/twitter.com\/share\" class=\"twitter-share-button\" data-url=\"http:\/\/www.michael-schumacher.es\/noticias-f1\/2012\/08\/13\/maldonado-se-golpea-en-la-demostracion-en-caracas\/\" data-text=\"Maldonado se golpea en la  demostraci\u00f3n en Caracas\"  >Tweet<\/a><\/li><li class=\"share-email\"><a rel=\"nofollow noopener noreferrer\" data-shared=\"\" class=\"share-email sd-button\" href=\"http:\/\/www.michael-schumacher.es\/noticias-f1\/2012\/08\/13\/maldonado-se-golpea-en-la-demostracion-en-caracas\/?share=email\" target=\"_blank\" title=\"Haz clic para enviar por correo electr\u00f3nico a un amigo\"><span>Correo electr\u00f3nico<\/span><\/a><\/li><li class=\"share-end\"><\/li><\/ul><\/div><\/div><\/div>","protected":false},"excerpt":{"rendered":"<p>El piloto venezolano, \u00a0durante una carrera de demostraci\u00f3n en Caracas. Despu\u00e9s de s\u00f3lo dos pases en el circuito temporal dibujado alrededor de Los Pr\u00f3ceres, el venezolano se sali\u00f3 y da\u00f1\u00f3 su coche en una acera.<\/p>\n<div class=\"sharedaddy sd-sharing-enabled\"><div class=\"robots-nocontent sd-block sd-social sd-social-official sd-sharing\"><h3 class=\"sd-title\">Opciones Sociales:<\/h3><div class=\"sd-content\"><ul><li class=\"share-facebook\"><div class=\"fb-share-button\" data-href=\"http:\/\/www.michael-schumacher.es\/noticias-f1\/2012\/08\/13\/maldonado-se-golpea-en-la-demostracion-en-caracas\/\" data-layout=\"button_count\"><\/div><\/li><li class=\"share-twitter\"><a href=\"https:\/\/twitter.com\/share\" class=\"twitter-share-button\" data-url=\"http:\/\/www.michael-schumacher.es\/noticias-f1\/2012\/08\/13\/maldonado-se-golpea-en-la-demostracion-en-caracas\/\" data-text=\"Maldonado se golpea en la  demostraci\u00f3n en Caracas\"  >Tweet<\/a><\/li><li class=\"share-email\"><a rel=\"nofollow noopener noreferrer\" data-shared=\"\" class=\"share-email sd-button\" href=\"http:\/\/www.michael-schumacher.es\/noticias-f1\/2012\/08\/13\/maldonado-se-golpea-en-la-demostracion-en-caracas\/?share=email\" target=\"_blank\" title=\"Haz clic para enviar por correo electr\u00f3nico a un amigo\"><span>Correo electr\u00f3nico<\/span><\/a><\/li><li class=\"share-end\"><\/li><\/ul><\/div><\/div><\/div>","protected":false},"author":3,"featured_media":0,"comment_status":"open","ping_status":"open","sticky":false,"template":"","format":"standard","meta":{"_monsterinsights_skip_tracking":false,"_monsterinsights_sitenote_active":false,"_monsterinsights_sitenote_note":"","_monsterinsights_sitenote_category":0,"spay_email":"","jetpack_publicize_message":"","jetpack_is_tweetstorm":false,"jetpack_publicize_feature_enabled":true},"categories":[3],"tags":[464,858,277,17,15,97,96,859,816,93],"jetpack_featured_media_url":"","jetpack_publicize_connections":[],"jetpack_sharing_enabled":true,"jetpack_shortlink":"https:\/\/wp.me\/p27q3P-IL","_links":{"self":[{"href":"http:\/\/www.michael-schumacher.es\/noticias-f1\/wp-json\/wp\/v2\/posts\/2775"}],"collection":[{"href":"http:\/\/www.michael-schumacher.es\/noticias-f1\/wp-json\/wp\/v2\/posts"}],"about":[{"href":"http:\/\/www.michael-schumacher.es\/noticias-f1\/wp-json\/wp\/v2\/types\/post"}],"author":[{"embeddable":true,"href":"http:\/\/www.michael-schumacher.es\/noticias-f1\/wp-json\/wp\/v2\/users\/3"}],"replies":[{"embeddable":true,"href":"http:\/\/www.michael-schumacher.es\/noticias-f1\/wp-json\/wp\/v2\/comments?post=2775"}],"version-history":[{"count":0,"href":"http:\/\/www.michael-schumacher.es\/noticias-f1\/wp-json\/wp\/v2\/posts\/2775\/revisions"}],"wp:attachment":[{"href":"http:\/\/www.michael-schumacher.es\/noticias-f1\/wp-json\/wp\/v2\/media?parent=2775"}],"wp:term":[{"taxonomy":"category","embeddable":true,"href":"http:\/\/www.michael-schumacher.es\/noticias-f1\/wp-json\/wp\/v2\/categories?post=2775"},{"taxonomy":"post_tag","embeddable":true,"href":"http:\/\/www.michael-schumacher.es\/noticias-f1\/wp-json\/wp\/v2\/tags?post=2775"}],"curies":[{"name":"wp","href":"https:\/\/api.w.org\/{rel}","templated":true}]}}