{"id":2850,"date":"2012-08-15T20:45:31","date_gmt":"2012-08-15T18:45:31","guid":{"rendered":"http:\/\/www.michael-schumacher.es\/noticias-f1\/?p=2850"},"modified":"2012-08-15T20:45:31","modified_gmt":"2012-08-15T18:45:31","slug":"lewis-hamilton-es-ahora-es-mas-fuerte-ha-trabajado-en-todos-los-frentes","status":"publish","type":"post","link":"http:\/\/www.michael-schumacher.es\/noticias-f1\/2012\/08\/15\/lewis-hamilton-es-ahora-es-mas-fuerte-ha-trabajado-en-todos-los-frentes\/","title":{"rendered":"Lewis Hamilton es ahora es m\u00e1s fuerte, ha trabajado en todos los frentes"},"content":{"rendered":"<p><a href=\"http:\/\/www.michael-schumacher.es\/noticias-f1\/wp-content\/uploads\/2012\/08\/david_sarro.hamilton-1-mini.jpg\"><img loading=\"lazy\" class=\"alignleft size-full wp-image-2449\" title=\"Lewis Hamilton 1 - miniatura\" src=\"http:\/\/www.michael-schumacher.es\/noticias-f1\/wp-content\/uploads\/2012\/08\/david_sarro.hamilton-1-mini.jpg\" alt=\"\" width=\"200\" height=\"133\" \/><\/a>Hamilton ha declarado tener ahora una vida personal m\u00e1s tranquila \u00a0y una mejores relaciones con su equipo McLaren lo que considera factores muy importantes \u00a0para su regreso a la \u00a0mejor forma en el a\u00f1o 2012: <strong>\u00abYo no tengo ning\u00fan problema en particular en mi vida privada, o de cualquier equipaje, el a\u00f1o pasado que ten\u00eda un saco grande, por fortuna lo he vertido en el basurero y todo est\u00e1 bien ahora. Tambi\u00e9n creo que he fortalecido mis relaciones con la gente, no s\u00f3lo en mi vida personal, sino tambi\u00e9n dentro de mi equipo. Trabajo mejor y m\u00e1s con los ingenieros este a\u00f1o y todo esto ha ayudado\u201d.<\/strong><\/p>\n<p><!--more--> <!--noteaser--><\/p>\n<p><a href=\"http:\/\/www.michael-schumacher.es\/noticias-f1\/wp-content\/uploads\/2012\/08\/david_sarro.hamilton-1.jpg\"><img loading=\"lazy\" class=\"aligncenter size-full wp-image-2448\" title=\"Lewis Hamilton 1\" src=\"http:\/\/www.michael-schumacher.es\/noticias-f1\/wp-content\/uploads\/2012\/08\/david_sarro.hamilton-1.jpg\" alt=\"\" width=\"600\" height=\"400\" srcset=\"http:\/\/www.michael-schumacher.es\/noticias-f1\/wp-content\/uploads\/2012\/08\/david_sarro.hamilton-1.jpg 600w, http:\/\/www.michael-schumacher.es\/noticias-f1\/wp-content\/uploads\/2012\/08\/david_sarro.hamilton-1-300x200.jpg 300w\" sizes=\"(max-width: 600px) 100vw, 600px\" \/><\/a><\/p>\n<p>Hamilton ha declarado tener ahora una vida personal m\u00e1s tranquila \u00a0y una mejores relaciones con su equipo McLaren lo que considera factores muy importantes \u00a0para su regreso a la \u00a0mejor forma en el a\u00f1o 2012: <strong>\u00abYo no tengo ning\u00fan problema en particular en mi vida privada, o de cualquier equipaje, el a\u00f1o pasado que ten\u00eda un saco grande, por fortuna lo he vertido en el basurero y todo est\u00e1 bien ahora. Tambi\u00e9n creo que he fortalecido mis relaciones con la gente, no s\u00f3lo en mi vida personal, sino tambi\u00e9n dentro de mi equipo. Trabajo mejor y m\u00e1s con los ingenieros este a\u00f1o y todo esto ha ayudado\u201d.<\/strong><\/p>\n<p>&nbsp;<\/p>\n<p>El piloto tuvo un dura temporada 2011, aunque gan\u00f3 tres grandes premios, \u00e9l tambi\u00e9n paso por una serie de incidentes y fue superado por su compa\u00f1ero Jenson Button. que le gano por tres posiciones en la tabla de puntos. Hamilton demuestra gran honestidad reconociendo que no todo estaba bien a nivel personal o profesional, algo que no es tan habitual para un piloto de F1, a los que se acostumbra a observar como personas muy orgullosas.<\/p>\n<p>&nbsp;<\/p>\n<p>Pero Hamilton ha analizado sus problemas y ha encontrado soluciones a los errores, la honestidad es un valor reconocido tambi\u00e9n en piloto, brit\u00e1nico: \u201c<strong>Cada a\u00f1o, cuando se termina una temporada, se trata de analizar aquello que hiciste y aprender de los aspectos positivos. \u00a0A continuaci\u00f3n, tratamos de canalizar para mejorar las cosas que no se han hecho bien o no van bien. Siempre he sido honesto y dijo que es una combinaci\u00f3n de cosas, no solo las que suceden en un circuito, sino tambi\u00e9n en la \u00a0vida personal como el tiempo dedicado en casa, con amigos, cosas as\u00ed. \u00ab<\/strong><\/p>\n<p>&nbsp;<\/p>\n<p><strong>Imagen:<\/strong> David Sarr\u00f3<\/p>\n<div class=\"sharedaddy sd-sharing-enabled\"><div class=\"robots-nocontent sd-block sd-social sd-social-official sd-sharing\"><h3 class=\"sd-title\">Opciones Sociales:<\/h3><div class=\"sd-content\"><ul><li class=\"share-facebook\"><div class=\"fb-share-button\" data-href=\"http:\/\/www.michael-schumacher.es\/noticias-f1\/2012\/08\/15\/lewis-hamilton-es-ahora-es-mas-fuerte-ha-trabajado-en-todos-los-frentes\/\" data-layout=\"button_count\"><\/div><\/li><li class=\"share-twitter\"><a href=\"https:\/\/twitter.com\/share\" class=\"twitter-share-button\" data-url=\"http:\/\/www.michael-schumacher.es\/noticias-f1\/2012\/08\/15\/lewis-hamilton-es-ahora-es-mas-fuerte-ha-trabajado-en-todos-los-frentes\/\" data-text=\"Lewis Hamilton es ahora es m\u00e1s fuerte, ha trabajado en todos los frentes\"  >Tweet<\/a><\/li><li class=\"share-email\"><a rel=\"nofollow noopener noreferrer\" data-shared=\"\" class=\"share-email sd-button\" href=\"http:\/\/www.michael-schumacher.es\/noticias-f1\/2012\/08\/15\/lewis-hamilton-es-ahora-es-mas-fuerte-ha-trabajado-en-todos-los-frentes\/?share=email\" target=\"_blank\" title=\"Haz clic para enviar por correo electr\u00f3nico a un amigo\"><span>Correo electr\u00f3nico<\/span><\/a><\/li><li class=\"share-end\"><\/li><\/ul><\/div><\/div><\/div>","protected":false},"excerpt":{"rendered":"<p>Hamilton ha declarado tener ahora una vida personal m\u00e1s tranquila \u00a0y una mejores relaciones con su equipo McLaren lo que considera factores muy importantes \u00a0para su regreso a la \u00a0mejor forma en el a\u00f1o 2012: \u00abYo no tengo ning\u00fan problema en particular en mi vida privada, o de cualquier equipaje, el a\u00f1o pasado que ten\u00eda [&hellip;]<\/p>\n<div class=\"sharedaddy sd-sharing-enabled\"><div class=\"robots-nocontent sd-block sd-social sd-social-official sd-sharing\"><h3 class=\"sd-title\">Opciones Sociales:<\/h3><div class=\"sd-content\"><ul><li class=\"share-facebook\"><div class=\"fb-share-button\" data-href=\"http:\/\/www.michael-schumacher.es\/noticias-f1\/2012\/08\/15\/lewis-hamilton-es-ahora-es-mas-fuerte-ha-trabajado-en-todos-los-frentes\/\" data-layout=\"button_count\"><\/div><\/li><li class=\"share-twitter\"><a href=\"https:\/\/twitter.com\/share\" class=\"twitter-share-button\" data-url=\"http:\/\/www.michael-schumacher.es\/noticias-f1\/2012\/08\/15\/lewis-hamilton-es-ahora-es-mas-fuerte-ha-trabajado-en-todos-los-frentes\/\" data-text=\"Lewis Hamilton es ahora es m\u00e1s fuerte, ha trabajado en todos los frentes\"  >Tweet<\/a><\/li><li class=\"share-email\"><a rel=\"nofollow noopener noreferrer\" data-shared=\"\" class=\"share-email sd-button\" href=\"http:\/\/www.michael-schumacher.es\/noticias-f1\/2012\/08\/15\/lewis-hamilton-es-ahora-es-mas-fuerte-ha-trabajado-en-todos-los-frentes\/?share=email\" target=\"_blank\" title=\"Haz clic para enviar por correo electr\u00f3nico a un amigo\"><span>Correo electr\u00f3nico<\/span><\/a><\/li><li class=\"share-end\"><\/li><\/ul><\/div><\/div><\/div>","protected":false},"author":3,"featured_media":0,"comment_status":"open","ping_status":"open","sticky":false,"template":"","format":"standard","meta":{"_monsterinsights_skip_tracking":false,"_monsterinsights_sitenote_active":false,"_monsterinsights_sitenote_note":"","_monsterinsights_sitenote_category":0,"spay_email":"","jetpack_publicize_message":"","jetpack_is_tweetstorm":false,"jetpack_publicize_feature_enabled":true},"categories":[3],"tags":[17,15,917,11,10,916,138,892,283,423,918],"jetpack_featured_media_url":"","jetpack_publicize_connections":[],"jetpack_sharing_enabled":true,"jetpack_shortlink":"https:\/\/wp.me\/p27q3P-JY","_links":{"self":[{"href":"http:\/\/www.michael-schumacher.es\/noticias-f1\/wp-json\/wp\/v2\/posts\/2850"}],"collection":[{"href":"http:\/\/www.michael-schumacher.es\/noticias-f1\/wp-json\/wp\/v2\/posts"}],"about":[{"href":"http:\/\/www.michael-schumacher.es\/noticias-f1\/wp-json\/wp\/v2\/types\/post"}],"author":[{"embeddable":true,"href":"http:\/\/www.michael-schumacher.es\/noticias-f1\/wp-json\/wp\/v2\/users\/3"}],"replies":[{"embeddable":true,"href":"http:\/\/www.michael-schumacher.es\/noticias-f1\/wp-json\/wp\/v2\/comments?post=2850"}],"version-history":[{"count":0,"href":"http:\/\/www.michael-schumacher.es\/noticias-f1\/wp-json\/wp\/v2\/posts\/2850\/revisions"}],"wp:attachment":[{"href":"http:\/\/www.michael-schumacher.es\/noticias-f1\/wp-json\/wp\/v2\/media?parent=2850"}],"wp:term":[{"taxonomy":"category","embeddable":true,"href":"http:\/\/www.michael-schumacher.es\/noticias-f1\/wp-json\/wp\/v2\/categories?post=2850"},{"taxonomy":"post_tag","embeddable":true,"href":"http:\/\/www.michael-schumacher.es\/noticias-f1\/wp-json\/wp\/v2\/tags?post=2850"}],"curies":[{"name":"wp","href":"https:\/\/api.w.org\/{rel}","templated":true}]}}