{"id":2976,"date":"2012-08-20T14:33:45","date_gmt":"2012-08-20T12:33:45","guid":{"rendered":"http:\/\/www.michael-schumacher.es\/noticias-f1\/?p=2976"},"modified":"2012-08-20T14:37:12","modified_gmt":"2012-08-20T12:37:12","slug":"piquet-grosjean-ha-tenido-suerte-este-ano","status":"publish","type":"post","link":"http:\/\/www.michael-schumacher.es\/noticias-f1\/2012\/08\/20\/piquet-grosjean-ha-tenido-suerte-este-ano\/","title":{"rendered":"Piquet: Grosjean ha tenido suerte este a\u00f1o"},"content":{"rendered":"<p><a href=\"http:\/\/www.michael-schumacher.es\/noticias-f1\/wp-content\/uploads\/2012\/08\/nelson-piquet-jr.jpg\"><img loading=\"lazy\" class=\"alignleft\" title=\"Nelson Piquet JR\" src=\"http:\/\/www.michael-schumacher.es\/noticias-f1\/wp-content\/uploads\/2012\/08\/nelson-piquet-jr.jpg\" alt=\"\" width=\"200\" height=\"120\" \/><\/a>Piquet abandono la F1 en 2009, cuando fue despedido por Renault a consecuencia de la trama del a\u00f1o 2008 en Singapur cuando choco deliberadamente, el coche contra el muro, para ayudar a la victoria de su compa\u00f1ero Fernando Alonso. Por lo que tuvo una corta y pol\u00e9mica carrera en F1.<\/p>\n<p><!--more--> <!--noteaser--><\/p>\n<p><a href=\"http:\/\/www.michael-schumacher.es\/noticias-f1\/wp-content\/uploads\/2012\/08\/nelson-piquet-jr.jpg\"><img loading=\"lazy\" class=\"aligncenter size-full wp-image-2982\" title=\"Nelson Piquet JR\" src=\"http:\/\/www.michael-schumacher.es\/noticias-f1\/wp-content\/uploads\/2012\/08\/nelson-piquet-jr.jpg\" alt=\"\" width=\"600\" height=\"349\" srcset=\"http:\/\/www.michael-schumacher.es\/noticias-f1\/wp-content\/uploads\/2012\/08\/nelson-piquet-jr.jpg 600w, http:\/\/www.michael-schumacher.es\/noticias-f1\/wp-content\/uploads\/2012\/08\/nelson-piquet-jr-300x174.jpg 300w\" sizes=\"(max-width: 600px) 100vw, 600px\" \/><\/a><\/p>\n<p>Piquet abandono la F1 en 2009, cuando fue despedido por Renault a consecuencia de la trama del a\u00f1o 2008 en Singapur cuando choco deliberadamente, el coche contra el muro, para ayudar a la victoria de su compa\u00f1ero Fernando Alonso. Por lo que tuvo una corta y pol\u00e9mica carrera en F1.<\/p>\n<p>&nbsp;<\/p>\n<p>Ahora opina sobre su antiguo equipo y \u00a0Romain Grosjean, del que dice que ha tenido la suerte de que esta temporada compite contra un compa\u00f1ero de equipo de bajo\u00a0 rendimiento, Kimi R\u00e4ikk\u00f6nen, ya que acaba de regresar a la F1.<\/p>\n<p>&nbsp;<\/p>\n<p>Nelson Piquet Jr, ex piloto del equipo de Enstone que ahora compite en el campeonato americano de la serie de Camionetas de NASCAR: <strong>\u00bb Romain ha tenido mucha suerte, est\u00e1 en un momento en que su compa\u00f1ero de equipo es un poco d\u00e9bil y que cuenta con un buen coche. No fue un buen conductor en primer paso por \u00a0F1, volvi\u00f3 a GP2, luego consigui\u00f3 un patrocinador, lo que le permiti\u00f3 volver a la F1 de piloto, se puede decir que se ha beneficiado de un momento muy bueno. Si Lotus tuviera a Fernando, iban a ganar el campeonato con este coche. Ciertamente Romain ha progresado desde su primera aparici\u00f3n en la F1, pero nada excepcional, no es nada en comparaci\u00f3n con Alonso. \u00ab<\/strong><\/p>\n<div class=\"sharedaddy sd-sharing-enabled\"><div class=\"robots-nocontent sd-block sd-social sd-social-official sd-sharing\"><h3 class=\"sd-title\">Opciones Sociales:<\/h3><div class=\"sd-content\"><ul><li class=\"share-facebook\"><div class=\"fb-share-button\" data-href=\"http:\/\/www.michael-schumacher.es\/noticias-f1\/2012\/08\/20\/piquet-grosjean-ha-tenido-suerte-este-ano\/\" data-layout=\"button_count\"><\/div><\/li><li class=\"share-twitter\"><a href=\"https:\/\/twitter.com\/share\" class=\"twitter-share-button\" data-url=\"http:\/\/www.michael-schumacher.es\/noticias-f1\/2012\/08\/20\/piquet-grosjean-ha-tenido-suerte-este-ano\/\" data-text=\"Piquet: Grosjean ha tenido suerte este a\u00f1o \"  >Tweet<\/a><\/li><li class=\"share-email\"><a rel=\"nofollow noopener noreferrer\" data-shared=\"\" class=\"share-email sd-button\" href=\"http:\/\/www.michael-schumacher.es\/noticias-f1\/2012\/08\/20\/piquet-grosjean-ha-tenido-suerte-este-ano\/?share=email\" target=\"_blank\" title=\"Haz clic para enviar por correo electr\u00f3nico a un amigo\"><span>Correo electr\u00f3nico<\/span><\/a><\/li><li class=\"share-end\"><\/li><\/ul><\/div><\/div><\/div>","protected":false},"excerpt":{"rendered":"<p>Piquet abandono la F1 en 2009, cuando fue despedido por Renault a consecuencia de la trama del a\u00f1o 2008 en Singapur cuando choco deliberadamente, el coche contra el muro, para ayudar a la victoria de su compa\u00f1ero Fernando Alonso. Por lo que tuvo una corta y pol\u00e9mica carrera en F1.<\/p>\n<div class=\"sharedaddy sd-sharing-enabled\"><div class=\"robots-nocontent sd-block sd-social sd-social-official sd-sharing\"><h3 class=\"sd-title\">Opciones Sociales:<\/h3><div class=\"sd-content\"><ul><li class=\"share-facebook\"><div class=\"fb-share-button\" data-href=\"http:\/\/www.michael-schumacher.es\/noticias-f1\/2012\/08\/20\/piquet-grosjean-ha-tenido-suerte-este-ano\/\" data-layout=\"button_count\"><\/div><\/li><li class=\"share-twitter\"><a href=\"https:\/\/twitter.com\/share\" class=\"twitter-share-button\" data-url=\"http:\/\/www.michael-schumacher.es\/noticias-f1\/2012\/08\/20\/piquet-grosjean-ha-tenido-suerte-este-ano\/\" data-text=\"Piquet: Grosjean ha tenido suerte este a\u00f1o \"  >Tweet<\/a><\/li><li class=\"share-email\"><a rel=\"nofollow noopener noreferrer\" data-shared=\"\" class=\"share-email sd-button\" href=\"http:\/\/www.michael-schumacher.es\/noticias-f1\/2012\/08\/20\/piquet-grosjean-ha-tenido-suerte-este-ano\/?share=email\" target=\"_blank\" title=\"Haz clic para enviar por correo electr\u00f3nico a un amigo\"><span>Correo electr\u00f3nico<\/span><\/a><\/li><li class=\"share-end\"><\/li><\/ul><\/div><\/div><\/div>","protected":false},"author":3,"featured_media":0,"comment_status":"open","ping_status":"open","sticky":false,"template":"","format":"standard","meta":{"_monsterinsights_skip_tracking":false,"_monsterinsights_sitenote_active":false,"_monsterinsights_sitenote_note":"","_monsterinsights_sitenote_category":0,"spay_email":"","jetpack_publicize_message":"","jetpack_is_tweetstorm":false,"jetpack_publicize_feature_enabled":true},"categories":[3],"tags":[1023,1016,17,104,15,1025,81,26,1012,1013,149,195,735,82,1022,1024,21],"jetpack_featured_media_url":"","jetpack_publicize_connections":[],"jetpack_sharing_enabled":true,"jetpack_shortlink":"https:\/\/wp.me\/p27q3P-M0","_links":{"self":[{"href":"http:\/\/www.michael-schumacher.es\/noticias-f1\/wp-json\/wp\/v2\/posts\/2976"}],"collection":[{"href":"http:\/\/www.michael-schumacher.es\/noticias-f1\/wp-json\/wp\/v2\/posts"}],"about":[{"href":"http:\/\/www.michael-schumacher.es\/noticias-f1\/wp-json\/wp\/v2\/types\/post"}],"author":[{"embeddable":true,"href":"http:\/\/www.michael-schumacher.es\/noticias-f1\/wp-json\/wp\/v2\/users\/3"}],"replies":[{"embeddable":true,"href":"http:\/\/www.michael-schumacher.es\/noticias-f1\/wp-json\/wp\/v2\/comments?post=2976"}],"version-history":[{"count":0,"href":"http:\/\/www.michael-schumacher.es\/noticias-f1\/wp-json\/wp\/v2\/posts\/2976\/revisions"}],"wp:attachment":[{"href":"http:\/\/www.michael-schumacher.es\/noticias-f1\/wp-json\/wp\/v2\/media?parent=2976"}],"wp:term":[{"taxonomy":"category","embeddable":true,"href":"http:\/\/www.michael-schumacher.es\/noticias-f1\/wp-json\/wp\/v2\/categories?post=2976"},{"taxonomy":"post_tag","embeddable":true,"href":"http:\/\/www.michael-schumacher.es\/noticias-f1\/wp-json\/wp\/v2\/tags?post=2976"}],"curies":[{"name":"wp","href":"https:\/\/api.w.org\/{rel}","templated":true}]}}