{"id":3014,"date":"2012-08-21T01:18:53","date_gmt":"2012-08-20T23:18:53","guid":{"rendered":"http:\/\/www.michael-schumacher.es\/noticias-f1\/?p=3014"},"modified":"2012-08-21T01:18:53","modified_gmt":"2012-08-20T23:18:53","slug":"tom-cotter-dimite-como-presidente-del-gp-de-estados-unidos","status":"publish","type":"post","link":"http:\/\/www.michael-schumacher.es\/noticias-f1\/2012\/08\/21\/tom-cotter-dimite-como-presidente-del-gp-de-estados-unidos\/","title":{"rendered":"Tom Cotter dimite como presidente del GP de Estados Unidos"},"content":{"rendered":"<p><a href=\"http:\/\/www.michael-schumacher.es\/noticias-f1\/wp-content\/uploads\/2012\/08\/manhattan.jpg\"><img loading=\"lazy\" class=\"alignleft\" title=\"Manhattan - F1\" src=\"http:\/\/www.michael-schumacher.es\/noticias-f1\/wp-content\/uploads\/2012\/08\/manhattan.jpg\" alt=\"\" width=\"200\" height=\"110\" \/><\/a>La dimisi\u00f3n de Tom Cotter fue anunciada en un comunicado emitido por la organizaci\u00f3n el lunes 20 de Agosto, seg\u00fan el comunicado, Cotter quiere regresar a su compa\u00f1\u00eda de promoci\u00f3n del automovilismo, con sede en Carolina del Norte y ocuparse de otros asuntos.<\/p>\n<p><!--more--> <!--noteaser--><\/p>\n<p style=\"text-align: center;\">\u00a0<a href=\"http:\/\/www.michael-schumacher.es\/noticias-f1\/wp-content\/uploads\/2012\/08\/manhattan.jpg\"><img loading=\"lazy\" class=\"aligncenter size-full wp-image-3016\" title=\"Manhattan - F1\" src=\"http:\/\/www.michael-schumacher.es\/noticias-f1\/wp-content\/uploads\/2012\/08\/manhattan.jpg\" alt=\"\" width=\"630\" height=\"350\" srcset=\"http:\/\/www.michael-schumacher.es\/noticias-f1\/wp-content\/uploads\/2012\/08\/manhattan.jpg 630w, http:\/\/www.michael-schumacher.es\/noticias-f1\/wp-content\/uploads\/2012\/08\/manhattan-300x166.jpg 300w\" sizes=\"(max-width: 630px) 100vw, 630px\" \/><\/a><\/p>\n<p>La dimisi\u00f3n de Tom Cotter fue anunciada en un comunicado emitido por la organizaci\u00f3n el lunes 20 de Agosto, seg\u00fan el comunicado, Cotter quiere regresar a su compa\u00f1\u00eda de promoci\u00f3n del automovilismo, con sede en Carolina del Norte y ocuparse de otros asuntos.<\/p>\n<p>&nbsp;<\/p>\n<p>El presidente de GP Leo Hindery Jr, dec\u00eda esto en el comunicado:<strong> \u00a0\u00abTodos estamos agradecidos por el liderazgo de Tom en traer la F\u00f3rmula Uno a Port Imperial. Durante su administraci\u00f3n que hemos hecho grandes progresos y falta menos de un a\u00f1o lejos para tener a los \u00a0mejores pilotos de este deporte en torno a nuestro circuito de calle, con la ciudad de Nueva York en el fondo. Deseamos a nuestro amigo Tom lo mejor en su regreso a casa a Carolina del Norte. \u00ab<\/strong><\/p>\n<p>&nbsp;<\/p>\n<p><strong>Tom Cotter declaraba en el comunicado: \u00abTengo plena fe en el equipo del Gran Premio de Am\u00e9rica y esperamos que se vea en estas gradas una carrera de clase mundial en 2013\u00bb<\/strong><\/p>\n<p>&nbsp;<\/p>\n<p>El Gran Premio de Estados Unidos anunci\u00f3 en octubre que hab\u00eda firmado un contrato con Bernie Ecclestone , gerente comercial de la organizaci\u00f3n de F1, \u00a0para albergar un Gran Premio, \u00a0ubicado entre Port Imperial, en Weehawken y West New York, NJ, en junio 2013.<\/p>\n<p>&nbsp;<\/p>\n<p>Los encargados del Gran Premio de Estados Unidos confirmaron ahora, que el trabajo de Cotter ser\u00e1 asumida por Richard Goldschmidt, como asistente especial del presidente del GP Leo Hindery Jr, y Dennis Robinson, director de operaciones de la compa\u00f1\u00eda.<\/p>\n<div class=\"sharedaddy sd-sharing-enabled\"><div class=\"robots-nocontent sd-block sd-social sd-social-official sd-sharing\"><h3 class=\"sd-title\">Opciones Sociales:<\/h3><div class=\"sd-content\"><ul><li class=\"share-facebook\"><div class=\"fb-share-button\" data-href=\"http:\/\/www.michael-schumacher.es\/noticias-f1\/2012\/08\/21\/tom-cotter-dimite-como-presidente-del-gp-de-estados-unidos\/\" data-layout=\"button_count\"><\/div><\/li><li class=\"share-twitter\"><a href=\"https:\/\/twitter.com\/share\" class=\"twitter-share-button\" data-url=\"http:\/\/www.michael-schumacher.es\/noticias-f1\/2012\/08\/21\/tom-cotter-dimite-como-presidente-del-gp-de-estados-unidos\/\" data-text=\"Tom Cotter dimite como presidente del GP de Estados Unidos \"  >Tweet<\/a><\/li><li class=\"share-email\"><a rel=\"nofollow noopener noreferrer\" data-shared=\"\" class=\"share-email sd-button\" href=\"http:\/\/www.michael-schumacher.es\/noticias-f1\/2012\/08\/21\/tom-cotter-dimite-como-presidente-del-gp-de-estados-unidos\/?share=email\" target=\"_blank\" title=\"Haz clic para enviar por correo electr\u00f3nico a un amigo\"><span>Correo electr\u00f3nico<\/span><\/a><\/li><li class=\"share-end\"><\/li><\/ul><\/div><\/div><\/div>","protected":false},"excerpt":{"rendered":"<p>La dimisi\u00f3n de Tom Cotter fue anunciada en un comunicado emitido por la organizaci\u00f3n el lunes 20 de Agosto, seg\u00fan el comunicado, Cotter quiere regresar a su compa\u00f1\u00eda de promoci\u00f3n del automovilismo, con sede en Carolina del Norte y ocuparse de otros asuntos.<\/p>\n<div class=\"sharedaddy sd-sharing-enabled\"><div class=\"robots-nocontent sd-block sd-social sd-social-official sd-sharing\"><h3 class=\"sd-title\">Opciones Sociales:<\/h3><div class=\"sd-content\"><ul><li class=\"share-facebook\"><div class=\"fb-share-button\" data-href=\"http:\/\/www.michael-schumacher.es\/noticias-f1\/2012\/08\/21\/tom-cotter-dimite-como-presidente-del-gp-de-estados-unidos\/\" data-layout=\"button_count\"><\/div><\/li><li class=\"share-twitter\"><a href=\"https:\/\/twitter.com\/share\" class=\"twitter-share-button\" data-url=\"http:\/\/www.michael-schumacher.es\/noticias-f1\/2012\/08\/21\/tom-cotter-dimite-como-presidente-del-gp-de-estados-unidos\/\" data-text=\"Tom Cotter dimite como presidente del GP de Estados Unidos \"  >Tweet<\/a><\/li><li class=\"share-email\"><a rel=\"nofollow noopener noreferrer\" data-shared=\"\" class=\"share-email sd-button\" href=\"http:\/\/www.michael-schumacher.es\/noticias-f1\/2012\/08\/21\/tom-cotter-dimite-como-presidente-del-gp-de-estados-unidos\/?share=email\" target=\"_blank\" title=\"Haz clic para enviar por correo electr\u00f3nico a un amigo\"><span>Correo electr\u00f3nico<\/span><\/a><\/li><li class=\"share-end\"><\/li><\/ul><\/div><\/div><\/div>","protected":false},"author":3,"featured_media":0,"comment_status":"open","ping_status":"open","sticky":false,"template":"","format":"standard","meta":{"_monsterinsights_skip_tracking":false,"_monsterinsights_sitenote_active":false,"_monsterinsights_sitenote_note":"","_monsterinsights_sitenote_category":0,"spay_email":"","jetpack_publicize_message":"","jetpack_is_tweetstorm":false,"jetpack_publicize_feature_enabled":true},"categories":[3],"tags":[908,1053,1054,434,17,1056,15,6,8,1057,1055,1052,846],"jetpack_featured_media_url":"","jetpack_publicize_connections":[],"jetpack_sharing_enabled":true,"jetpack_shortlink":"https:\/\/wp.me\/p27q3P-MC","_links":{"self":[{"href":"http:\/\/www.michael-schumacher.es\/noticias-f1\/wp-json\/wp\/v2\/posts\/3014"}],"collection":[{"href":"http:\/\/www.michael-schumacher.es\/noticias-f1\/wp-json\/wp\/v2\/posts"}],"about":[{"href":"http:\/\/www.michael-schumacher.es\/noticias-f1\/wp-json\/wp\/v2\/types\/post"}],"author":[{"embeddable":true,"href":"http:\/\/www.michael-schumacher.es\/noticias-f1\/wp-json\/wp\/v2\/users\/3"}],"replies":[{"embeddable":true,"href":"http:\/\/www.michael-schumacher.es\/noticias-f1\/wp-json\/wp\/v2\/comments?post=3014"}],"version-history":[{"count":0,"href":"http:\/\/www.michael-schumacher.es\/noticias-f1\/wp-json\/wp\/v2\/posts\/3014\/revisions"}],"wp:attachment":[{"href":"http:\/\/www.michael-schumacher.es\/noticias-f1\/wp-json\/wp\/v2\/media?parent=3014"}],"wp:term":[{"taxonomy":"category","embeddable":true,"href":"http:\/\/www.michael-schumacher.es\/noticias-f1\/wp-json\/wp\/v2\/categories?post=3014"},{"taxonomy":"post_tag","embeddable":true,"href":"http:\/\/www.michael-schumacher.es\/noticias-f1\/wp-json\/wp\/v2\/tags?post=3014"}],"curies":[{"name":"wp","href":"https:\/\/api.w.org\/{rel}","templated":true}]}}