{"id":3045,"date":"2012-08-21T15:10:47","date_gmt":"2012-08-21T13:10:47","guid":{"rendered":"http:\/\/www.michael-schumacher.es\/noticias-f1\/?p=3045"},"modified":"2012-08-21T15:10:47","modified_gmt":"2012-08-21T13:10:47","slug":"austin-no-tiene-asegurada-la-financiacion-del-gran-premio-de-formula-1-en-texas","status":"publish","type":"post","link":"http:\/\/www.michael-schumacher.es\/noticias-f1\/2012\/08\/21\/austin-no-tiene-asegurada-la-financiacion-del-gran-premio-de-formula-1-en-texas\/","title":{"rendered":"Austin no tiene asegurada la financiaci\u00f3n del Gran Premio de F\u00f3rmula 1 en Texas"},"content":{"rendered":"<p><a href=\"http:\/\/www.michael-schumacher.es\/noticias-f1\/wp-content\/uploads\/2012\/08\/austin-circuit.jpg\"><img loading=\"lazy\" class=\"alignleft\" title=\"Circuit of the Americas Photo Shoot, Austin, Texas, USA, 14 June 2011.\" src=\"http:\/\/www.michael-schumacher.es\/noticias-f1\/wp-content\/uploads\/2012\/08\/austin-circuit.jpg\" alt=\"\" width=\"200\" height=\"135\" \/><\/a>El Gran Premio de Estados Unidos en Austin, Texas, todav\u00eda no tiene \u00a0garantizada la financiaci\u00f3n, pese a que la fecha de celebraci\u00f3n es el fin de semana del 16 al 18 de noviembre. El \u00a0Circuito de las Am\u00e9ricas est\u00e1 en la etapa final de su construcci\u00f3n, este retraso financiero puede ocasionar graves problemas a los responsables del circuito.<\/p>\n<p><!--more--> <!--noteaser--><\/p>\n<p style=\"text-align: center;\">\u00a0<a href=\"http:\/\/www.michael-schumacher.es\/noticias-f1\/wp-content\/uploads\/2012\/08\/austin-circuit.jpg\"><img loading=\"lazy\" class=\"aligncenter\" title=\"Circuit of the Americas Photo Shoot, Austin, Texas, USA, 14 June 2011.\" src=\"http:\/\/www.michael-schumacher.es\/noticias-f1\/wp-content\/uploads\/2012\/08\/austin-circuit.jpg\" alt=\"\" width=\"576\" height=\"384\" \/><\/a><\/p>\n<p>El Gran Premio de Estados Unidos en Austin, Texas, todav\u00eda no tiene \u00a0garantizada la financiaci\u00f3n, pese a que la fecha de celebraci\u00f3n es el fin de semana del 16 al 18 de noviembre. El \u00a0Circuito de las Am\u00e9ricas est\u00e1 en la etapa final de su construcci\u00f3n, este retraso financiero puede ocasionar graves problemas a los responsables del circuito.<\/p>\n<p>&nbsp;<\/p>\n<p>La carrera de F\u00f3rmula 1 podr\u00eda no recibir los 30 millones de d\u00f3lares acordados de fondos estatales, por no haberse inscrito como evento local. Seg\u00fan los informes, incluso el fiscal general de Texas no est\u00e1 seguro de si los fondos se otorgaran.<\/p>\n<p>&nbsp;<\/p>\n<p>Steve Sexton, presidente del Circuito de las Am\u00e9ricas dijo en unas declaraciones el s\u00e1bado: <strong>\u00abHemos trabajado con la organizaci\u00f3n local comit\u00e9 en el seguimiento del proceso para asegurar ser sede de este evento internacional<\/strong>. \u00ab<\/p>\n<div class=\"sharedaddy sd-sharing-enabled\"><div class=\"robots-nocontent sd-block sd-social sd-social-official sd-sharing\"><h3 class=\"sd-title\">Opciones Sociales:<\/h3><div class=\"sd-content\"><ul><li class=\"share-facebook\"><div class=\"fb-share-button\" data-href=\"http:\/\/www.michael-schumacher.es\/noticias-f1\/2012\/08\/21\/austin-no-tiene-asegurada-la-financiacion-del-gran-premio-de-formula-1-en-texas\/\" data-layout=\"button_count\"><\/div><\/li><li class=\"share-twitter\"><a href=\"https:\/\/twitter.com\/share\" class=\"twitter-share-button\" data-url=\"http:\/\/www.michael-schumacher.es\/noticias-f1\/2012\/08\/21\/austin-no-tiene-asegurada-la-financiacion-del-gran-premio-de-formula-1-en-texas\/\" data-text=\"Austin no tiene asegurada la financiaci\u00f3n del Gran Premio de F\u00f3rmula 1 en Texas\"  >Tweet<\/a><\/li><li class=\"share-email\"><a rel=\"nofollow noopener noreferrer\" data-shared=\"\" class=\"share-email sd-button\" href=\"http:\/\/www.michael-schumacher.es\/noticias-f1\/2012\/08\/21\/austin-no-tiene-asegurada-la-financiacion-del-gran-premio-de-formula-1-en-texas\/?share=email\" target=\"_blank\" title=\"Haz clic para enviar por correo electr\u00f3nico a un amigo\"><span>Correo electr\u00f3nico<\/span><\/a><\/li><li class=\"share-end\"><\/li><\/ul><\/div><\/div><\/div>","protected":false},"excerpt":{"rendered":"<p>El Gran Premio de Estados Unidos en Austin, Texas, todav\u00eda no tiene \u00a0garantizada la financiaci\u00f3n, pese a que la fecha de celebraci\u00f3n es el fin de semana del 16 al 18 de noviembre. El \u00a0Circuito de las Am\u00e9ricas est\u00e1 en la etapa final de su construcci\u00f3n, este retraso financiero puede ocasionar graves problemas a los [&hellip;]<\/p>\n<div class=\"sharedaddy sd-sharing-enabled\"><div class=\"robots-nocontent sd-block sd-social sd-social-official sd-sharing\"><h3 class=\"sd-title\">Opciones Sociales:<\/h3><div class=\"sd-content\"><ul><li class=\"share-facebook\"><div class=\"fb-share-button\" data-href=\"http:\/\/www.michael-schumacher.es\/noticias-f1\/2012\/08\/21\/austin-no-tiene-asegurada-la-financiacion-del-gran-premio-de-formula-1-en-texas\/\" data-layout=\"button_count\"><\/div><\/li><li class=\"share-twitter\"><a href=\"https:\/\/twitter.com\/share\" class=\"twitter-share-button\" data-url=\"http:\/\/www.michael-schumacher.es\/noticias-f1\/2012\/08\/21\/austin-no-tiene-asegurada-la-financiacion-del-gran-premio-de-formula-1-en-texas\/\" data-text=\"Austin no tiene asegurada la financiaci\u00f3n del Gran Premio de F\u00f3rmula 1 en Texas\"  >Tweet<\/a><\/li><li class=\"share-email\"><a rel=\"nofollow noopener noreferrer\" data-shared=\"\" class=\"share-email sd-button\" href=\"http:\/\/www.michael-schumacher.es\/noticias-f1\/2012\/08\/21\/austin-no-tiene-asegurada-la-financiacion-del-gran-premio-de-formula-1-en-texas\/?share=email\" target=\"_blank\" title=\"Haz clic para enviar por correo electr\u00f3nico a un amigo\"><span>Correo electr\u00f3nico<\/span><\/a><\/li><li class=\"share-end\"><\/li><\/ul><\/div><\/div><\/div>","protected":false},"author":3,"featured_media":0,"comment_status":"open","ping_status":"open","sticky":false,"template":"","format":"standard","meta":{"_monsterinsights_skip_tracking":false,"_monsterinsights_sitenote_active":false,"_monsterinsights_sitenote_note":"","_monsterinsights_sitenote_category":0,"spay_email":"","jetpack_publicize_message":"","jetpack_is_tweetstorm":false,"jetpack_publicize_feature_enabled":true},"categories":[3],"tags":[14,703,704,434,17,1077,15,6,1076,846],"jetpack_featured_media_url":"","jetpack_publicize_connections":[],"jetpack_sharing_enabled":true,"jetpack_shortlink":"https:\/\/wp.me\/p27q3P-N7","_links":{"self":[{"href":"http:\/\/www.michael-schumacher.es\/noticias-f1\/wp-json\/wp\/v2\/posts\/3045"}],"collection":[{"href":"http:\/\/www.michael-schumacher.es\/noticias-f1\/wp-json\/wp\/v2\/posts"}],"about":[{"href":"http:\/\/www.michael-schumacher.es\/noticias-f1\/wp-json\/wp\/v2\/types\/post"}],"author":[{"embeddable":true,"href":"http:\/\/www.michael-schumacher.es\/noticias-f1\/wp-json\/wp\/v2\/users\/3"}],"replies":[{"embeddable":true,"href":"http:\/\/www.michael-schumacher.es\/noticias-f1\/wp-json\/wp\/v2\/comments?post=3045"}],"version-history":[{"count":0,"href":"http:\/\/www.michael-schumacher.es\/noticias-f1\/wp-json\/wp\/v2\/posts\/3045\/revisions"}],"wp:attachment":[{"href":"http:\/\/www.michael-schumacher.es\/noticias-f1\/wp-json\/wp\/v2\/media?parent=3045"}],"wp:term":[{"taxonomy":"category","embeddable":true,"href":"http:\/\/www.michael-schumacher.es\/noticias-f1\/wp-json\/wp\/v2\/categories?post=3045"},{"taxonomy":"post_tag","embeddable":true,"href":"http:\/\/www.michael-schumacher.es\/noticias-f1\/wp-json\/wp\/v2\/tags?post=3045"}],"curies":[{"name":"wp","href":"https:\/\/api.w.org\/{rel}","templated":true}]}}