{"id":3060,"date":"2012-08-22T01:46:03","date_gmt":"2012-08-21T23:46:03","guid":{"rendered":"http:\/\/www.michael-schumacher.es\/noticias-f1\/?p=3060"},"modified":"2012-08-22T01:46:03","modified_gmt":"2012-08-21T23:46:03","slug":"jenson-button-ha-adaptado-su-conduccion-a-los-neumaticos","status":"publish","type":"post","link":"http:\/\/www.michael-schumacher.es\/noticias-f1\/2012\/08\/22\/jenson-button-ha-adaptado-su-conduccion-a-los-neumaticos\/","title":{"rendered":"Jenson Button ha adaptado su conducci\u00f3n a los neum\u00e1ticos"},"content":{"rendered":"<p><img loading=\"lazy\" class=\"alignleft\" title=\"McLaren\" src=\"http:\/\/img.michael-schumacher.es\/noticias-f1\/jenson-button\/jenson-button-1-mini.jpg\" alt=\"McLaren\" width=\"202\" height=\"100\" \/>El piloto de McLaren, dijo que su mejora personal se produjo en Valencia, pero fue s\u00f3lo cuando en el Gran Premio alemana con la actualizaci\u00f3n de McLaren, \u00e9l fue capaz de demostrar que hab\u00eda superado sus problemas.<\/p>\n<p><!--more--> <!--noteaser--><\/p>\n<p style=\"text-align: center;\">\u00a0<img loading=\"lazy\" class=\"aligncenter\" title=\"McLaren\" src=\"http:\/\/img.michael-schumacher.es\/noticias-f1\/jenson-button\/jenson-button-1.jpg\" alt=\"\" width=\"605\" height=\"300\" \/><\/p>\n<p>&nbsp;<\/p>\n<p>El piloto de McLaren, dijo que su mejora personal se produjo en Valencia, pero fue s\u00f3lo cuando en el Gran Premio alemana con la actualizaci\u00f3n de McLaren, \u00e9l fue capaz de demostrar que hab\u00eda superado sus problemas.<\/p>\n<p>&nbsp;<\/p>\n<p>Button anot\u00f3 s\u00f3lo siete puntos en seis carreras de F\u00f3rmula 1, y estaba luchando para calificar a\u00fan en el top 10, entre sus segundos puestos en China y Alemania: <strong>\u00abDesde Valencia y el GP de Gran Breta\u00f1a ten\u00eda confianza en el coche y me sent\u00ed como si estuviera haciendo un buen trabajo, simplemente no ten\u00edamos el ritmo como un equipo. Antes de eso, est\u00e1bamos probando cosas nuevas con el coche, y definitivamente no funcion\u00f3, y yo no estaba contento con el equilibrio. Las peores carreras para m\u00ed fueron M\u00f3naco y Canad\u00e1. Eso fue dif\u00edcil, pero cuando has estado corriendo durante tanto tiempo como yo, usted sabe que hay razones para no estar en el ritmo, y creo que hemos resuelto un Muchos de esos temas.\u201d<\/strong><\/p>\n<p>&nbsp;<\/p>\n<p>Para el piloto la ra\u00edz de sus problemas son los neum\u00e1ticos Pirelli que ha llevado al equipo tiempo tomando la direcci\u00f3n equivocada como en\u00a0 M\u00f3naco: <strong>\u00abCreo que [los neum\u00e1ticos] muy dif\u00edciles de entender, por eso hemos intentado algunas cosas nuevas este a\u00f1o en Canad\u00e1 y M\u00f3naco y lugares por el estilo, porque sent\u00ed que ten\u00eda que encontrar la direcci\u00f3n un poco m\u00e1s con los neum\u00e1ticos, y lo que intentamos definitivamente no funcion\u00f3. As\u00ed que volvimos a lo que ten\u00edamos al inicio del a\u00f1o en Valencia, y fue entonces cuando empezamos a ser m\u00e1s competitivos en cuanto a m\u00ed en el equipo es m\u00e1s competitivo, no en comparaci\u00f3n con Ferrari y Mercedes y Red Bull, pero comparado con Lewis Hamilton\u00bb.<\/strong><\/p>\n<p>&nbsp;<\/p>\n<p>En opini\u00f3n de Jenson Button que el mantenimiento de los Pirelli en la ventana de operaci\u00f3n correcto ha sido el problema principal, su famoso estilo suave no siempre se ajusta: <strong>\u00abLa mayor\u00eda de los problemas de este a\u00f1o suceder\u00e1 cuando usted no est\u00e1 en el rango correcto de los neum\u00e1ticos eso es una dificultad. Usted intenta manejar con delicadeza para tratarlos bien y salen de las ventanas, se acaba por da\u00f1ar el neum\u00e1tico m\u00e1s que si se mantienen en el rango y eres agresivo con el neum\u00e1tico. Ha sido muy dif\u00edcil, especialmente para m\u00ed, porque mi estilo de conducci\u00f3n inicialmente no se ajustaba a los neum\u00e1ticos &#8211; He tenido que adaptarme. El coche, si te dan la temperatura en los neum\u00e1ticos y el funcionamiento neum\u00e1ticos, es bueno en cualquier condici\u00f3n &#8211; el problema es que si no conseguimos la temperatura no estamos bien, lo que es comprensible.\u00bb<\/strong><\/p>\n<div class=\"sharedaddy sd-sharing-enabled\"><div class=\"robots-nocontent sd-block sd-social sd-social-official sd-sharing\"><h3 class=\"sd-title\">Opciones Sociales:<\/h3><div class=\"sd-content\"><ul><li class=\"share-facebook\"><div class=\"fb-share-button\" data-href=\"http:\/\/www.michael-schumacher.es\/noticias-f1\/2012\/08\/22\/jenson-button-ha-adaptado-su-conduccion-a-los-neumaticos\/\" data-layout=\"button_count\"><\/div><\/li><li class=\"share-twitter\"><a href=\"https:\/\/twitter.com\/share\" class=\"twitter-share-button\" data-url=\"http:\/\/www.michael-schumacher.es\/noticias-f1\/2012\/08\/22\/jenson-button-ha-adaptado-su-conduccion-a-los-neumaticos\/\" data-text=\"Jenson Button ha adaptado su conducci\u00f3n a los neum\u00e1ticos\"  >Tweet<\/a><\/li><li class=\"share-email\"><a rel=\"nofollow noopener noreferrer\" data-shared=\"\" class=\"share-email sd-button\" href=\"http:\/\/www.michael-schumacher.es\/noticias-f1\/2012\/08\/22\/jenson-button-ha-adaptado-su-conduccion-a-los-neumaticos\/?share=email\" target=\"_blank\" title=\"Haz clic para enviar por correo electr\u00f3nico a un amigo\"><span>Correo electr\u00f3nico<\/span><\/a><\/li><li class=\"share-end\"><\/li><\/ul><\/div><\/div><\/div>","protected":false},"excerpt":{"rendered":"<p>El piloto de McLaren, dijo que su mejora personal se produjo en Valencia, pero fue s\u00f3lo cuando en el Gran Premio alemana con la actualizaci\u00f3n de McLaren, \u00e9l fue capaz de demostrar que hab\u00eda superado sus problemas.<\/p>\n<div class=\"sharedaddy sd-sharing-enabled\"><div class=\"robots-nocontent sd-block sd-social sd-social-official sd-sharing\"><h3 class=\"sd-title\">Opciones Sociales:<\/h3><div class=\"sd-content\"><ul><li class=\"share-facebook\"><div class=\"fb-share-button\" data-href=\"http:\/\/www.michael-schumacher.es\/noticias-f1\/2012\/08\/22\/jenson-button-ha-adaptado-su-conduccion-a-los-neumaticos\/\" data-layout=\"button_count\"><\/div><\/li><li class=\"share-twitter\"><a href=\"https:\/\/twitter.com\/share\" class=\"twitter-share-button\" data-url=\"http:\/\/www.michael-schumacher.es\/noticias-f1\/2012\/08\/22\/jenson-button-ha-adaptado-su-conduccion-a-los-neumaticos\/\" data-text=\"Jenson Button ha adaptado su conducci\u00f3n a los neum\u00e1ticos\"  >Tweet<\/a><\/li><li class=\"share-email\"><a rel=\"nofollow noopener noreferrer\" data-shared=\"\" class=\"share-email sd-button\" href=\"http:\/\/www.michael-schumacher.es\/noticias-f1\/2012\/08\/22\/jenson-button-ha-adaptado-su-conduccion-a-los-neumaticos\/?share=email\" target=\"_blank\" title=\"Haz clic para enviar por correo electr\u00f3nico a un amigo\"><span>Correo electr\u00f3nico<\/span><\/a><\/li><li class=\"share-end\"><\/li><\/ul><\/div><\/div><\/div>","protected":false},"author":3,"featured_media":0,"comment_status":"open","ping_status":"open","sticky":false,"template":"","format":"standard","meta":{"_monsterinsights_skip_tracking":false,"_monsterinsights_sitenote_active":false,"_monsterinsights_sitenote_note":"","_monsterinsights_sitenote_category":0,"spay_email":"","jetpack_publicize_message":"","jetpack_is_tweetstorm":false,"jetpack_publicize_feature_enabled":true},"categories":[3],"tags":[14,1081,13,565,1080,730,17,15,12,892,223,185,192,91],"jetpack_featured_media_url":"","jetpack_publicize_connections":[],"jetpack_sharing_enabled":true,"jetpack_shortlink":"https:\/\/wp.me\/p27q3P-Nm","_links":{"self":[{"href":"http:\/\/www.michael-schumacher.es\/noticias-f1\/wp-json\/wp\/v2\/posts\/3060"}],"collection":[{"href":"http:\/\/www.michael-schumacher.es\/noticias-f1\/wp-json\/wp\/v2\/posts"}],"about":[{"href":"http:\/\/www.michael-schumacher.es\/noticias-f1\/wp-json\/wp\/v2\/types\/post"}],"author":[{"embeddable":true,"href":"http:\/\/www.michael-schumacher.es\/noticias-f1\/wp-json\/wp\/v2\/users\/3"}],"replies":[{"embeddable":true,"href":"http:\/\/www.michael-schumacher.es\/noticias-f1\/wp-json\/wp\/v2\/comments?post=3060"}],"version-history":[{"count":0,"href":"http:\/\/www.michael-schumacher.es\/noticias-f1\/wp-json\/wp\/v2\/posts\/3060\/revisions"}],"wp:attachment":[{"href":"http:\/\/www.michael-schumacher.es\/noticias-f1\/wp-json\/wp\/v2\/media?parent=3060"}],"wp:term":[{"taxonomy":"category","embeddable":true,"href":"http:\/\/www.michael-schumacher.es\/noticias-f1\/wp-json\/wp\/v2\/categories?post=3060"},{"taxonomy":"post_tag","embeddable":true,"href":"http:\/\/www.michael-schumacher.es\/noticias-f1\/wp-json\/wp\/v2\/tags?post=3060"}],"curies":[{"name":"wp","href":"https:\/\/api.w.org\/{rel}","templated":true}]}}